{"id":255650,"date":"2025-02-26T16:00:00","date_gmt":"2025-02-26T15:00:00","guid":{"rendered":"https:\/\/www.tucomarca.com\/wordpress\/segunda\/?p=255650"},"modified":"2025-02-26T20:15:19","modified_gmt":"2025-02-26T19:15:19","slug":"la-diputacio-de-valencia-exige-al-gobierno-que-los-municipios-afectados-por-la-dana-puedan-acogerse-a-la-contratacion-de-emergencia","status":"publish","type":"post","link":"https:\/\/www.tucomarca.com\/wordpress\/segunda\/la-diputacio-de-valencia-exige-al-gobierno-que-los-municipios-afectados-por-la-dana-puedan-acogerse-a-la-contratacion-de-emergencia\/","title":{"rendered":"La Diputaci\u00f3 de Val\u00e8ncia exige al Gobierno que los municipios afectados por la DANA puedan acogerse a la contrataci\u00f3n de emergencia\u00a0"},"content":{"rendered":"\n<h3 class=\"wp-block-heading\"><strong>Momp\u00f3: \u201cNo tiene sentido recibir fondos si luego no hay plazos viables para ejecutarlos; necesitamos agilidad para reconstruir cuanto antes nuestros pueblos\u201d<\/strong>.<\/h3>\n\n\n\n<p>El presidente de la Diputaci\u00f3 de Val\u00e8ncia, Vicent Momp\u00f3, ha solicitado formalmente al Gobierno central que habilite la contrataci\u00f3n de emergencia para los municipios afectados por la \u00faltima dana que azot\u00f3 la provincia. A trav\u00e9s de sendas cartas dirigidas al ministro de la Presidencia, F\u00e9lix Bola\u00f1os, y al Comisionado del Gobierno para la Reconstrucci\u00f3n, Jos\u00e9 Mar\u00eda \u00c1ngel, Momp\u00f3 ha advertido de que \u201clos ayuntamientos est\u00e1n recibiendo fondos para reparar los da\u00f1os sufridos, pero las trabas burocr\u00e1ticas y los plazos que imponen las convocatorias hacen que sea pr\u00e1cticamente imposible ejecutarlos a tiempo. Si no se cambia la normativa, muchos municipios se ver\u00e1n obligados a devolver el dinero, incluso con intereses, lo cual es una injusticia absoluta\u201d.<\/p>\n\n\n\n<p>En este sentido, el presidente advierte que la actual legislaci\u00f3n no contempla una v\u00eda \u00e1gil para la ejecuci\u00f3n de los fondos en situaciones de cat\u00e1strofe natural. \u201cEstamos ante una situaci\u00f3n excepcional que requiere medidas excepcionales. No podemos pretender reconstruir nuestros pueblos con procedimientos que, en circunstancias normales, ya suponen meses de espera. Hablamos de caminos intransitables, carreteras cortadas, infraestructuras da\u00f1adas y vecinos que necesitan soluciones inmediatas. No podemos permitirnos que la burocracia paralice la recuperaci\u00f3n\u201d, ha se\u00f1alado Momp\u00f3.<\/p>\n\n\n\n<p>El presidente provincial ha recordado que en situaciones de crisis previas, como la pandemia de la COVID-19, el Estado habilit\u00f3 mecanismos de emergencia que permitieron agilizar la contrataci\u00f3n p\u00fablica en todos aquellos proyectos vinculados a la gesti\u00f3n sanitaria. \u201cSi en aquel momento se entendi\u00f3 que la urgencia justificaba medidas extraordinarias, \u00bfpor qu\u00e9 ahora no se aplica el mismo criterio? No pedimos privilegios, pedimos coherencia. La reconstrucci\u00f3n de nuestros municipios es tan prioritaria como lo fue en su d\u00eda la gesti\u00f3n de la crisis sanitaria\u201d, ha insistido.<\/p>\n\n\n\n<p>Momp\u00f3 ha subrayado que el problema no es solo que los ayuntamientos no puedan gastar los fondos con la rapidez que requieren las circunstancias, sino que, adem\u00e1s, el marco legal actual les obliga a devolverlos si no se ejecutan dentro de los plazos fijados. \u201cEs absurdo que, despu\u00e9s del esfuerzo de todas las administraciones para conseguir estos recursos, acabemos perdi\u00e9ndolos simplemente porque el sistema no ofrece herramientas para utilizarlos a tiempo. Esto es un lastre injusto para los municipios afectados y tambi\u00e9n para la Diputaci\u00f3n, que est\u00e1 haciendo todo lo posible para canalizar la ayuda de forma eficiente\u201d, ha declarado.<\/p>\n\n\n\n<p>Por ello, desde la corporaci\u00f3n provincial se pide que el Gobierno central apruebe de manera inmediata una disposici\u00f3n que permita a los municipios y a la Diputaci\u00f3n acogerse a la contrataci\u00f3n de emergencia con plenas garant\u00edas legales. \u201cNo se trata solo de permitir una mayor flexibilidad, sino de asegurar que los recursos destinados a la reconstrucci\u00f3n puedan emplearse de manera efectiva\u201d, ha remarcado el presidente de la Diputaci\u00f3n.<\/p>\n\n\n\n<p>Momp\u00f3 ha asegurado que la Diputaci\u00f3 de Val\u00e8ncia seguir\u00e1 defendiendo a los municipios afectados y trabajando para que ning\u00fan ayuntamiento tenga que renunciar a los fondos por falta de herramientas administrativas. \u201cDesde el primer momento hemos estado junto a nuestros pueblos, acompa\u00f1\u00e1ndolos en la gesti\u00f3n de esta cat\u00e1strofe. Ahora, necesitamos que el Gobierno de Espa\u00f1a est\u00e9 a la altura y tome decisiones que realmente sirvan para solucionar los problemas, no para complicarlos a\u00fan m\u00e1s\u201d, ha concluido.<\/p>\n","protected":false},"excerpt":{"rendered":"<div class=\"mh-excerpt\">Momp\u00f3: \u201cNo tiene sentido recibir fondos si luego no hay plazos viables para ejecutarlos; necesitamos agilidad para reconstruir cuanto antes nuestros pueblos\u201d. El presidente de la Diputaci\u00f3 de Val\u00e8ncia, Vicent Momp\u00f3, ha solicitado formalmente al <a class=\"mh-excerpt-more\" href=\"https:\/\/www.tucomarca.com\/wordpress\/segunda\/la-diputacio-de-valencia-exige-al-gobierno-que-los-municipios-afectados-por-la-dana-puedan-acogerse-a-la-contratacion-de-emergencia\/\" title=\"La Diputaci\u00f3 de Val\u00e8ncia exige al Gobierno que los municipios afectados por la DANA puedan acogerse a la contrataci\u00f3n de emergencia\u00a0\">[+] <\/a><\/div>\n","protected":false},"author":13,"featured_media":255655,"comment_status":"open","ping_status":"open","sticky":false,"template":"","format":"standard","meta":{"footnotes":""},"categories":[21465,128,8,72,117,142,3,116,45],"tags":[12831,2142,20938],"class_list":{"0":"post-255650","1":"post","2":"type-post","3":"status-publish","4":"format-standard","5":"has-post-thumbnail","7":"category-dana","8":"category-infraestructuras","9":"category-la-comarca","10":"category-sin-categorizar","11":"category-medio-ambiente-la-comarca","12":"category-politica-la-comarca","13":"category-seccion","14":"category-sucesos-la-comarca","15":"category-ventana","16":"tag-dana-2","17":"tag-la-comunitat","18":"tag-la-diputacio-de-valencia"},"_links":{"self":[{"href":"https:\/\/www.tucomarca.com\/wordpress\/segunda\/wp-json\/wp\/v2\/posts\/255650","targetHints":{"allow":["GET"]}}],"collection":[{"href":"https:\/\/www.tucomarca.com\/wordpress\/segunda\/wp-json\/wp\/v2\/posts"}],"about":[{"href":"https:\/\/www.tucomarca.com\/wordpress\/segunda\/wp-json\/wp\/v2\/types\/post"}],"author":[{"embeddable":true,"href":"https:\/\/www.tucomarca.com\/wordpress\/segunda\/wp-json\/wp\/v2\/users\/13"}],"replies":[{"embeddable":true,"href":"https:\/\/www.tucomarca.com\/wordpress\/segunda\/wp-json\/wp\/v2\/comments?post=255650"}],"version-history":[{"count":0,"href":"https:\/\/www.tucomarca.com\/wordpress\/segunda\/wp-json\/wp\/v2\/posts\/255650\/revisions"}],"wp:featuredmedia":[{"embeddable":true,"href":"https:\/\/www.tucomarca.com\/wordpress\/segunda\/wp-json\/wp\/v2\/media\/255655"}],"wp:attachment":[{"href":"https:\/\/www.tucomarca.com\/wordpress\/segunda\/wp-json\/wp\/v2\/media?parent=255650"}],"wp:term":[{"taxonomy":"category","embeddable":true,"href":"https:\/\/www.tucomarca.com\/wordpress\/segunda\/wp-json\/wp\/v2\/categories?post=255650"},{"taxonomy":"post_tag","embeddable":true,"href":"https:\/\/www.tucomarca.com\/wordpress\/segunda\/wp-json\/wp\/v2\/tags?post=255650"}],"curies":[{"name":"wp","href":"https:\/\/api.w.org\/{rel}","templated":true}]}}