{"id":255909,"date":"2025-02-27T12:00:00","date_gmt":"2025-02-27T11:00:00","guid":{"rendered":"https:\/\/www.tucomarca.com\/wordpress\/segunda\/?p=255909"},"modified":"2025-02-27T19:44:25","modified_gmt":"2025-02-27T18:44:25","slug":"la-diputacio-aprueba-nuevas-inversiones-por-valor-de-12-millones-en-tous-alzira-carlet-lenova-y-fortaleny","status":"publish","type":"post","link":"https:\/\/www.tucomarca.com\/wordpress\/segunda\/la-diputacio-aprueba-nuevas-inversiones-por-valor-de-12-millones-en-tous-alzira-carlet-lenova-y-fortaleny\/","title":{"rendered":"La Diputaci\u00f3 aprueba nuevas inversiones por valor de 1,2 millones en Tous, Alzira, Carlet, L&#8217;\u00c9nova y Fortaleny"},"content":{"rendered":"\n<h3 class=\"wp-block-heading\"><strong>La comarca de la Ribera Alta tiene seis proyectos aprobados en febrero presentados por cuatro municipios, mientras que Fortaleny acumula las dos solicitudes presentadas en la Ribera Baixa en el marco del Pla Obert<\/strong>.<\/h3>\n\n\n\n<h3 class=\"wp-block-heading\"><strong>La vicepresidenta Nat\u00e0lia Enguix destaca el ritmo de presentaci\u00f3n de proyectos en un plan cuatrienal con 350 millones de euros que ya ha dado luz verde a 300 solicitudes por valor de algo m\u00e1s de 45 millones<\/strong>.<\/h3>\n\n\n\n<h3 class=\"wp-block-heading\"><strong>Enguix pone en valor \u201clas mejoras en instalaciones deportivas, espacios verdes y el ciclo integral del agua, que son algunas de las actuaciones que incentivamos por su importancia para la calidad de vida de las personas\u201d<\/strong>.<\/h3>\n\n\n\n<p>Cuatro municipios de la Ribera Alta y uno de la Ribera Baixa han recibido el visto bueno de la Diputaci\u00f3n a las solicitudes presentadas en el marco del Pla Obert, el principal programa inversor de la corporaci\u00f3n provincial. En conjunto, han sido aprobados ocho proyectos con una inversi\u00f3n global de 1.156.302 euros, de los 66,6 millones que tienen asignados ambas comarcas en el plan que coordina el \u00e1rea de Cooperaci\u00f3n Municipal y la vicepresidenta primera, Nat\u00e0lia Enguix. La principal novedad del programa es que no existen plazos y las actuaciones propuestas se van presentando de forma continua, facilitando su ejecuci\u00f3n.<\/p>\n\n\n\n<p>La Diputaci\u00f3 de Val\u00e8ncia ha dado luz verde en febrero a dos nuevos decretos del Pla Obert, que constan de 44 proyectos presentados por 36 municipios de todas las comarcas, con una inversi\u00f3n de 7.622.962 euros. Las recientes entregas del plan, con una dotaci\u00f3n cuatrienal de 350 millones de euros, \u201cincluyen importantes actuaciones en materia de agua, urbanismo, instalaciones deportivas, espacios verdes y movilidad sostenible, lo que demuestra la responsabilidad de alcaldes y alcaldesas a la hora de destinar el dinero del plan a mejorar sus servicios e infraestructuras\u201d, destaca la vicepresidenta Nat\u00e0lia Enguix.<\/p>\n\n\n\n<p>El desglose de los nuevos decretos en el \u00e1mbito de la provincia deja 13 actuaciones de mejora de instalaciones deportivas; ocho en el ciclo integral del agua; siete en parques y zonas verdes, y otras en \u00e1mbitos diversos como el urbanismo, la eficiencia energ\u00e9tica, la movilidad sostenible o la adquisici\u00f3n de inmuebles y veh\u00edculos para uso local. \u201cLos ayuntamientos invierten en proyectos que incentivamos desde la Diputaci\u00f3n por su relevancia para la calidad de vida de las vecinas y vecinos de nuestros pueblos\u201d, explica Enguix, quien pone como ejemplo \u201clas redes de agua potable, la depuraci\u00f3n, los espacios verdes, las nuevas energ\u00edas y los complejos deportivos como base del desarrollo sostenible que debemos proteger desde las instituciones\u201d.<\/p>\n\n\n\n<p>Por su parte, el presidente de la Diputaci\u00f3n, Vicent Momp\u00f3, muestra su satisfacci\u00f3n por la implantaci\u00f3n del Pla Obert, que desde su puesta en marcha a finales de abril de 2024 ha aprobado un total de 299 proyectos presentados por municipios de todas las comarcas, con una inversi\u00f3n global de 45,1 millones de euros. \u201cEstamos consiguiendo que los ayuntamientos aprovechen las facilidades del plan, con el tiempo suficiente para presentar sus solicitudes y poderlas ejecutar. Era una de las asignaturas pendientes de los planes de inversi\u00f3n y hemos reforzado ese acompa\u00f1amiento en los procesos para que el dinero se quede en los municipios\u201d.<\/p>\n\n\n\n<p>El Pla Obert de la Diputaci\u00f3n es un programa progresivo, que tiene previsto incrementar la inversi\u00f3n y los proyectos presentados seg\u00fan avance la legislatura, \u201cpermitiendo a los alcaldes y alcaldesas definir bien sus propuestas y atender necesidades sobrevenidas, como ha sido la dana\u201d, se\u00f1ala la responsable de Cooperaci\u00f3n Municipal. En este sentido, la Diputaci\u00f3n ha incorporado a las cuentas de 2025 una partida de 105 millones de euros para subvencionar los proyectos del Pla Obert, casi una tercera parte de la dotaci\u00f3n total del plan, recuerda Nat\u00e0lia Enguix.&nbsp;<\/p>\n\n\n\n<p><strong>Proyectos aprobados en la Ribera<\/strong><\/p>\n\n\n\n<p>Las actuaciones aprobadas en la comarca de la Ribera Alta son la rehabilitaci\u00f3n y reforma del Asilo San Jos\u00e9 de L\u2019\u00c9nova para servicios municipales, ayuntamiento, biblioteca y museo (278.000 euros); la remodelaci\u00f3n de tres zonas de juegos infantiles en las plazas Perfecto Garc\u00eda Chornet y Joan Fuster y la Avenida Blasco Ib\u00e1\u00f1ez de Carlet (360.000 euros); la promoci\u00f3n de la movilidad peatonal y el calmado del tr\u00e1fico en la plaza Alacant de Alzira (300.000 euros); y en Tous, el acondicionamiento del jard\u00edn de la avenida Ribera Alta (42.000 euros), la mejora de las aceras de la plaza Espa\u00f1a (51.000 euros) y la rehabilitaci\u00f3n del firme en las calles Nuestra Se\u00f1ora de Gracia y Cervantes (36.000 euros).<\/p>\n\n\n\n<p>Fortaleny concentra las dos actuaciones aprobadas en la Ribera Baixa, con una inversi\u00f3n cercana a los 90.000 euros. Ambos proyectos consisten en la adquisici\u00f3n de bienes inmuebles en el pol\u00edgono, en concreto las parcelas 29 y 119 para destinarlas a la ampliaci\u00f3n de la zona recreativa, deportiva y cultural del municipio.<\/p>\n\n\n\n<p>La vicepresidenta Enguix recuerda que los municipios con afectaci\u00f3n por la dana, los 100 incluidos en el listado de la Generalitat, \u201cpueden invertir el dinero del plan en proyectos vinculados a la reconstrucci\u00f3n, sin necesidad de respetar los porcentajes establecidos en cuanto a actuaciones del ciclo del agua, zonas verdes e instalaciones deportivas\u201d. El presidente Momp\u00f3 insiste en la proximidad de la instituci\u00f3n con los 266 municipios y las tres entidades locales menores de la provincia: \u201cnos hemos marcado el reto de acompa\u00f1ar a todos los ayuntamientos en el camino que les toca recorrer, sea el del retorno a la normalidad o el de dar forma a los pueblos con los que han so\u00f1ado para las personas que los habitan\u201d.<\/p>\n","protected":false},"excerpt":{"rendered":"<div class=\"mh-excerpt\">La comarca de la Ribera Alta tiene seis proyectos aprobados en febrero presentados por cuatro municipios, mientras que Fortaleny acumula las dos solicitudes presentadas en la Ribera Baixa en el marco del Pla Obert. La <a class=\"mh-excerpt-more\" href=\"https:\/\/www.tucomarca.com\/wordpress\/segunda\/la-diputacio-aprueba-nuevas-inversiones-por-valor-de-12-millones-en-tous-alzira-carlet-lenova-y-fortaleny\/\" title=\"La Diputaci\u00f3 aprueba nuevas inversiones por valor de 1,2 millones en Tous, Alzira, Carlet, L&#8217;\u00c9nova y Fortaleny\">[+] <\/a><\/div>\n","protected":false},"author":13,"featured_media":255910,"comment_status":"open","ping_status":"open","sticky":false,"template":"","format":"standard","meta":{"footnotes":""},"categories":[20519,128,8,20455,42,142,3,159,45],"tags":[10402,10462,20513,21083,3640,13755],"class_list":{"0":"post-255909","1":"post","2":"type-post","3":"status-publish","4":"format-standard","5":"has-post-thumbnail","7":"category-cooperacion-municipal","8":"category-infraestructuras","9":"category-la-comarca","10":"category-la-diputacio-de-valencia-informa","11":"category-la-ribera","12":"category-politica-la-comarca","13":"category-seccion","14":"category-tous","15":"category-ventana","16":"tag-alzira","17":"tag-carlet","18":"tag-cooperacion-municipal","19":"tag-la-diputacio-en-las-comarcas","20":"tag-la-ribera-alta","21":"tag-tous"},"_links":{"self":[{"href":"https:\/\/www.tucomarca.com\/wordpress\/segunda\/wp-json\/wp\/v2\/posts\/255909","targetHints":{"allow":["GET"]}}],"collection":[{"href":"https:\/\/www.tucomarca.com\/wordpress\/segunda\/wp-json\/wp\/v2\/posts"}],"about":[{"href":"https:\/\/www.tucomarca.com\/wordpress\/segunda\/wp-json\/wp\/v2\/types\/post"}],"author":[{"embeddable":true,"href":"https:\/\/www.tucomarca.com\/wordpress\/segunda\/wp-json\/wp\/v2\/users\/13"}],"replies":[{"embeddable":true,"href":"https:\/\/www.tucomarca.com\/wordpress\/segunda\/wp-json\/wp\/v2\/comments?post=255909"}],"version-history":[{"count":0,"href":"https:\/\/www.tucomarca.com\/wordpress\/segunda\/wp-json\/wp\/v2\/posts\/255909\/revisions"}],"wp:featuredmedia":[{"embeddable":true,"href":"https:\/\/www.tucomarca.com\/wordpress\/segunda\/wp-json\/wp\/v2\/media\/255910"}],"wp:attachment":[{"href":"https:\/\/www.tucomarca.com\/wordpress\/segunda\/wp-json\/wp\/v2\/media?parent=255909"}],"wp:term":[{"taxonomy":"category","embeddable":true,"href":"https:\/\/www.tucomarca.com\/wordpress\/segunda\/wp-json\/wp\/v2\/categories?post=255909"},{"taxonomy":"post_tag","embeddable":true,"href":"https:\/\/www.tucomarca.com\/wordpress\/segunda\/wp-json\/wp\/v2\/tags?post=255909"}],"curies":[{"name":"wp","href":"https:\/\/api.w.org\/{rel}","templated":true}]}}