{"id":256171,"date":"2025-03-03T09:30:00","date_gmt":"2025-03-03T08:30:00","guid":{"rendered":"https:\/\/www.tucomarca.com\/wordpress\/segunda\/?p=256171"},"modified":"2025-03-03T18:33:44","modified_gmt":"2025-03-03T17:33:44","slug":"fotogaleria-la-escuela-de-danza-urbana-luis-ayllon-triunfa-en-el-campeonato-vive-tu-sueno","status":"publish","type":"post","link":"https:\/\/www.tucomarca.com\/wordpress\/segunda\/fotogaleria-la-escuela-de-danza-urbana-luis-ayllon-triunfa-en-el-campeonato-vive-tu-sueno\/","title":{"rendered":"Fotogaler\u00eda:  La Escuela de Danza Urbana Luis Ayll\u00f3n triunfa en el Campeonato &#8216;Vive tu Sue\u00f1o&#8217;"},"content":{"rendered":"\n<p>La Escuela de Danza Urbana Luis Ayll\u00f3n de la SM La Art\u00edstica de Bu\u00f1ol ha cosechado un nuevo \u00e9xito en la Fase del Mediterr\u00e1neo del Campeonato \u00abVive tu Sue\u00f1o\u00bb.<\/p>\n\n\n\n<p>El grupo Infantil logr\u00f3 un tercer puesto, mientras que el grupo Cadete en categor\u00eda Rookie y el grupo Juvenil en categor\u00eda Avanzada consiguieron el primer puesto en sus respectivas modalidades.<\/p>\n\n\n\n<p>En la categor\u00eda de parejas, destacaron <strong>Laia Lambies y Grecia Fern\u00e1ndez<\/strong>, quienes ofrecieron un gran espect\u00e1culo. Adem\u00e1s, <strong>Mar Carrascosa y Nerea Robledo<\/strong>, junto con <strong>Irene Galarza y Laura Perell\u00f3<\/strong>, fueron reconocidas con una <strong>Menci\u00f3n especial del jurado<\/strong>.<\/p>\n\n\n\n<p>En la categor\u00eda individual, <strong>Eva Gim\u00e9nez y Nerea Robledo<\/strong> deslumbraron con su talento, mientras que <strong>Alma Sof\u00eda da Costa<\/strong> recibi\u00f3 la <strong>Menci\u00f3n de honor del jurado<\/strong>.<\/p>\n\n\n\n<p>Gracias a estos resultados, la escuela se ha clasificado para la Fase Nacional del campeonato, que se celebrar\u00e1 en \u00c1vila el pr\u00f3ximo mayo. \u00a1Enhorabuena a todas las participantes!<\/p>\n\n\n\n<figure class=\"wp-block-gallery has-nested-images columns-2 is-cropped wp-block-gallery-1 is-layout-flex wp-block-gallery-is-layout-flex\">\n<figure class=\"wp-block-image size-large\"><img loading=\"lazy\" decoding=\"async\" width=\"1024\" height=\"886\" data-id=\"256173\" src=\"https:\/\/www.tucomarca.com\/wordpress\/segunda\/wp-content\/uploads\/2025\/03\/BunolDanzaUrbana02-1024x886.jpg\" alt=\"\" class=\"wp-image-256173\" srcset=\"https:\/\/www.tucomarca.com\/wordpress\/segunda\/wp-content\/uploads\/2025\/03\/BunolDanzaUrbana02-1024x886.jpg 1024w, https:\/\/www.tucomarca.com\/wordpress\/segunda\/wp-content\/uploads\/2025\/03\/BunolDanzaUrbana02-300x260.jpg 300w, https:\/\/www.tucomarca.com\/wordpress\/segunda\/wp-content\/uploads\/2025\/03\/BunolDanzaUrbana02-768x665.jpg 768w, https:\/\/www.tucomarca.com\/wordpress\/segunda\/wp-content\/uploads\/2025\/03\/BunolDanzaUrbana02.jpg 1440w\" sizes=\"auto, (max-width: 1024px) 100vw, 1024px\" \/><\/figure>\n\n\n\n<figure class=\"wp-block-image size-large\"><img loading=\"lazy\" decoding=\"async\" width=\"1024\" height=\"576\" data-id=\"256189\" src=\"https:\/\/www.tucomarca.com\/wordpress\/segunda\/wp-content\/uploads\/2025\/03\/BunolDanzaUrbana01-1024x576.jpg\" alt=\"\" class=\"wp-image-256189\" srcset=\"https:\/\/www.tucomarca.com\/wordpress\/segunda\/wp-content\/uploads\/2025\/03\/BunolDanzaUrbana01-1024x576.jpg 1024w, https:\/\/www.tucomarca.com\/wordpress\/segunda\/wp-content\/uploads\/2025\/03\/BunolDanzaUrbana01-300x169.jpg 300w, https:\/\/www.tucomarca.com\/wordpress\/segunda\/wp-content\/uploads\/2025\/03\/BunolDanzaUrbana01-768x432.jpg 768w, https:\/\/www.tucomarca.com\/wordpress\/segunda\/wp-content\/uploads\/2025\/03\/BunolDanzaUrbana01-678x381.jpg 678w, https:\/\/www.tucomarca.com\/wordpress\/segunda\/wp-content\/uploads\/2025\/03\/BunolDanzaUrbana01.jpg 1440w\" sizes=\"auto, (max-width: 1024px) 100vw, 1024px\" \/><\/figure>\n\n\n\n<figure class=\"wp-block-image size-large\"><img loading=\"lazy\" decoding=\"async\" width=\"900\" height=\"840\" data-id=\"256179\" src=\"https:\/\/www.tucomarca.com\/wordpress\/segunda\/wp-content\/uploads\/2025\/03\/BunolDanzaUrbana05.jpg\" alt=\"\" class=\"wp-image-256179\" srcset=\"https:\/\/www.tucomarca.com\/wordpress\/segunda\/wp-content\/uploads\/2025\/03\/BunolDanzaUrbana05.jpg 900w, https:\/\/www.tucomarca.com\/wordpress\/segunda\/wp-content\/uploads\/2025\/03\/BunolDanzaUrbana05-300x280.jpg 300w, https:\/\/www.tucomarca.com\/wordpress\/segunda\/wp-content\/uploads\/2025\/03\/BunolDanzaUrbana05-768x717.jpg 768w\" sizes=\"auto, (max-width: 900px) 100vw, 900px\" \/><\/figure>\n\n\n\n<figure class=\"wp-block-image size-large\"><img loading=\"lazy\" decoding=\"async\" width=\"1024\" height=\"768\" data-id=\"256185\" src=\"https:\/\/www.tucomarca.com\/wordpress\/segunda\/wp-content\/uploads\/2025\/03\/BunolDanzaUrbana08-1024x768.jpg\" alt=\"\" class=\"wp-image-256185\" srcset=\"https:\/\/www.tucomarca.com\/wordpress\/segunda\/wp-content\/uploads\/2025\/03\/BunolDanzaUrbana08-1024x768.jpg 1024w, https:\/\/www.tucomarca.com\/wordpress\/segunda\/wp-content\/uploads\/2025\/03\/BunolDanzaUrbana08-300x225.jpg 300w, https:\/\/www.tucomarca.com\/wordpress\/segunda\/wp-content\/uploads\/2025\/03\/BunolDanzaUrbana08-768x576.jpg 768w, https:\/\/www.tucomarca.com\/wordpress\/segunda\/wp-content\/uploads\/2025\/03\/BunolDanzaUrbana08-678x509.jpg 678w, https:\/\/www.tucomarca.com\/wordpress\/segunda\/wp-content\/uploads\/2025\/03\/BunolDanzaUrbana08-326x245.jpg 326w, https:\/\/www.tucomarca.com\/wordpress\/segunda\/wp-content\/uploads\/2025\/03\/BunolDanzaUrbana08-80x60.jpg 80w, https:\/\/www.tucomarca.com\/wordpress\/segunda\/wp-content\/uploads\/2025\/03\/BunolDanzaUrbana08.jpg 1440w\" sizes=\"auto, (max-width: 1024px) 100vw, 1024px\" \/><\/figure>\n\n\n\n<figure class=\"wp-block-image size-large\"><img loading=\"lazy\" decoding=\"async\" width=\"576\" height=\"1024\" data-id=\"256183\" src=\"https:\/\/www.tucomarca.com\/wordpress\/segunda\/wp-content\/uploads\/2025\/03\/BunolDanzaUrbana07-576x1024.jpg\" alt=\"\" class=\"wp-image-256183\" srcset=\"https:\/\/www.tucomarca.com\/wordpress\/segunda\/wp-content\/uploads\/2025\/03\/BunolDanzaUrbana07-576x1024.jpg 576w, https:\/\/www.tucomarca.com\/wordpress\/segunda\/wp-content\/uploads\/2025\/03\/BunolDanzaUrbana07-169x300.jpg 169w, https:\/\/www.tucomarca.com\/wordpress\/segunda\/wp-content\/uploads\/2025\/03\/BunolDanzaUrbana07-768x1365.jpg 768w, https:\/\/www.tucomarca.com\/wordpress\/segunda\/wp-content\/uploads\/2025\/03\/BunolDanzaUrbana07.jpg 810w\" sizes=\"auto, (max-width: 576px) 100vw, 576px\" \/><\/figure>\n\n\n\n<figure class=\"wp-block-image size-large\"><img loading=\"lazy\" decoding=\"async\" width=\"768\" height=\"1024\" data-id=\"256181\" src=\"https:\/\/www.tucomarca.com\/wordpress\/segunda\/wp-content\/uploads\/2025\/03\/BunolDanzaUrbana06-768x1024.jpg\" alt=\"\" class=\"wp-image-256181\" srcset=\"https:\/\/www.tucomarca.com\/wordpress\/segunda\/wp-content\/uploads\/2025\/03\/BunolDanzaUrbana06-768x1024.jpg 768w, https:\/\/www.tucomarca.com\/wordpress\/segunda\/wp-content\/uploads\/2025\/03\/BunolDanzaUrbana06-225x300.jpg 225w, https:\/\/www.tucomarca.com\/wordpress\/segunda\/wp-content\/uploads\/2025\/03\/BunolDanzaUrbana06.jpg 1080w\" sizes=\"auto, (max-width: 768px) 100vw, 768px\" \/><\/figure>\n\n\n\n<figure class=\"wp-block-image size-large\"><img loading=\"lazy\" decoding=\"async\" width=\"1024\" height=\"768\" data-id=\"256177\" src=\"https:\/\/www.tucomarca.com\/wordpress\/segunda\/wp-content\/uploads\/2025\/03\/BunolDanzaUrbana04-1024x768.jpg\" alt=\"\" class=\"wp-image-256177\" srcset=\"https:\/\/www.tucomarca.com\/wordpress\/segunda\/wp-content\/uploads\/2025\/03\/BunolDanzaUrbana04-1024x768.jpg 1024w, https:\/\/www.tucomarca.com\/wordpress\/segunda\/wp-content\/uploads\/2025\/03\/BunolDanzaUrbana04-300x225.jpg 300w, https:\/\/www.tucomarca.com\/wordpress\/segunda\/wp-content\/uploads\/2025\/03\/BunolDanzaUrbana04-768x576.jpg 768w, https:\/\/www.tucomarca.com\/wordpress\/segunda\/wp-content\/uploads\/2025\/03\/BunolDanzaUrbana04-1536x1152.jpg 1536w, https:\/\/www.tucomarca.com\/wordpress\/segunda\/wp-content\/uploads\/2025\/03\/BunolDanzaUrbana04-678x509.jpg 678w, https:\/\/www.tucomarca.com\/wordpress\/segunda\/wp-content\/uploads\/2025\/03\/BunolDanzaUrbana04-326x245.jpg 326w, https:\/\/www.tucomarca.com\/wordpress\/segunda\/wp-content\/uploads\/2025\/03\/BunolDanzaUrbana04-80x60.jpg 80w, https:\/\/www.tucomarca.com\/wordpress\/segunda\/wp-content\/uploads\/2025\/03\/BunolDanzaUrbana04.jpg 1600w\" sizes=\"auto, (max-width: 1024px) 100vw, 1024px\" \/><\/figure>\n\n\n\n<figure class=\"wp-block-image size-large\"><img loading=\"lazy\" decoding=\"async\" width=\"1024\" height=\"768\" data-id=\"256187\" src=\"https:\/\/www.tucomarca.com\/wordpress\/segunda\/wp-content\/uploads\/2025\/03\/BunolDanzaUrbana09-1024x768.jpg\" alt=\"\" class=\"wp-image-256187\" srcset=\"https:\/\/www.tucomarca.com\/wordpress\/segunda\/wp-content\/uploads\/2025\/03\/BunolDanzaUrbana09-1024x768.jpg 1024w, https:\/\/www.tucomarca.com\/wordpress\/segunda\/wp-content\/uploads\/2025\/03\/BunolDanzaUrbana09-300x225.jpg 300w, https:\/\/www.tucomarca.com\/wordpress\/segunda\/wp-content\/uploads\/2025\/03\/BunolDanzaUrbana09-768x576.jpg 768w, https:\/\/www.tucomarca.com\/wordpress\/segunda\/wp-content\/uploads\/2025\/03\/BunolDanzaUrbana09-678x509.jpg 678w, https:\/\/www.tucomarca.com\/wordpress\/segunda\/wp-content\/uploads\/2025\/03\/BunolDanzaUrbana09-326x245.jpg 326w, https:\/\/www.tucomarca.com\/wordpress\/segunda\/wp-content\/uploads\/2025\/03\/BunolDanzaUrbana09-80x60.jpg 80w, https:\/\/www.tucomarca.com\/wordpress\/segunda\/wp-content\/uploads\/2025\/03\/BunolDanzaUrbana09.jpg 1440w\" sizes=\"auto, (max-width: 1024px) 100vw, 1024px\" \/><\/figure>\n<\/figure>\n","protected":false},"excerpt":{"rendered":"<div class=\"mh-excerpt\">La Escuela de Danza Urbana Luis Ayll\u00f3n de la SM La Art\u00edstica de Bu\u00f1ol ha cosechado un nuevo \u00e9xito en la Fase del Mediterr\u00e1neo del Campeonato \u00abVive tu Sue\u00f1o\u00bb. El grupo Infantil logr\u00f3 un tercer <a class=\"mh-excerpt-more\" href=\"https:\/\/www.tucomarca.com\/wordpress\/segunda\/fotogaleria-la-escuela-de-danza-urbana-luis-ayllon-triunfa-en-el-campeonato-vive-tu-sueno\/\" title=\"Fotogaler\u00eda:  La Escuela de Danza Urbana Luis Ayll\u00f3n triunfa en el Campeonato &#8216;Vive tu Sue\u00f1o&#8217;\">[+] <\/a><\/div>\n","protected":false},"author":12,"featured_media":256175,"comment_status":"open","ping_status":"open","sticky":false,"template":"","format":"gallery","meta":{"footnotes":""},"categories":[18,6,8,72,10,199,3],"tags":[10385,21963,5952],"class_list":{"0":"post-256171","1":"post","2":"type-post","3":"status-publish","4":"format-gallery","5":"has-post-thumbnail","7":"category-bunol","8":"category-deportes","9":"category-la-comarca","10":"category-sin-categorizar","11":"category-la-hoya","12":"category-polideportivo","13":"category-seccion","14":"tag-bunol","15":"tag-escuela-de-danza-urbana-luis-ayllon-2","16":"tag-la-hoya-de-bunol-chiva","17":"post_format-post-format-gallery"},"_links":{"self":[{"href":"https:\/\/www.tucomarca.com\/wordpress\/segunda\/wp-json\/wp\/v2\/posts\/256171","targetHints":{"allow":["GET"]}}],"collection":[{"href":"https:\/\/www.tucomarca.com\/wordpress\/segunda\/wp-json\/wp\/v2\/posts"}],"about":[{"href":"https:\/\/www.tucomarca.com\/wordpress\/segunda\/wp-json\/wp\/v2\/types\/post"}],"author":[{"embeddable":true,"href":"https:\/\/www.tucomarca.com\/wordpress\/segunda\/wp-json\/wp\/v2\/users\/12"}],"replies":[{"embeddable":true,"href":"https:\/\/www.tucomarca.com\/wordpress\/segunda\/wp-json\/wp\/v2\/comments?post=256171"}],"version-history":[{"count":0,"href":"https:\/\/www.tucomarca.com\/wordpress\/segunda\/wp-json\/wp\/v2\/posts\/256171\/revisions"}],"wp:featuredmedia":[{"embeddable":true,"href":"https:\/\/www.tucomarca.com\/wordpress\/segunda\/wp-json\/wp\/v2\/media\/256175"}],"wp:attachment":[{"href":"https:\/\/www.tucomarca.com\/wordpress\/segunda\/wp-json\/wp\/v2\/media?parent=256171"}],"wp:term":[{"taxonomy":"category","embeddable":true,"href":"https:\/\/www.tucomarca.com\/wordpress\/segunda\/wp-json\/wp\/v2\/categories?post=256171"},{"taxonomy":"post_tag","embeddable":true,"href":"https:\/\/www.tucomarca.com\/wordpress\/segunda\/wp-json\/wp\/v2\/tags?post=256171"}],"curies":[{"name":"wp","href":"https:\/\/api.w.org\/{rel}","templated":true}]}}