{"id":256222,"date":"2025-03-03T09:00:00","date_gmt":"2025-03-03T08:00:00","guid":{"rendered":"https:\/\/www.tucomarca.com\/wordpress\/segunda\/?p=256222"},"modified":"2025-03-03T18:27:13","modified_gmt":"2025-03-03T17:27:13","slug":"el-cd-bunol-cae-derrotado-en-casa-frente-al-cd-almazora","status":"publish","type":"post","link":"https:\/\/www.tucomarca.com\/wordpress\/segunda\/el-cd-bunol-cae-derrotado-en-casa-frente-al-cd-almazora\/","title":{"rendered":"El CD Bu\u00f1ol cae derrotado en casa frente al CD Almazora"},"content":{"rendered":"\n<p>El CD Bu\u00f1ol ha sufrido una inesperada y dolorosa derrota en casa frente al CD Almazora en la jornada 23 de la Lliga Comunitat disputada este pasado domingo en el Beltr\u00e1n B\u00e1guena. El encuentro termin\u00f3 con un marcador de 2-4 a favor del conjunto visitante, a pesar de haberse puesto el Bu\u00f1ol por delante hasta con una diferencia de 2 goles a 0.<\/p>\n\n\n\n<p>El partido comenz\u00f3 de manera favorable para el CD Bu\u00f1ol, con dos goles de Jon\u00e1s en los minutos 12 y 17 que parec\u00edan encarrilar el triunfo local. Sin embargo, el CD Almazora reaccion\u00f3 antes del descanso con goles en el minuto 31 y 42, igualando as\u00ed el marcador.<\/p>\n\n\n\n<p>En la segunda mitad, el equipo visitante tom\u00f3 la delantera con un tanto en el minuto 51 y sentenci\u00f3 el encuentro en el minuto 90 con su cuarto gol, dejando sin opciones de remontada al CD Bu\u00f1ol y d\u00e1ndole la vuelta a un partido que arranc\u00f3 desfavorablemente para los visitantes.<\/p>\n\n\n\n<p>A pesar de la derrota, el CD Bu\u00f1ol se mantiene en la tercera posici\u00f3n de la clasificaci\u00f3n, con la mirada puesta en las pr\u00f3ximas jornadas para seguir en la lucha por los primeros puestos de la tabla del Grupo Norte de la Lliga Comunitat.<\/p>\n","protected":false},"excerpt":{"rendered":"<div class=\"mh-excerpt\">El CD Bu\u00f1ol ha sufrido una inesperada y dolorosa derrota en casa frente al CD Almazora en la jornada 23 de la Lliga Comunitat disputada este pasado domingo en el Beltr\u00e1n B\u00e1guena. El encuentro termin\u00f3 <a class=\"mh-excerpt-more\" href=\"https:\/\/www.tucomarca.com\/wordpress\/segunda\/el-cd-bunol-cae-derrotado-en-casa-frente-al-cd-almazora\/\" title=\"El CD Bu\u00f1ol cae derrotado en casa frente al CD Almazora\">[+] <\/a><\/div>\n","protected":false},"author":13,"featured_media":256223,"comment_status":"open","ping_status":"open","sticky":false,"template":"","format":"standard","meta":{"footnotes":""},"categories":[18,50,6,8,10,3],"tags":[10385,537,10379,44,5952],"class_list":{"0":"post-256222","1":"post","2":"type-post","3":"status-publish","4":"format-standard","5":"has-post-thumbnail","7":"category-bunol","8":"category-futbol-deportes","9":"category-deportes","10":"category-la-comarca","11":"category-la-hoya","12":"category-seccion","13":"tag-bunol","14":"tag-cd-bunol","15":"tag-deportes","16":"tag-futbol","17":"tag-la-hoya-de-bunol-chiva"},"_links":{"self":[{"href":"https:\/\/www.tucomarca.com\/wordpress\/segunda\/wp-json\/wp\/v2\/posts\/256222","targetHints":{"allow":["GET"]}}],"collection":[{"href":"https:\/\/www.tucomarca.com\/wordpress\/segunda\/wp-json\/wp\/v2\/posts"}],"about":[{"href":"https:\/\/www.tucomarca.com\/wordpress\/segunda\/wp-json\/wp\/v2\/types\/post"}],"author":[{"embeddable":true,"href":"https:\/\/www.tucomarca.com\/wordpress\/segunda\/wp-json\/wp\/v2\/users\/13"}],"replies":[{"embeddable":true,"href":"https:\/\/www.tucomarca.com\/wordpress\/segunda\/wp-json\/wp\/v2\/comments?post=256222"}],"version-history":[{"count":0,"href":"https:\/\/www.tucomarca.com\/wordpress\/segunda\/wp-json\/wp\/v2\/posts\/256222\/revisions"}],"wp:featuredmedia":[{"embeddable":true,"href":"https:\/\/www.tucomarca.com\/wordpress\/segunda\/wp-json\/wp\/v2\/media\/256223"}],"wp:attachment":[{"href":"https:\/\/www.tucomarca.com\/wordpress\/segunda\/wp-json\/wp\/v2\/media?parent=256222"}],"wp:term":[{"taxonomy":"category","embeddable":true,"href":"https:\/\/www.tucomarca.com\/wordpress\/segunda\/wp-json\/wp\/v2\/categories?post=256222"},{"taxonomy":"post_tag","embeddable":true,"href":"https:\/\/www.tucomarca.com\/wordpress\/segunda\/wp-json\/wp\/v2\/tags?post=256222"}],"curies":[{"name":"wp","href":"https:\/\/api.w.org\/{rel}","templated":true}]}}