{"id":256312,"date":"2025-03-03T20:00:00","date_gmt":"2025-03-03T19:00:00","guid":{"rendered":"https:\/\/www.tucomarca.com\/wordpress\/segunda\/?p=256312"},"modified":"2025-03-03T22:20:05","modified_gmt":"2025-03-03T21:20:05","slug":"los-municipios-del-interior-suspenden-sus-clases-este-martes-en-prevision-del-agravamiento-del-episodio-de-lluvias-intensas","status":"publish","type":"post","link":"https:\/\/www.tucomarca.com\/wordpress\/segunda\/los-municipios-del-interior-suspenden-sus-clases-este-martes-en-prevision-del-agravamiento-del-episodio-de-lluvias-intensas\/","title":{"rendered":"Los municipios del interior suspenden sus clases este martes en previsi\u00f3n del agravamiento del episodio de lluvias intensas"},"content":{"rendered":"\n<h3 class=\"wp-block-heading\">Los municipios del interior suspenden sus clases este martes a consecuencia de unas lluvias que ya han cortado carreteras y barrancos; y no se descarta que la suspensi\u00f3n se prolongue durante m\u00e1s jornadas. <\/h3>\n\n\n\n<h3 class=\"wp-block-heading\"><strong>Aemet ha alertado del agravamiento de las lluvias intensas y pronostica precipitaciones de 150 litros por metro cuadrado para el mi\u00e9rcoles<\/strong>.<\/h3>\n\n\n\n<p>Los ayuntamientos de los municipios del interior valenciano han anunciado la suspensi\u00f3n de todas las actividades educativas y deportivas municipales, as\u00ed como el cierre de las instalaciones al aire libre, debido a la declaraci\u00f3n de Situaci\u00f3n 0 de Emergencia en la provincia de Valencia por el Centro de Coordinaci\u00f3n de Emergencias de la Generalitat Valenciana.<\/p>\n\n\n\n<p>Adem\u00e1s, los consistorios se mantienen en comunicaci\u00f3n para monitorear la evoluci\u00f3n de r\u00edos y barrancos, as\u00ed como los niveles del agua en las zonas que previsiblemente puedan ser las m\u00e1s perjudicadas. Se ha solicitado una vigilancia especial a la Polic\u00eda Local para garantizar la seguridad de los ciudadanos.<\/p>\n\n\n\n<p>Se recuerda a la poblaci\u00f3n la importancia de tomar precauciones, seguir las actualizaciones meteorol\u00f3gicas en los canales oficiales y, en caso de emergencia, llamar al 112.<\/p>\n\n\n\n<p><strong>150 l\/m para el mi\u00e9rcoles<\/strong><\/p>\n\n\n\n<p>Aemet ha alertado del agravamiento de las lluvias intensas y pronostica precipitaciones de 150 litros por metro cuadrado para el mi\u00e9rcoles<\/p>\n\n\n\n<p>Desde la Agencia Estatal de Meteorolog\u00eda, AEMET, en la Comunitat Valenciana ha advertido que la tormenta se desplaza hacia el nordeste y en las pr\u00f3ximas horas y d\u00edas tendr\u00e1 una gran actividad en Valencia y Castell\u00f3n, donde se ha activado el aviso rojo por lluvias acumuladas de 180 l\/m2 en doce horas.<\/p>\n\n\n\n<p>Aemet prev\u00e9 que este martes predomine el cielo nuboso o cubierto con precipitaciones generalizadas, que pueden ser moderadas o incluso puntualmente fuertes y persistentes en las provincias de Valencia y Castell\u00f3n, as\u00ed como en el norte de Alicante.<\/p>\n\n\n\n<p>Para el mi\u00e9rcoles, Aemet ha activado el <strong>aviso naranja<\/strong> por precipitaci\u00f3n acumulada en 12 horas de 100 mil\u00edmetros en la totalidad de Valencia y Castell\u00f3n durante todo el d\u00eda, y advierte de que en las zonas del litoral afectar\u00e1 especialmente al interior, con lluvias de hasta <strong>150 mm. en 24 horas<\/strong>.<\/p>\n\n\n\n<figure class=\"wp-block-gallery has-nested-images columns-2 is-cropped wp-block-gallery-1 is-layout-flex wp-block-gallery-is-layout-flex\">\n<figure class=\"wp-block-image size-large\"><img loading=\"lazy\" decoding=\"async\" width=\"1024\" height=\"757\" data-id=\"256354\" src=\"https:\/\/www.tucomarca.com\/wordpress\/segunda\/wp-content\/uploads\/2025\/03\/alertas1-1024x757.png\" alt=\"\" class=\"wp-image-256354\" srcset=\"https:\/\/www.tucomarca.com\/wordpress\/segunda\/wp-content\/uploads\/2025\/03\/alertas1-1024x757.png 1024w, https:\/\/www.tucomarca.com\/wordpress\/segunda\/wp-content\/uploads\/2025\/03\/alertas1-300x222.png 300w, https:\/\/www.tucomarca.com\/wordpress\/segunda\/wp-content\/uploads\/2025\/03\/alertas1-768x568.png 768w, https:\/\/www.tucomarca.com\/wordpress\/segunda\/wp-content\/uploads\/2025\/03\/alertas1-80x60.png 80w, https:\/\/www.tucomarca.com\/wordpress\/segunda\/wp-content\/uploads\/2025\/03\/alertas1.png 1360w\" sizes=\"auto, (max-width: 1024px) 100vw, 1024px\" \/><\/figure>\n\n\n\n<figure class=\"wp-block-image size-large\"><img loading=\"lazy\" decoding=\"async\" width=\"1024\" height=\"1006\" data-id=\"256356\" src=\"https:\/\/www.tucomarca.com\/wordpress\/segunda\/wp-content\/uploads\/2025\/03\/alertas2-1024x1006.png\" alt=\"\" class=\"wp-image-256356\" srcset=\"https:\/\/www.tucomarca.com\/wordpress\/segunda\/wp-content\/uploads\/2025\/03\/alertas2-1024x1006.png 1024w, https:\/\/www.tucomarca.com\/wordpress\/segunda\/wp-content\/uploads\/2025\/03\/alertas2-300x295.png 300w, https:\/\/www.tucomarca.com\/wordpress\/segunda\/wp-content\/uploads\/2025\/03\/alertas2-768x754.png 768w, https:\/\/www.tucomarca.com\/wordpress\/segunda\/wp-content\/uploads\/2025\/03\/alertas2.png 1356w\" sizes=\"auto, (max-width: 1024px) 100vw, 1024px\" \/><\/figure>\n\n\n\n<figure class=\"wp-block-image size-large\"><img loading=\"lazy\" decoding=\"async\" width=\"865\" height=\"1024\" data-id=\"256358\" src=\"https:\/\/www.tucomarca.com\/wordpress\/segunda\/wp-content\/uploads\/2025\/03\/alertas3-865x1024.png\" alt=\"\" class=\"wp-image-256358\" srcset=\"https:\/\/www.tucomarca.com\/wordpress\/segunda\/wp-content\/uploads\/2025\/03\/alertas3-865x1024.png 865w, https:\/\/www.tucomarca.com\/wordpress\/segunda\/wp-content\/uploads\/2025\/03\/alertas3-253x300.png 253w, https:\/\/www.tucomarca.com\/wordpress\/segunda\/wp-content\/uploads\/2025\/03\/alertas3-768x909.png 768w, https:\/\/www.tucomarca.com\/wordpress\/segunda\/wp-content\/uploads\/2025\/03\/alertas3-1297x1536.png 1297w, https:\/\/www.tucomarca.com\/wordpress\/segunda\/wp-content\/uploads\/2025\/03\/alertas3.png 1304w\" sizes=\"auto, (max-width: 865px) 100vw, 865px\" \/><\/figure>\n\n\n\n<figure class=\"wp-block-image size-large\"><img loading=\"lazy\" decoding=\"async\" width=\"1024\" height=\"1024\" data-id=\"256352\" src=\"https:\/\/www.tucomarca.com\/wordpress\/segunda\/wp-content\/uploads\/2025\/03\/Benaguasil-1024x1024.jpg\" alt=\"\" class=\"wp-image-256352\" srcset=\"https:\/\/www.tucomarca.com\/wordpress\/segunda\/wp-content\/uploads\/2025\/03\/Benaguasil-1024x1024.jpg 1024w, https:\/\/www.tucomarca.com\/wordpress\/segunda\/wp-content\/uploads\/2025\/03\/Benaguasil-300x300.jpg 300w, https:\/\/www.tucomarca.com\/wordpress\/segunda\/wp-content\/uploads\/2025\/03\/Benaguasil-290x290.jpg 290w, https:\/\/www.tucomarca.com\/wordpress\/segunda\/wp-content\/uploads\/2025\/03\/Benaguasil-768x768.jpg 768w, https:\/\/www.tucomarca.com\/wordpress\/segunda\/wp-content\/uploads\/2025\/03\/Benaguasil.jpg 1080w\" sizes=\"auto, (max-width: 1024px) 100vw, 1024px\" \/><\/figure>\n\n\n\n<figure class=\"wp-block-image size-large\"><img loading=\"lazy\" decoding=\"async\" width=\"996\" height=\"1024\" data-id=\"256364\" src=\"https:\/\/www.tucomarca.com\/wordpress\/segunda\/wp-content\/uploads\/2025\/03\/alertas6-996x1024.png\" alt=\"\" class=\"wp-image-256364\" srcset=\"https:\/\/www.tucomarca.com\/wordpress\/segunda\/wp-content\/uploads\/2025\/03\/alertas6-996x1024.png 996w, https:\/\/www.tucomarca.com\/wordpress\/segunda\/wp-content\/uploads\/2025\/03\/alertas6-292x300.png 292w, https:\/\/www.tucomarca.com\/wordpress\/segunda\/wp-content\/uploads\/2025\/03\/alertas6-768x789.png 768w, https:\/\/www.tucomarca.com\/wordpress\/segunda\/wp-content\/uploads\/2025\/03\/alertas6.png 1360w\" sizes=\"auto, (max-width: 996px) 100vw, 996px\" \/><\/figure>\n\n\n\n<figure class=\"wp-block-image size-large\"><img loading=\"lazy\" decoding=\"async\" width=\"823\" height=\"1024\" data-id=\"256366\" src=\"https:\/\/www.tucomarca.com\/wordpress\/segunda\/wp-content\/uploads\/2025\/03\/alertas5-1-823x1024.png\" alt=\"\" class=\"wp-image-256366\" srcset=\"https:\/\/www.tucomarca.com\/wordpress\/segunda\/wp-content\/uploads\/2025\/03\/alertas5-1-823x1024.png 823w, https:\/\/www.tucomarca.com\/wordpress\/segunda\/wp-content\/uploads\/2025\/03\/alertas5-1-241x300.png 241w, https:\/\/www.tucomarca.com\/wordpress\/segunda\/wp-content\/uploads\/2025\/03\/alertas5-1-768x956.png 768w, https:\/\/www.tucomarca.com\/wordpress\/segunda\/wp-content\/uploads\/2025\/03\/alertas5-1-1234x1536.png 1234w, https:\/\/www.tucomarca.com\/wordpress\/segunda\/wp-content\/uploads\/2025\/03\/alertas5-1.png 1356w\" sizes=\"auto, (max-width: 823px) 100vw, 823px\" \/><\/figure>\n<\/figure>\n","protected":false},"excerpt":{"rendered":"<div class=\"mh-excerpt\">Los municipios del interior suspenden sus clases este martes a consecuencia de unas lluvias que ya han cortado carreteras y barrancos; y no se descarta que la suspensi\u00f3n se prolongue durante m\u00e1s jornadas. Aemet ha <a class=\"mh-excerpt-more\" href=\"https:\/\/www.tucomarca.com\/wordpress\/segunda\/los-municipios-del-interior-suspenden-sus-clases-este-martes-en-prevision-del-agravamiento-del-episodio-de-lluvias-intensas\/\" title=\"Los municipios del interior suspenden sus clases este martes en previsi\u00f3n del agravamiento del episodio de lluvias intensas\">[+] <\/a><\/div>\n","protected":false},"author":1,"featured_media":256371,"comment_status":"open","ping_status":"open","sticky":false,"template":"","format":"standard","meta":{"footnotes":""},"categories":[21465,128,8,72,10,42,117,27,3,116,45],"tags":[10395,12831,5952,8083,10387],"class_list":{"0":"post-256312","1":"post","2":"type-post","3":"status-publish","4":"format-standard","5":"has-post-thumbnail","7":"category-dana","8":"category-infraestructuras","9":"category-la-comarca","10":"category-sin-categorizar","11":"category-la-hoya","12":"category-la-ribera","13":"category-medio-ambiente-la-comarca","14":"category-requena-utiel","15":"category-seccion","16":"category-sucesos-la-comarca","17":"category-ventana","18":"tag-camp-de-turia","19":"tag-dana-2","20":"tag-la-hoya-de-bunol-chiva","21":"tag-lluvias-intensas","22":"tag-requena-utiel"},"_links":{"self":[{"href":"https:\/\/www.tucomarca.com\/wordpress\/segunda\/wp-json\/wp\/v2\/posts\/256312","targetHints":{"allow":["GET"]}}],"collection":[{"href":"https:\/\/www.tucomarca.com\/wordpress\/segunda\/wp-json\/wp\/v2\/posts"}],"about":[{"href":"https:\/\/www.tucomarca.com\/wordpress\/segunda\/wp-json\/wp\/v2\/types\/post"}],"author":[{"embeddable":true,"href":"https:\/\/www.tucomarca.com\/wordpress\/segunda\/wp-json\/wp\/v2\/users\/1"}],"replies":[{"embeddable":true,"href":"https:\/\/www.tucomarca.com\/wordpress\/segunda\/wp-json\/wp\/v2\/comments?post=256312"}],"version-history":[{"count":0,"href":"https:\/\/www.tucomarca.com\/wordpress\/segunda\/wp-json\/wp\/v2\/posts\/256312\/revisions"}],"wp:featuredmedia":[{"embeddable":true,"href":"https:\/\/www.tucomarca.com\/wordpress\/segunda\/wp-json\/wp\/v2\/media\/256371"}],"wp:attachment":[{"href":"https:\/\/www.tucomarca.com\/wordpress\/segunda\/wp-json\/wp\/v2\/media?parent=256312"}],"wp:term":[{"taxonomy":"category","embeddable":true,"href":"https:\/\/www.tucomarca.com\/wordpress\/segunda\/wp-json\/wp\/v2\/categories?post=256312"},{"taxonomy":"post_tag","embeddable":true,"href":"https:\/\/www.tucomarca.com\/wordpress\/segunda\/wp-json\/wp\/v2\/tags?post=256312"}],"curies":[{"name":"wp","href":"https:\/\/api.w.org\/{rel}","templated":true}]}}