{"id":2564,"date":"2012-05-28T09:56:06","date_gmt":"2012-05-28T07:56:06","guid":{"rendered":"http:\/\/www.tucomarca.com\/wordpress\/segunda\/?p=2564"},"modified":"2012-05-28T18:01:41","modified_gmt":"2012-05-28T16:01:41","slug":"%c2%abla-lira%c2%bb-de-cheste-ofrece-su-concierto-en-el-ciclo-musica-en-primavera","status":"publish","type":"post","link":"https:\/\/www.tucomarca.com\/wordpress\/segunda\/%c2%abla-lira%c2%bb-de-cheste-ofrece-su-concierto-en-el-ciclo-musica-en-primavera\/","title":{"rendered":"\u00abLa Lira\u00bb de Cheste ofrece su concierto en el ciclo M\u00fasica en Primavera"},"content":{"rendered":"<p>Contin\u00faa el ciclo M\u00fasica en Primavera organizado por la concejal\u00eda de Cultura del Ayuntamiento de Cheste. Este fin de semana los encargados de amenizar la tarde del domingo fueron los miembros de la Asociaci\u00f3n Musical Banda \u00abLa Lira\u00bb de Cheste.<\/p>\n<p>En el teatro Liceo de Cheste numerosos vecinos tomaron asiento para deleitarse con la maravillosa interpretaci\u00f3n de la Banda Municipal que arranc\u00f3 de los espectadores chestanos numerosos aplausos.<\/p>\n<p>Dirigidos por Javier Engu\u00eddanos Morat\u00f3 nuevamente \u00abLa Lira\u00bb de Cheste mostr\u00f3 y demostr\u00f3 lo mejor de su programa al p\u00fablico chestano.<\/p>\n<p>Para el pr\u00f3ximo 3 de junio los encargados de cerrar este maravilloso ciclo musical ser\u00e1 la Coral San Lucas de Cheste, nuevamente a las 20,00 h en el Teatro Liceo.<\/p>\n","protected":false},"excerpt":{"rendered":"<div class=\"mh-excerpt\">Contin\u00faa el ciclo M\u00fasica en Primavera organizado por la concejal\u00eda de Cultura del Ayuntamiento de Cheste. Este fin de semana los encargados de amenizar la tarde del domingo fueron los miembros de la Asociaci\u00f3n Musical <a class=\"mh-excerpt-more\" href=\"https:\/\/www.tucomarca.com\/wordpress\/segunda\/%c2%abla-lira%c2%bb-de-cheste-ofrece-su-concierto-en-el-ciclo-musica-en-primavera\/\" title=\"\u00abLa Lira\u00bb de Cheste ofrece su concierto en el ciclo M\u00fasica en Primavera\">[+] <\/a><\/div>\n","protected":false},"author":1,"featured_media":2565,"comment_status":"open","ping_status":"open","sticky":false,"template":"","format":"standard","meta":{"footnotes":""},"categories":[66,17,10,7,3],"tags":[],"class_list":{"0":"post-2564","1":"post","2":"type-post","3":"status-publish","4":"format-standard","5":"has-post-thumbnail","7":"category-musica","8":"category-cheste","9":"category-la-hoya","10":"category-ocio-y-cultura","11":"category-seccion"},"_links":{"self":[{"href":"https:\/\/www.tucomarca.com\/wordpress\/segunda\/wp-json\/wp\/v2\/posts\/2564","targetHints":{"allow":["GET"]}}],"collection":[{"href":"https:\/\/www.tucomarca.com\/wordpress\/segunda\/wp-json\/wp\/v2\/posts"}],"about":[{"href":"https:\/\/www.tucomarca.com\/wordpress\/segunda\/wp-json\/wp\/v2\/types\/post"}],"author":[{"embeddable":true,"href":"https:\/\/www.tucomarca.com\/wordpress\/segunda\/wp-json\/wp\/v2\/users\/1"}],"replies":[{"embeddable":true,"href":"https:\/\/www.tucomarca.com\/wordpress\/segunda\/wp-json\/wp\/v2\/comments?post=2564"}],"version-history":[{"count":0,"href":"https:\/\/www.tucomarca.com\/wordpress\/segunda\/wp-json\/wp\/v2\/posts\/2564\/revisions"}],"wp:featuredmedia":[{"embeddable":true,"href":"https:\/\/www.tucomarca.com\/wordpress\/segunda\/wp-json\/wp\/v2\/media\/2565"}],"wp:attachment":[{"href":"https:\/\/www.tucomarca.com\/wordpress\/segunda\/wp-json\/wp\/v2\/media?parent=2564"}],"wp:term":[{"taxonomy":"category","embeddable":true,"href":"https:\/\/www.tucomarca.com\/wordpress\/segunda\/wp-json\/wp\/v2\/categories?post=2564"},{"taxonomy":"post_tag","embeddable":true,"href":"https:\/\/www.tucomarca.com\/wordpress\/segunda\/wp-json\/wp\/v2\/tags?post=2564"}],"curies":[{"name":"wp","href":"https:\/\/api.w.org\/{rel}","templated":true}]}}