{"id":256443,"date":"2025-03-04T12:55:00","date_gmt":"2025-03-04T11:55:00","guid":{"rendered":"https:\/\/www.tucomarca.com\/wordpress\/segunda\/?p=256443"},"modified":"2025-03-04T19:46:15","modified_gmt":"2025-03-04T18:46:15","slug":"la-diputacio-de-valencia-pone-en-marcha-un-operativo-especial-de-bomberos-ante-las-lluvias","status":"publish","type":"post","link":"https:\/\/www.tucomarca.com\/wordpress\/segunda\/la-diputacio-de-valencia-pone-en-marcha-un-operativo-especial-de-bomberos-ante-las-lluvias\/","title":{"rendered":"La Diputaci\u00f3 de Val\u00e8ncia pone en marcha un operativo especial de Bomberos ante las lluvias"},"content":{"rendered":"\n<h3 class=\"wp-block-heading\">El Consorcio Provincial de Bomberos tiene activado desde este lunes el Refuerzo de Dotaciones en Situaciones Meteorol\u00f3gicas Adversas.<\/h3>\n\n\n\n<h3 class=\"wp-block-heading\">Momp\u00f3 llama a la ciudadan\u00eda a \u201cser prudentes y evitar desplazamientos innecesarios\u201d, al tiempo que asegura que la Diputaci\u00f3n \u201cest\u00e1 coordinada para actuar ante cualquier incidencia\u201d.<\/h3>\n\n\n\n<p>El Consorcio Provincial de Bomberos de la Provincia de Val\u00e8ncia (CPBV) tiene activado desde este lunes el Refuerzo de Dotaciones en Situaciones Meteorol\u00f3gicas Adversas. El operativo est\u00e1 reforzado con cerca de 50 personas diarias m\u00e1s entre bomberos profesionales, bomberos voluntarios, unidades de mando y personal del centro de comunicaciones y control, que se a\u00f1aden a la plantilla habitual para hacer frente a cualquier incidencia que se pudiera producir.&nbsp;<\/p>\n\n\n\n<p>Junto a esto, el Consorcio tiene en marcha un dispositivo especial de vigilancia de cauces y barrancos, formado por bomberos, brigadas forestales del Consorcio (BRIFO) y bomberos forestales de Generalitat Valenciana, que alcanza las 70 personas distribuidas por toda la provincia de Valencia.&nbsp;<\/p>\n\n\n\n<p>En total, est\u00e1n movilizados alrededor de cerca de 250 efectivos diarios, ya que el dispositivo habitual oscila entre los 115 y los 120 profesionales, a los que hay que sumar 50 del refuerzo y 70 del dispositivo de vigilancia de cauces y barrancos.<\/p>\n\n\n\n<p>El presidente de la Diputaci\u00f3 de Val\u00e8ncia, Vicent Momp\u00f3, quien sigue la evoluci\u00f3n del temporal&nbsp; en la provincia, ha hecho un llamamiento \u201ca la prudencia, a evitar desplazamientos innecesarios, no cruzar zonas inundables y no acercarse r\u00edos y barrancos\u201d.&nbsp;<\/p>\n\n\n\n<figure class=\"wp-block-image size-large\"><img loading=\"lazy\" decoding=\"async\" width=\"1024\" height=\"683\" src=\"https:\/\/www.tucomarca.com\/wordpress\/segunda\/wp-content\/uploads\/2025\/03\/MompoForata-2-1024x683.jpg\" alt=\"\" class=\"wp-image-256478\" srcset=\"https:\/\/www.tucomarca.com\/wordpress\/segunda\/wp-content\/uploads\/2025\/03\/MompoForata-2-1024x683.jpg 1024w, https:\/\/www.tucomarca.com\/wordpress\/segunda\/wp-content\/uploads\/2025\/03\/MompoForata-2-300x200.jpg 300w, https:\/\/www.tucomarca.com\/wordpress\/segunda\/wp-content\/uploads\/2025\/03\/MompoForata-2-768x512.jpg 768w, https:\/\/www.tucomarca.com\/wordpress\/segunda\/wp-content\/uploads\/2025\/03\/MompoForata-2-1536x1024.jpg 1536w, https:\/\/www.tucomarca.com\/wordpress\/segunda\/wp-content\/uploads\/2025\/03\/MompoForata-2-2048x1365.jpg 2048w\" sizes=\"auto, (max-width: 1024px) 100vw, 1024px\" \/><\/figure>\n\n\n\n<p>Momp\u00f3, que esta ma\u00f1ana se ha reunido con los portavoces de la Diputaci\u00f3n para trasladarles la informaci\u00f3n, ha visitado el pantano de Forata junto a la diputada de Carreteras, Reme Mazzolari, y los alcaldes de Y\u00e1tova y Macastre, donde ha comprobado que la situaci\u00f3n es de \u201cabsoluta normalidad\u201d. En todo caso, ha advertido, \u201cestamos en alerta naranja y los modelos indican que lo peor podr\u00eda llegar a partir de esta tarde\u201d.&nbsp;<\/p>\n\n\n\n<p>Adem\u00e1s, ha explicado, \u201clas Emergencias de la Diputaci\u00f3n, as\u00ed como otras \u00e1reas fundamentales en esta situaci\u00f3n de lluvias como es la de Carreteras, est\u00e1n movilizadas y coordinadas para actuar ante cualquier incidencia\u201d. \u201cLa respuesta preventiva es esencial ante la adversidad meteorol\u00f3gica\u201d, ha esgrimido, al tiempo que ha resaltado la \u201crespuesta inmediata que est\u00e1 dando el \u00e1rea de Carreteras con la reapertura de carreteras que se han visto perjudicadas como CV-383 entre Cheste y Loriguilla\u201d. En este sentido, ha asegurado Momp\u00f3, \u201cla corporaci\u00f3n est\u00e1 al lado de los municipios para afrontar este episodio climatol\u00f3gico\u201d.<\/p>\n\n\n\n<p>Por su parte, el diputado de Emergencias y presidente del CPBV, Avelino Mascarell, ha explicado que \u201cel operativo de refuerzo de Bomberos est\u00e1 activo desde ayer y continuar\u00e1 mientras el nivel de alerta lo aconseje\u00bb. \u201cTratamos de adelantarnos a cualquier incidencia y de momento todo est\u00e1 transcurriendo con normalidad\u201d, ha detallado Mascarell.<\/p>\n\n\n\n<figure class=\"wp-block-image size-large\"><img loading=\"lazy\" decoding=\"async\" width=\"1024\" height=\"768\" src=\"https:\/\/www.tucomarca.com\/wordpress\/segunda\/wp-content\/uploads\/2025\/03\/VigilanciaRio-3-1024x768.jpg\" alt=\"\" class=\"wp-image-256476\" srcset=\"https:\/\/www.tucomarca.com\/wordpress\/segunda\/wp-content\/uploads\/2025\/03\/VigilanciaRio-3-1024x768.jpg 1024w, https:\/\/www.tucomarca.com\/wordpress\/segunda\/wp-content\/uploads\/2025\/03\/VigilanciaRio-3-300x225.jpg 300w, https:\/\/www.tucomarca.com\/wordpress\/segunda\/wp-content\/uploads\/2025\/03\/VigilanciaRio-3-768x576.jpg 768w, https:\/\/www.tucomarca.com\/wordpress\/segunda\/wp-content\/uploads\/2025\/03\/VigilanciaRio-3-1536x1152.jpg 1536w, https:\/\/www.tucomarca.com\/wordpress\/segunda\/wp-content\/uploads\/2025\/03\/VigilanciaRio-3-678x509.jpg 678w, https:\/\/www.tucomarca.com\/wordpress\/segunda\/wp-content\/uploads\/2025\/03\/VigilanciaRio-3-326x245.jpg 326w, https:\/\/www.tucomarca.com\/wordpress\/segunda\/wp-content\/uploads\/2025\/03\/VigilanciaRio-3-80x60.jpg 80w, https:\/\/www.tucomarca.com\/wordpress\/segunda\/wp-content\/uploads\/2025\/03\/VigilanciaRio-3.jpg 1600w\" sizes=\"auto, (max-width: 1024px) 100vw, 1024px\" \/><\/figure>\n","protected":false},"excerpt":{"rendered":"<div class=\"mh-excerpt\">El Consorcio Provincial de Bomberos tiene activado desde este lunes el Refuerzo de Dotaciones en Situaciones Meteorol\u00f3gicas Adversas. Momp\u00f3 llama a la ciudadan\u00eda a \u201cser prudentes y evitar desplazamientos innecesarios\u201d, al tiempo que asegura que <a class=\"mh-excerpt-more\" href=\"https:\/\/www.tucomarca.com\/wordpress\/segunda\/la-diputacio-de-valencia-pone-en-marcha-un-operativo-especial-de-bomberos-ante-las-lluvias\/\" title=\"La Diputaci\u00f3 de Val\u00e8ncia pone en marcha un operativo especial de Bomberos ante las lluvias\">[+] <\/a><\/div>\n","protected":false},"author":12,"featured_media":256541,"comment_status":"open","ping_status":"open","sticky":false,"template":"","format":"gallery","meta":{"footnotes":""},"categories":[21465,128,8,72,10,117,142,3,116,45,11],"tags":[12831,3677,5952,21971,18824],"class_list":{"0":"post-256443","1":"post","2":"type-post","3":"status-publish","4":"format-gallery","5":"has-post-thumbnail","7":"category-dana","8":"category-infraestructuras","9":"category-la-comarca","10":"category-sin-categorizar","11":"category-la-hoya","12":"category-medio-ambiente-la-comarca","13":"category-politica-la-comarca","14":"category-seccion","15":"category-sucesos-la-comarca","16":"category-ventana","17":"category-yatova","18":"tag-dana-2","19":"tag-diputacio-de-valencia","20":"tag-la-hoya-de-bunol-chiva","21":"tag-pantano-forata","22":"tag-vicent-mompo","23":"post_format-post-format-gallery"},"_links":{"self":[{"href":"https:\/\/www.tucomarca.com\/wordpress\/segunda\/wp-json\/wp\/v2\/posts\/256443","targetHints":{"allow":["GET"]}}],"collection":[{"href":"https:\/\/www.tucomarca.com\/wordpress\/segunda\/wp-json\/wp\/v2\/posts"}],"about":[{"href":"https:\/\/www.tucomarca.com\/wordpress\/segunda\/wp-json\/wp\/v2\/types\/post"}],"author":[{"embeddable":true,"href":"https:\/\/www.tucomarca.com\/wordpress\/segunda\/wp-json\/wp\/v2\/users\/12"}],"replies":[{"embeddable":true,"href":"https:\/\/www.tucomarca.com\/wordpress\/segunda\/wp-json\/wp\/v2\/comments?post=256443"}],"version-history":[{"count":0,"href":"https:\/\/www.tucomarca.com\/wordpress\/segunda\/wp-json\/wp\/v2\/posts\/256443\/revisions"}],"wp:featuredmedia":[{"embeddable":true,"href":"https:\/\/www.tucomarca.com\/wordpress\/segunda\/wp-json\/wp\/v2\/media\/256541"}],"wp:attachment":[{"href":"https:\/\/www.tucomarca.com\/wordpress\/segunda\/wp-json\/wp\/v2\/media?parent=256443"}],"wp:term":[{"taxonomy":"category","embeddable":true,"href":"https:\/\/www.tucomarca.com\/wordpress\/segunda\/wp-json\/wp\/v2\/categories?post=256443"},{"taxonomy":"post_tag","embeddable":true,"href":"https:\/\/www.tucomarca.com\/wordpress\/segunda\/wp-json\/wp\/v2\/tags?post=256443"}],"curies":[{"name":"wp","href":"https:\/\/api.w.org\/{rel}","templated":true}]}}