{"id":256651,"date":"2025-03-05T09:00:00","date_gmt":"2025-03-05T08:00:00","guid":{"rendered":"https:\/\/www.tucomarca.com\/wordpress\/segunda\/?p=256651"},"modified":"2025-03-05T14:45:09","modified_gmt":"2025-03-05T13:45:09","slug":"el-teatro-rialto-programa-cuerpos-celestes-un-proyecto-de-ciencia-y-ficcion-documental","status":"publish","type":"post","link":"https:\/\/www.tucomarca.com\/wordpress\/segunda\/el-teatro-rialto-programa-cuerpos-celestes-un-proyecto-de-ciencia-y-ficcion-documental\/","title":{"rendered":"El Teatro Rialto programa \u2018Cuerpos celestes\u2019, un proyecto de ciencia y ficci\u00f3n documental"},"content":{"rendered":"\n<h3 class=\"wp-block-heading\">El espect\u00e1culo de AzconaToloza aborda la guerra futura por la conquista del espacio.<\/h3>\n\n\n\n<h3 class=\"wp-block-heading\">Se podr\u00e1 ver del 6 al 9 de marzo.<\/h3>\n\n\n\n<p>El Institut Valenci\u00e0 de Cultura, dependiente de la Conselleria de Educaci\u00f3n, Cultura, Universidades y Empleo, lleva al Teatro Rialto de Val\u00e8ncia \u2018Cuerpos celestes\u2019, de AzconaToloza, un proyecto esc\u00e9nico documental de ciencia y ficci\u00f3n que aborda la guerra futura por la conquista del espacio.<\/p>\n\n\n\n<p>El espect\u00e1culo, que se podr\u00e1 ver del 6 al 9 de marzo, es la segunda pieza esc\u00e9nica de la serie Falla, un proyecto documental sobre el futuro y la colonizaci\u00f3n del espacio en busca de nuevos recursos naturales. Todo esto constituye el tel\u00f3n de fondo de una nueva carrera espacial.<\/p>\n\n\n\n<p>El dispositivo esc\u00e9nico construye, al mismo tiempo, tres realidades diferentes: un falso documental titulado \u2018Valentina K que est\u00e1s en los cielos\u2019, una pieza de v\u00eddeo creaci\u00f3n en directo titulada \u2018Una carta desde el Mar de Sharp\u2019 y una conferencia que lleva por t\u00edtulo \u2018Un chingo de cosas que debieses saber antes de salir a conquistar el universo\u2019.&nbsp;<\/p>\n\n\n\n<p>\u2018Cuerpos celestes\u2019 examina el extractivismo y los l\u00edmites minerales del planeta desde el prisma de la ciencia ficci\u00f3n. En palabras de sus creadores, \u201cse trata de un viaje po\u00e9tico por el espacio y una pregunta lanzada al futuro: \u00bfrepetiremos los mismos errores del pasado o seremos capaces de imaginar nuevas formas de relacionarnos con el universo?\u201d.<\/p>\n\n\n\n<p>Para ello, ofrece un dispositivo esc\u00e9nico que construye, al mismo tiempo, tres realidades diferentes que se entrelazan para dar forma a un texto basado en el concepto de la realidad especulativa.<\/p>\n\n\n\n<p>Laida Azkona Go\u00f1i y Txalo Toloza-Fern\u00e1ndez son los protagonistas de esta pieza que cuenta con la dramaturgia de AzkonaToloza en colaboraci\u00f3n con Raquel Cors Munt.<\/p>\n\n\n\n<p><strong>Taller para profesionales<\/strong><\/p>\n\n\n\n<p>Coincidiendo con esta representaci\u00f3n, la direcci\u00f3n adjunta de Artes Esc\u00e9nicas del IVC ha organizado el Taller para profesionales \u2018Cualquier parecido con la realidad no es pura coincidencia\u2019, que se desarrollar\u00e1 del 3 al 5 de marzo en la Sala 7 del Teatro Rialto.<\/p>\n\n\n\n<p>El objetivo de este taller es acercar la metodolog\u00eda de trabajo de AzkonaToloza (Laida Azkona Go\u00f1i y Txalo Toloza-Fern\u00e1ndez) basada en construir nuevos relatos a partir de la investigaci\u00f3n, la recuperaci\u00f3n de historias y de datos reales que nos permitan comprender las complejas l\u00edneas de relaci\u00f3n entre los hechos que dan forma a nuestro pasado y a nuestro presente.<\/p>\n\n\n\n<p>Las entradas se pueden adquirir en taquillas del teatro o en la&nbsp;<a href=\"https:\/\/taquilla.ivc.gva.es\/es\/espectaculo\/cuerpos-celestes\/CUERPOSCEL\" target=\"_blank\" rel=\"noreferrer noopener\">taquilla online del IVC.<\/a><\/p>\n","protected":false},"excerpt":{"rendered":"<div class=\"mh-excerpt\">El espect\u00e1culo de AzconaToloza aborda la guerra futura por la conquista del espacio. Se podr\u00e1 ver del 6 al 9 de marzo. El Institut Valenci\u00e0 de Cultura, dependiente de la Conselleria de Educaci\u00f3n, Cultura, Universidades <a class=\"mh-excerpt-more\" href=\"https:\/\/www.tucomarca.com\/wordpress\/segunda\/el-teatro-rialto-programa-cuerpos-celestes-un-proyecto-de-ciencia-y-ficcion-documental\/\" title=\"El Teatro Rialto programa \u2018Cuerpos celestes\u2019, un proyecto de ciencia y ficci\u00f3n documental\">[+] <\/a><\/div>\n","protected":false},"author":13,"featured_media":256654,"comment_status":"open","ping_status":"open","sticky":false,"template":"","format":"standard","meta":{"footnotes":""},"categories":[4,72,7,3],"tags":[13272,17757,2142,15855],"class_list":{"0":"post-256651","1":"post","2":"type-post","3":"status-publish","4":"format-standard","5":"has-post-thumbnail","7":"category-agenda","8":"category-sin-categorizar","9":"category-ocio-y-cultura","10":"category-seccion","11":"tag-institut-valencia-de-cultura","12":"tag-ivc","13":"tag-la-comunitat","14":"tag-ocio-y-cultura"},"_links":{"self":[{"href":"https:\/\/www.tucomarca.com\/wordpress\/segunda\/wp-json\/wp\/v2\/posts\/256651","targetHints":{"allow":["GET"]}}],"collection":[{"href":"https:\/\/www.tucomarca.com\/wordpress\/segunda\/wp-json\/wp\/v2\/posts"}],"about":[{"href":"https:\/\/www.tucomarca.com\/wordpress\/segunda\/wp-json\/wp\/v2\/types\/post"}],"author":[{"embeddable":true,"href":"https:\/\/www.tucomarca.com\/wordpress\/segunda\/wp-json\/wp\/v2\/users\/13"}],"replies":[{"embeddable":true,"href":"https:\/\/www.tucomarca.com\/wordpress\/segunda\/wp-json\/wp\/v2\/comments?post=256651"}],"version-history":[{"count":0,"href":"https:\/\/www.tucomarca.com\/wordpress\/segunda\/wp-json\/wp\/v2\/posts\/256651\/revisions"}],"wp:featuredmedia":[{"embeddable":true,"href":"https:\/\/www.tucomarca.com\/wordpress\/segunda\/wp-json\/wp\/v2\/media\/256654"}],"wp:attachment":[{"href":"https:\/\/www.tucomarca.com\/wordpress\/segunda\/wp-json\/wp\/v2\/media?parent=256651"}],"wp:term":[{"taxonomy":"category","embeddable":true,"href":"https:\/\/www.tucomarca.com\/wordpress\/segunda\/wp-json\/wp\/v2\/categories?post=256651"},{"taxonomy":"post_tag","embeddable":true,"href":"https:\/\/www.tucomarca.com\/wordpress\/segunda\/wp-json\/wp\/v2\/tags?post=256651"}],"curies":[{"name":"wp","href":"https:\/\/api.w.org\/{rel}","templated":true}]}}