{"id":256823,"date":"2025-03-06T11:00:00","date_gmt":"2025-03-06T10:00:00","guid":{"rendered":"https:\/\/www.tucomarca.com\/wordpress\/segunda\/?p=256823"},"modified":"2025-03-06T11:56:58","modified_gmt":"2025-03-06T10:56:58","slug":"las-lluvias-persisten-en-el-interior-donde-se-mantiene-el-nivel-naranja-y-un-acumulado-de-mas-de-400-litros-por-metro-cuadrado","status":"publish","type":"post","link":"https:\/\/www.tucomarca.com\/wordpress\/segunda\/las-lluvias-persisten-en-el-interior-donde-se-mantiene-el-nivel-naranja-y-un-acumulado-de-mas-de-400-litros-por-metro-cuadrado\/","title":{"rendered":"Las lluvias persisten en el interior donde se mantiene el nivel naranja y un acumulado de m\u00e1s de 400 litros por metro cuadrado"},"content":{"rendered":"\n<p>La Agencia Estatal de Meteorolog\u00eda (Aemet) ha informado que los registros m\u00e1ximos de lluvia se est\u00e1n produciendo en zonas de sierras prelitorales y litorales, con acumulaciones significativas repartidas en varios d\u00edas. A diferencia del pasado temporal de oto\u00f1o provocado por la DANA, donde la precipitaci\u00f3n intensa se concentr\u00f3 en pocas horas, en esta ocasi\u00f3n el fen\u00f3meno se caracteriza por su persistencia.<\/p>\n\n\n\n<p>Este jueves contin\u00faan los avisos naranjas en el \u00e1rea mediterr\u00e1nea debido al riesgo de lluvias intensas. En la provincia de Valencia, varias carreteras permanecen cortadas por acumulaciones de agua y desprendimientos. Concretamente son:<\/p>\n\n\n\n<ul class=\"wp-block-list\">\n<li><strong>CV-378<\/strong> (Cheste)<\/li>\n\n\n\n<li><strong>CV-431 y CV-448<\/strong> (Requena)<\/li>\n\n\n\n<li><strong>CV-395<\/strong> (Chera)<\/li>\n\n\n\n<li><strong>CV-429<\/strong> (Y\u00e1tova)<\/li>\n\n\n\n<li><strong>CV-336<\/strong> (Riba-roja de Turia)<\/li>\n\n\n\n<li><strong>CV-36<\/strong> (Torrent, Alaqu\u00e0s)<\/li>\n<\/ul>\n\n\n\n<p>Las autoridades recomiendan <strong>evitar desplazamientos innecesarios<\/strong> y seguir la evoluci\u00f3n meteorol\u00f3gica a trav\u00e9s de los canales oficiales.<\/p>\n\n\n\n<figure class=\"wp-block-image size-full\"><img loading=\"lazy\" decoding=\"async\" width=\"945\" height=\"533\" src=\"https:\/\/www.tucomarca.com\/wordpress\/segunda\/wp-content\/uploads\/2025\/03\/BunolRio6marzo25_2.jpg\" alt=\"\" class=\"wp-image-256838\" srcset=\"https:\/\/www.tucomarca.com\/wordpress\/segunda\/wp-content\/uploads\/2025\/03\/BunolRio6marzo25_2.jpg 945w, https:\/\/www.tucomarca.com\/wordpress\/segunda\/wp-content\/uploads\/2025\/03\/BunolRio6marzo25_2-300x169.jpg 300w, https:\/\/www.tucomarca.com\/wordpress\/segunda\/wp-content\/uploads\/2025\/03\/BunolRio6marzo25_2-768x433.jpg 768w, https:\/\/www.tucomarca.com\/wordpress\/segunda\/wp-content\/uploads\/2025\/03\/BunolRio6marzo25_2-678x381.jpg 678w\" sizes=\"auto, (max-width: 945px) 100vw, 945px\" \/><\/figure>\n\n\n\n<p><strong>Riesgo de tormentas y crecida de cauces<\/strong><\/p>\n\n\n\n<p>Los expertos advierten de que el mayor peligro en este temporal radica en las precipitaciones intensas y est\u00e1ticas, que pueden afectar zonas que ya han acumulado grandes cantidades de agua en los \u00faltimos d\u00edas. En algunas \u00e1reas, las lluvias ya han alcanzado los 400 litros por metro cuadrado.<\/p>\n\n\n\n<p>Como consecuencia, los cauces de r\u00edos y barrancos han experimentado crecidas importantes, afectando especialmente al T\u00faria, el Magro, el barranco del Poyo, la Saleta y el Carraixet. Adem\u00e1s, el nivel de agua en varias presas ha aumentado, destacando la de Buseo, que sigue en vigilancia tras registrar m\u00e1s de 100 l\/m\u00b2 en 24 horas, mientras sigue arrastrando da\u00f1os de la DANA de oto\u00f1o.<\/p>\n\n\n\n<figure class=\"wp-block-image size-full\"><img loading=\"lazy\" decoding=\"async\" width=\"945\" height=\"534\" src=\"https:\/\/www.tucomarca.com\/wordpress\/segunda\/wp-content\/uploads\/2025\/03\/BunolRio6marzo25_4.jpg\" alt=\"\" class=\"wp-image-256842\" srcset=\"https:\/\/www.tucomarca.com\/wordpress\/segunda\/wp-content\/uploads\/2025\/03\/BunolRio6marzo25_4.jpg 945w, https:\/\/www.tucomarca.com\/wordpress\/segunda\/wp-content\/uploads\/2025\/03\/BunolRio6marzo25_4-300x170.jpg 300w, https:\/\/www.tucomarca.com\/wordpress\/segunda\/wp-content\/uploads\/2025\/03\/BunolRio6marzo25_4-768x434.jpg 768w\" sizes=\"auto, (max-width: 945px) 100vw, 945px\" \/><\/figure>\n\n\n\n<p><strong>Forata, vertiendo por el aliviadero.<\/strong><\/p>\n\n\n\n<p>Desde la Confederaci\u00f3n Hidrogr\u00e1fica del J\u00facar, CHJ, han informado en sus redes sociales que la situaci\u00f3n es estable en toda la demarcaci\u00f3n con precipitaciones persistentes a lo largo de la noche; as\u00ed como que el pantano de Forata, ubicado en el t\u00e9rmino municipal de Y\u00e1tova y que regula las aguas del r\u00edo Magro, \u00abcontin\u00faa vertiendo por aliviadero, con unos caudales de salida que superan los 30 m\u00b3\/s\u00bb.<\/p>\n\n\n\n<p>Como se recordar\u00e1, el pantano se encuentra inmerso en plenos trabajos de extracci\u00f3n de las miles de toneladas de fango y lodo del r\u00edo Magro que fueron detenidas por Forata la fat\u00eddica tarde noche del 29 de octubre pasado. La avalancha de ca\u00f1as y fango, que ha sido cifrada desde la CHJ en dos millones de metros c\u00fabicos de sedimentos (aproximadamente 90.000 camiones ba\u00f1era), empezaron semanas atr\u00e1s a ser retiradas del fondo del pantano para liberar los des\u00e1g\u00fcese inferiores ahora mismo col\u00e1psados e inutillzados por casi seis metros de fango. <\/p>\n\n\n\n<p>Y es que esta enorme avalancha provoc\u00f3 que el riesgo de rotura de la presa de Forata estuviera presente durante cuatro horas cr\u00edticas en el CECOPI.<\/p>\n\n\n\n<figure class=\"wp-block-image size-large\"><img loading=\"lazy\" decoding=\"async\" width=\"1024\" height=\"823\" src=\"https:\/\/www.tucomarca.com\/wordpress\/segunda\/wp-content\/uploads\/2025\/03\/ForataJueves-1024x823.jpeg\" alt=\"\" class=\"wp-image-256847\" srcset=\"https:\/\/www.tucomarca.com\/wordpress\/segunda\/wp-content\/uploads\/2025\/03\/ForataJueves-1024x823.jpeg 1024w, https:\/\/www.tucomarca.com\/wordpress\/segunda\/wp-content\/uploads\/2025\/03\/ForataJueves-300x241.jpeg 300w, https:\/\/www.tucomarca.com\/wordpress\/segunda\/wp-content\/uploads\/2025\/03\/ForataJueves-768x618.jpeg 768w, https:\/\/www.tucomarca.com\/wordpress\/segunda\/wp-content\/uploads\/2025\/03\/ForataJueves.jpeg 1368w\" sizes=\"auto, (max-width: 1024px) 100vw, 1024px\" \/><\/figure>\n\n\n\n<p><strong>\u00abSin problemas en el cauce\u00bb<\/strong><\/p>\n\n\n\n<p>Desde la CHJ, en las \u00faltimas horas se ha comunicado a Emergencias de la Generalitat Valenciana \u00abun aumento en los caudales del r\u00edo Magro, por el alivio de Forata, con valores que superan los 30m\u00b3\/s en Guadassuar y que no deber\u00edan generar problemas importantes en el cauce\u00bb.<\/p>\n\n\n\n<p>Tanto la presa del Regajo como la del Algar est\u00e1n dando entradas por salidas, con caudales en torno a los 5 m\u00b3\/s y de 40 m\u00b3\/s, respectivamente.<\/p>\n\n\n\n<p>La presa de Ulldecona vierte alrededor de 6m\u00b3\/s y en Alcora los valores se sit\u00faan en torno a los 2 m\u00b3\/s.<\/p>\n\n\n\n<p>Y respecto al informe de las lluvias registradas en la jornada de ayer, desde la CHJ destacan los 153.6 l\/m\u00b2 acumulados en el embalse de Buseo (Chera). Tambi\u00e9n se registraron valores por encima de 100 l\/m\u00b2 en Cortes de Pall\u00e1s, Dos Aguas y Siete Aguas.<\/p>\n\n\n\n<p>Fotos: <strong>Jos\u00e9 Luis Mont\u00f3n<\/strong> y <strong>tucomarca.com<\/strong><\/p>\n","protected":false},"excerpt":{"rendered":"<div class=\"mh-excerpt\">La Agencia Estatal de Meteorolog\u00eda (Aemet) ha informado que los registros m\u00e1ximos de lluvia se est\u00e1n produciendo en zonas de sierras prelitorales y litorales, con acumulaciones significativas repartidas en varios d\u00edas. A diferencia del pasado <a class=\"mh-excerpt-more\" href=\"https:\/\/www.tucomarca.com\/wordpress\/segunda\/las-lluvias-persisten-en-el-interior-donde-se-mantiene-el-nivel-naranja-y-un-acumulado-de-mas-de-400-litros-por-metro-cuadrado\/\" title=\"Las lluvias persisten en el interior donde se mantiene el nivel naranja y un acumulado de m\u00e1s de 400 litros por metro cuadrado\">[+] <\/a><\/div>\n","protected":false},"author":12,"featured_media":256836,"comment_status":"open","ping_status":"open","sticky":false,"template":"","format":"gallery","meta":{"footnotes":""},"categories":[18,46,186,21465,128,72,10,42,59,117,142,27,182,3,116,29,45,11],"tags":[12831,2142,5952,3640,10387],"class_list":{"0":"post-256823","1":"post","2":"type-post","3":"status-publish","4":"format-gallery","5":"has-post-thumbnail","7":"category-bunol","8":"category-camp-de-turia","9":"category-chera-los-serranos","10":"category-dana","11":"category-infraestructuras","12":"category-sin-categorizar","13":"category-la-hoya","14":"category-la-ribera","15":"category-los-serranos","16":"category-medio-ambiente-la-comarca","17":"category-politica-la-comarca","18":"category-requena-utiel","19":"category-riba-roja","20":"category-seccion","21":"category-sucesos-la-comarca","22":"category-utiel","23":"category-ventana","24":"category-yatova","25":"tag-dana-2","26":"tag-la-comunitat","27":"tag-la-hoya-de-bunol-chiva","28":"tag-la-ribera-alta","29":"tag-requena-utiel","30":"post_format-post-format-gallery"},"_links":{"self":[{"href":"https:\/\/www.tucomarca.com\/wordpress\/segunda\/wp-json\/wp\/v2\/posts\/256823","targetHints":{"allow":["GET"]}}],"collection":[{"href":"https:\/\/www.tucomarca.com\/wordpress\/segunda\/wp-json\/wp\/v2\/posts"}],"about":[{"href":"https:\/\/www.tucomarca.com\/wordpress\/segunda\/wp-json\/wp\/v2\/types\/post"}],"author":[{"embeddable":true,"href":"https:\/\/www.tucomarca.com\/wordpress\/segunda\/wp-json\/wp\/v2\/users\/12"}],"replies":[{"embeddable":true,"href":"https:\/\/www.tucomarca.com\/wordpress\/segunda\/wp-json\/wp\/v2\/comments?post=256823"}],"version-history":[{"count":0,"href":"https:\/\/www.tucomarca.com\/wordpress\/segunda\/wp-json\/wp\/v2\/posts\/256823\/revisions"}],"wp:featuredmedia":[{"embeddable":true,"href":"https:\/\/www.tucomarca.com\/wordpress\/segunda\/wp-json\/wp\/v2\/media\/256836"}],"wp:attachment":[{"href":"https:\/\/www.tucomarca.com\/wordpress\/segunda\/wp-json\/wp\/v2\/media?parent=256823"}],"wp:term":[{"taxonomy":"category","embeddable":true,"href":"https:\/\/www.tucomarca.com\/wordpress\/segunda\/wp-json\/wp\/v2\/categories?post=256823"},{"taxonomy":"post_tag","embeddable":true,"href":"https:\/\/www.tucomarca.com\/wordpress\/segunda\/wp-json\/wp\/v2\/tags?post=256823"}],"curies":[{"name":"wp","href":"https:\/\/api.w.org\/{rel}","templated":true}]}}