{"id":256910,"date":"2025-03-06T17:00:00","date_gmt":"2025-03-06T16:00:00","guid":{"rendered":"https:\/\/www.tucomarca.com\/wordpress\/segunda\/?p=256910"},"modified":"2025-03-06T20:05:54","modified_gmt":"2025-03-06T19:05:54","slug":"las-previsiones-apuntan-a-una-mejoria-del-tiempo-aunque-una-nueva-borrasca-nos-afectara-el-fin-de-semana","status":"publish","type":"post","link":"https:\/\/www.tucomarca.com\/wordpress\/segunda\/las-previsiones-apuntan-a-una-mejoria-del-tiempo-aunque-una-nueva-borrasca-nos-afectara-el-fin-de-semana\/","title":{"rendered":"Las previsiones apuntan a una mejor\u00eda del tiempo aunque una nueva borrasca nos afectar\u00e1 el fin de semana"},"content":{"rendered":"\n<p>El Centro de Coordinaci\u00f3n de Emergencias ha anunciado a las 19,00 horas de este jueves el fin de la Emergencia Situaci\u00f3n 0 por inundaciones en las provincias de Valencia y Alicante.<\/p>\n\n\n\n<p>Tras varios d\u00edas de lluvias persistentes, con acumulados significativos en diversas localidades, la situaci\u00f3n comienza a normalizarse. Aunque las precipitaciones han sido continuas, la intensidad ha disminuido en las \u00faltimas horas, permitiendo la reducci\u00f3n del riesgo en las zonas m\u00e1s afectadas.<\/p>\n\n\n\n<p>Las autoridades han informado que, pese a la mejora, se mantiene la vigilancia en r\u00edos y barrancos, as\u00ed como en las infraestructuras da\u00f1adas por el temporal.<\/p>\n\n\n\n<p>Las precipitaciones contin\u00faan afectando a la Comunitat Valenciana con registros destacados en varias localidades del interior sur de Valencia. Seg\u00fan la Agencia Estatal de Meteorolog\u00eda (Aemet), las lluvias han sido persistentes, con intensidades de d\u00e9biles a moderadas, acumulando m\u00e1s de 50 l\/m\u00b2 en diversas zonas.<\/p>\n\n\n\n<p>Entre los valores m\u00e1s elevados registrados en las \u00faltimas horas destacan: Cortes de Pall\u00e1s con 95,8 l\/m\u00b2; Teresa de Cofrentes con 80,4 l\/m\u00b2 y Bicorp con 50,8 l\/m\u00b2.<\/p>\n\n\n\n<figure class=\"wp-block-image size-full\"><img loading=\"lazy\" decoding=\"async\" width=\"945\" height=\"534\" src=\"https:\/\/www.tucomarca.com\/wordpress\/segunda\/wp-content\/uploads\/2025\/03\/BunolRio6marzo25_3.jpg\" alt=\"\" class=\"wp-image-256840\" srcset=\"https:\/\/www.tucomarca.com\/wordpress\/segunda\/wp-content\/uploads\/2025\/03\/BunolRio6marzo25_3.jpg 945w, https:\/\/www.tucomarca.com\/wordpress\/segunda\/wp-content\/uploads\/2025\/03\/BunolRio6marzo25_3-300x170.jpg 300w, https:\/\/www.tucomarca.com\/wordpress\/segunda\/wp-content\/uploads\/2025\/03\/BunolRio6marzo25_3-768x434.jpg 768w\" sizes=\"auto, (max-width: 945px) 100vw, 945px\" \/><\/figure>\n\n\n\n<p><strong>Cambio de tiempo para el fin de semana<\/strong><\/p>\n\n\n\n<p>A partir de ma\u00f1ana viernes, 7 de marzo, la situaci\u00f3n meteorol\u00f3gica cambiar\u00e1. El anticicl\u00f3n europeo se retirar\u00e1 hacia el este, permitiendo la aproximaci\u00f3n de borrascas atl\u00e1nticas. Como consecuencia, el viento girar\u00e1 de levante a sur y suroeste.<\/p>\n\n\n\n<p>Seg\u00fan las previsiones, estos frentes activos podr\u00edan provocar chubascos y tormentas de cierta intensidad, aunque de corta duraci\u00f3n, afectando principalmente al interior y norte de la Comunitat Valenciana. No obstante, no se descarta que puedan producirse en cualquier punto del territorio durante la tarde-noche del s\u00e1bado.<\/p>\n\n\n\n<p>Adem\u00e1s, estos frentes invernales podr\u00edan venir acompa\u00f1ados de rachas fuertes de viento, aunque tambi\u00e9n de breve duraci\u00f3n. Las autoridades recomiendan mantenerse informados y extremar la precauci\u00f3n ante posibles cambios bruscos en las condiciones meteorol\u00f3gicas.<\/p>\n","protected":false},"excerpt":{"rendered":"<div class=\"mh-excerpt\">El Centro de Coordinaci\u00f3n de Emergencias ha anunciado a las 19,00 horas de este jueves el fin de la Emergencia Situaci\u00f3n 0 por inundaciones en las provincias de Valencia y Alicante. Tras varios d\u00edas de <a class=\"mh-excerpt-more\" href=\"https:\/\/www.tucomarca.com\/wordpress\/segunda\/las-previsiones-apuntan-a-una-mejoria-del-tiempo-aunque-una-nueva-borrasca-nos-afectara-el-fin-de-semana\/\" title=\"Las previsiones apuntan a una mejor\u00eda del tiempo aunque una nueva borrasca nos afectar\u00e1 el fin de semana\">[+] <\/a><\/div>\n","protected":false},"author":1,"featured_media":256923,"comment_status":"open","ping_status":"open","sticky":false,"template":"","format":"standard","meta":{"footnotes":""},"categories":[21465,128,8,72,117,142,3,116,45],"tags":[10395,12831,2142,5952,10387],"class_list":{"0":"post-256910","1":"post","2":"type-post","3":"status-publish","4":"format-standard","5":"has-post-thumbnail","7":"category-dana","8":"category-infraestructuras","9":"category-la-comarca","10":"category-sin-categorizar","11":"category-medio-ambiente-la-comarca","12":"category-politica-la-comarca","13":"category-seccion","14":"category-sucesos-la-comarca","15":"category-ventana","16":"tag-camp-de-turia","17":"tag-dana-2","18":"tag-la-comunitat","19":"tag-la-hoya-de-bunol-chiva","20":"tag-requena-utiel"},"_links":{"self":[{"href":"https:\/\/www.tucomarca.com\/wordpress\/segunda\/wp-json\/wp\/v2\/posts\/256910","targetHints":{"allow":["GET"]}}],"collection":[{"href":"https:\/\/www.tucomarca.com\/wordpress\/segunda\/wp-json\/wp\/v2\/posts"}],"about":[{"href":"https:\/\/www.tucomarca.com\/wordpress\/segunda\/wp-json\/wp\/v2\/types\/post"}],"author":[{"embeddable":true,"href":"https:\/\/www.tucomarca.com\/wordpress\/segunda\/wp-json\/wp\/v2\/users\/1"}],"replies":[{"embeddable":true,"href":"https:\/\/www.tucomarca.com\/wordpress\/segunda\/wp-json\/wp\/v2\/comments?post=256910"}],"version-history":[{"count":0,"href":"https:\/\/www.tucomarca.com\/wordpress\/segunda\/wp-json\/wp\/v2\/posts\/256910\/revisions"}],"wp:featuredmedia":[{"embeddable":true,"href":"https:\/\/www.tucomarca.com\/wordpress\/segunda\/wp-json\/wp\/v2\/media\/256923"}],"wp:attachment":[{"href":"https:\/\/www.tucomarca.com\/wordpress\/segunda\/wp-json\/wp\/v2\/media?parent=256910"}],"wp:term":[{"taxonomy":"category","embeddable":true,"href":"https:\/\/www.tucomarca.com\/wordpress\/segunda\/wp-json\/wp\/v2\/categories?post=256910"},{"taxonomy":"post_tag","embeddable":true,"href":"https:\/\/www.tucomarca.com\/wordpress\/segunda\/wp-json\/wp\/v2\/tags?post=256910"}],"curies":[{"name":"wp","href":"https:\/\/api.w.org\/{rel}","templated":true}]}}