{"id":257006,"date":"2025-03-06T15:30:00","date_gmt":"2025-03-06T14:30:00","guid":{"rendered":"https:\/\/www.tucomarca.com\/wordpress\/segunda\/?p=257006"},"modified":"2025-03-06T20:42:22","modified_gmt":"2025-03-06T19:42:22","slug":"la-mancomunidad-abre-el-debate-sobre-las-necesidades-formativas-de-los-municipios-de-la-hoya-de-bunol-chiva","status":"publish","type":"post","link":"https:\/\/www.tucomarca.com\/wordpress\/segunda\/la-mancomunidad-abre-el-debate-sobre-las-necesidades-formativas-de-los-municipios-de-la-hoya-de-bunol-chiva\/","title":{"rendered":"La Mancomunidad abre el debate sobre las necesidades formativas de los municipios de La Hoya de Bu\u00f1ol-Chiva"},"content":{"rendered":"\n<p>La Agencia de Desarrollo Local de la Mancomunidad, como representante del Acuerdo Territorial por el empleo de la comarca y miembro del Comit\u00e9 T\u00e9cnico del Consejo Territorial de Formaci\u00f3n Profesional se ha reunido con y a propuesta de Jos\u00e9 Luis Fuster, prospector de la Conselleria de Educaci\u00f3n, Cultura, Universidades y Empleo.<\/p>\n\n\n\n<p>En dicha reuni\u00f3n, se ha acordado actualizar el estudio de necesidades formativas que realiz\u00f3 la agencia de desarrollo local en a\u00f1o 2021, en dicho informe ya se concluy\u00f3 que las mayores necesidades formativas se centraban en electricidad y electr\u00f3nica, fabricaci\u00f3n mec\u00e1nica, instalaci\u00f3n y mantenimiento, sanidad y servicios socioculturales y a la comunidad.<\/p>\n\n\n\n<p>Posteriormente al a\u00f1o 2021, se han ido incorporando algunas peticiones del anterior informe, como por ejemplo, la que se relaciona con la que el Consell, y que aprueba el convenio que impulsar\u00e1 en el IES de la Hoya de Bu\u00f1ol la formaci\u00f3n de grado medio de mecanizado.&nbsp;<\/p>\n\n\n\n<p>El Comit\u00e9 volver\u00e1 a estudiar la oferta formativa de FP del territorio, principalmente el Grado C, para impartir los certificados de profesionalidad y la nueva ley de Formaci\u00f3n Profesional (FP), que ha entrado en vigor en este a\u00f1o con cambios significativos, estos cambios buscan transformar el panorama educativo y laboral en Espa\u00f1a. Las empresas jugar\u00e1n un papel clave en el dise\u00f1o de los programas formativos y en la tutorizaci\u00f3n de los estudiantes durante su formaci\u00f3n dual.<\/p>\n","protected":false},"excerpt":{"rendered":"<div class=\"mh-excerpt\">La Agencia de Desarrollo Local de la Mancomunidad, como representante del Acuerdo Territorial por el empleo de la comarca y miembro del Comit\u00e9 T\u00e9cnico del Consejo Territorial de Formaci\u00f3n Profesional se ha reunido con y <a class=\"mh-excerpt-more\" href=\"https:\/\/www.tucomarca.com\/wordpress\/segunda\/la-mancomunidad-abre-el-debate-sobre-las-necesidades-formativas-de-los-municipios-de-la-hoya-de-bunol-chiva\/\" title=\"La Mancomunidad abre el debate sobre las necesidades formativas de los municipios de La Hoya de Bu\u00f1ol-Chiva\">[+] <\/a><\/div>\n","protected":false},"author":1,"featured_media":257007,"comment_status":"open","ping_status":"open","sticky":false,"template":"","format":"standard","meta":{"footnotes":""},"categories":[128,8,72,10,142,3],"tags":[5952,386],"class_list":{"0":"post-257006","1":"post","2":"type-post","3":"status-publish","4":"format-standard","5":"has-post-thumbnail","7":"category-infraestructuras","8":"category-la-comarca","9":"category-sin-categorizar","10":"category-la-hoya","11":"category-politica-la-comarca","12":"category-seccion","13":"tag-la-hoya-de-bunol-chiva","14":"tag-mancomunidad"},"_links":{"self":[{"href":"https:\/\/www.tucomarca.com\/wordpress\/segunda\/wp-json\/wp\/v2\/posts\/257006","targetHints":{"allow":["GET"]}}],"collection":[{"href":"https:\/\/www.tucomarca.com\/wordpress\/segunda\/wp-json\/wp\/v2\/posts"}],"about":[{"href":"https:\/\/www.tucomarca.com\/wordpress\/segunda\/wp-json\/wp\/v2\/types\/post"}],"author":[{"embeddable":true,"href":"https:\/\/www.tucomarca.com\/wordpress\/segunda\/wp-json\/wp\/v2\/users\/1"}],"replies":[{"embeddable":true,"href":"https:\/\/www.tucomarca.com\/wordpress\/segunda\/wp-json\/wp\/v2\/comments?post=257006"}],"version-history":[{"count":0,"href":"https:\/\/www.tucomarca.com\/wordpress\/segunda\/wp-json\/wp\/v2\/posts\/257006\/revisions"}],"wp:featuredmedia":[{"embeddable":true,"href":"https:\/\/www.tucomarca.com\/wordpress\/segunda\/wp-json\/wp\/v2\/media\/257007"}],"wp:attachment":[{"href":"https:\/\/www.tucomarca.com\/wordpress\/segunda\/wp-json\/wp\/v2\/media?parent=257006"}],"wp:term":[{"taxonomy":"category","embeddable":true,"href":"https:\/\/www.tucomarca.com\/wordpress\/segunda\/wp-json\/wp\/v2\/categories?post=257006"},{"taxonomy":"post_tag","embeddable":true,"href":"https:\/\/www.tucomarca.com\/wordpress\/segunda\/wp-json\/wp\/v2\/tags?post=257006"}],"curies":[{"name":"wp","href":"https:\/\/api.w.org\/{rel}","templated":true}]}}