{"id":2571,"date":"2012-05-28T18:23:28","date_gmt":"2012-05-28T16:23:28","guid":{"rendered":"http:\/\/www.tucomarca.com\/wordpress\/segunda\/?p=2571"},"modified":"2012-06-12T13:19:28","modified_gmt":"2012-06-12T11:19:28","slug":"la-diputacion-destina-89-tecnicos-de-colegios-profesionales-a-los-ayuntamientos-de-la-ribera","status":"publish","type":"post","link":"https:\/\/www.tucomarca.com\/wordpress\/segunda\/la-diputacion-destina-89-tecnicos-de-colegios-profesionales-a-los-ayuntamientos-de-la-ribera\/","title":{"rendered":"La Diputaci\u00f3n destina 89 t\u00e9cnicos de colegios profesionales a los ayuntamientos de la Ribera"},"content":{"rendered":"<p>La Diputaci\u00f3n ha destinado a la comarca de la Ribera una partida de 202.313 euros para que t\u00e9cnicos asistan en diversas materias a 89 entidades locales.<\/p>\n<p>Los ayuntamientos de la Ribera Alta y los colegiados que asesoran profesionalmente en las diferentes \u00e1reas a estos ayuntamientos son Alcantera De Xuquer (Arquitecto T\u00e9cnico, Ingeniero T\u00e9cnico Industrial e Ingeniero T\u00e9cnico Agr\u00edcola), Alfarp (Arquitecto T\u00e9cnico, Ingeniero T\u00e9cnico Industrial e Ingeniero Agr\u00f3nomo), Antella (Arquitecto, Arquitecto T\u00e9cnico e Ingeniero T\u00e9cnico Industrial), Beneixida (Arquitecto T\u00e9cnico, Ingeniero T\u00e9cnico Industrial y Graduado Social), Benimodo (Arquitecto e Ingeniero T\u00e9cnico Industrial), Benimuslem (Arquitecto e Ingeniero T\u00e9cnico Industrial),<br \/>\nC\u00e1rcer (Arquitecto T\u00e9cnico, Ingeniero T\u00e9cnico Industrial e Ingeniero T\u00e9cnico Agr\u00edcola), Catadau (Arquitecto, Arquitecto T\u00e9cnico e Ingeniero Industrial),Cotes (Arquitecto T\u00e9cnico, Ingeniero T\u00e9cnico Industrial e Ingeniero Agr\u00f3nomo), \u00c9nova (Arquitecto e Ingeniero T\u00e9cnico Agr\u00edcola), Gavarda (Arquitecto e Ingeniero Industrial), Llombai (Arquitecto e Ingeniero T\u00e9cnico Agr\u00edcola), Manuel (Arquitecto e Ingeniero T\u00e9cnico Industrial), Massalaves (Arquitecto, Arquitecto T\u00e9cnico e Ingeniero T\u00e9cnico Industrial), Montroy (Arquitecto T\u00e9cnico, Ingeniero Industrial e Ingeniero T\u00e9cnico Agr\u00edcola), Poliny\u00e0 de Xuquer ( Arquitecto, Arquitecto T\u00e9cnico e Ingeniero T\u00e9cnico Industrial) Rafelguaraf ( Arquitecto, Arquitecto T\u00e9cnico e Ingeniero Industrial), Real (Arquitecto, Ingeniero Industrial e Ingeniero T\u00e9cnico Agr\u00edcola), Sant Joanet (Arquitecto T\u00e9cnico, Ingeniero de Caminos e Ingeniero Agr\u00f3nomo), Sellent (Arquitecto T\u00e9cnico, Ingeniero T\u00e9cnico Industrial e Ingeniero T\u00e9cnico Agr\u00edcola), Senyera (Arquitecto e Ingeniero T\u00e9cnico Industrial), Sumacarcer (Arquitecto, Arquitecto T\u00e9cnico e Ingeniero T\u00e9cnico Industrial), Tous (Arquitecto T\u00e9cnico e Ingeniero T\u00e9cnico Agr\u00edcola), Benicull de X\u00faquer (Arquitecto , Arquitecto T\u00e9cnico e Ingeniero T\u00e9cnico Industrial) La Barraca d&#8217;Aig\u00fces Vives (Arquitecto T\u00e9cnico e Ingeniero Industrial) y Alc\u00e0ntera (Arquitecto T\u00e9cnico e Ingeniero T\u00e9cnico Industrial)<\/p>\n<p>Los municipios de la Ribera Baixa que recibir\u00e1n asesoramiento de diferentes t\u00e9cnicos de los colegios profesionales son Albalat De La Ribera (Arquitecto e Ingeniero T\u00e9cnico Industrial) Corbera (Arquitecto, Arquitecto T\u00e9cnico e Ingeniero Industrial) Favara (Arquitecto, Ingeniero T\u00e9cnico Industrial e ingeniero T\u00e9cnico Agr\u00edcola) Fortaleny (Arquitecto y Arquitecto T\u00e9cnico Ingeniero) Llauri (Arquitecto, Arquitecto T\u00e9cnico e Ingeniero T\u00e9cnico Industrial) Riola (Arquitecto, Ingeniero T\u00e9cnico Industrial ) El Mareny (Arquitecto, Ingeniero T\u00e9cnico Industrial y Graduado Social) y El Perell\u00f3 (Arquitecto e Ingeniero Industrial).<\/p>\n<p><strong>Trece colegios profesionales<\/strong><\/p>\n<p>La instituci\u00f3n provincial mantiene convenios en vigor con 13 colegios profesionales de la Comunitat Valenciana para garantizar el asesoramiento t\u00e9cnico especializado a los ayuntamientos y mancomunidades de menor poblaci\u00f3n y recursos.<\/p>\n<p>As\u00ed pues, en toda la provincia un presupuesto de 1.160.000 euros se ha destinado a financiar la labor de los colegiados que requieren los ayuntamientos.<\/p>\n<p>Los acuerdos con los colegios profesionales se mantienen actualemente con el colegio de de arquitectos, aparejadores-arquitectos t\u00e9cnicos, ingenieros de caminos, canales y puertos, ingenieros t\u00e9cnicos de obras p\u00fablicas, ingenieros t\u00e9cnicos industriales, ingenieros industriales, ingenieros agr\u00f3nomos, ingenieros t\u00e9cnicos agr\u00edcolas, ingenieros de montes, ingenieros t\u00e9cnicos forestales, ingenieros t\u00e9cnicos en topograf\u00eda, graduados sociales e ingenieros de telecomunicaci\u00f3n.<\/p>\n<p>Seg\u00fan el diputado de Asesoramiento Municipal, Francisco Lled\u00f3, \u00abesta colaboraci\u00f3n est\u00e1 dirigida a ayuntamientos con peque\u00f1a poblaci\u00f3n y escasos recursos econ\u00f3micos, ya que muchos de ellos no podr\u00edan contar con ayuda especializada para una correcta gesti\u00f3n municipal sin la asistencia de estos profesionales que les proporciona la Diputaci\u00f3n\u00bb.<\/p>\n<p>Las actividades municipales que m\u00e1s demandan la presencia de profesionales colegiados son la emisi\u00f3n de informes sobre planeamiento municipal, c\u00e9dulas de habitabilidad, licencias de obras y actividades, calificaci\u00f3n urban\u00edstica de terrenos, declaraci\u00f3n de espacios protegidos, delimitaci\u00f3n de terrenos forestales, valoraciones catastrales y preparaci\u00f3n de expedientes y subvenciones, entre otras.<\/p>\n","protected":false},"excerpt":{"rendered":"<div class=\"mh-excerpt\">La Diputaci\u00f3n ha destinado a la comarca de la Ribera una partida de 202.313 euros para que t\u00e9cnicos asistan en diversas materias a 89 entidades locales. Los ayuntamientos de la Ribera Alta y los colegiados <a class=\"mh-excerpt-more\" href=\"https:\/\/www.tucomarca.com\/wordpress\/segunda\/la-diputacion-destina-89-tecnicos-de-colegios-profesionales-a-los-ayuntamientos-de-la-ribera\/\" title=\"La Diputaci\u00f3n destina 89 t\u00e9cnicos de colegios profesionales a los ayuntamientos de la Ribera\">[+] <\/a><\/div>\n","protected":false},"author":1,"featured_media":0,"comment_status":"open","ping_status":"open","sticky":false,"template":"","format":"standard","meta":{"footnotes":""},"categories":[145,154,146,147,148,155,156,128,152,8,42,97,153,157,160,109,3,150,159],"tags":[],"class_list":{"0":"post-2571","1":"post","2":"type-post","3":"status-publish","4":"format-standard","6":"category-alcantera-de-xuquer","7":"category-alfarp","8":"category-antella","9":"category-beneixida","10":"category-carcer","11":"category-catadau","12":"category-gavarda","13":"category-infraestructuras","14":"category-lenova","15":"category-la-comarca","16":"category-la-ribera","17":"category-llombai","18":"category-manuel","19":"category-masalaves","20":"category-montroi","21":"category-rafelguaraf","22":"category-seccion","23":"category-sellent","24":"category-tous"},"_links":{"self":[{"href":"https:\/\/www.tucomarca.com\/wordpress\/segunda\/wp-json\/wp\/v2\/posts\/2571","targetHints":{"allow":["GET"]}}],"collection":[{"href":"https:\/\/www.tucomarca.com\/wordpress\/segunda\/wp-json\/wp\/v2\/posts"}],"about":[{"href":"https:\/\/www.tucomarca.com\/wordpress\/segunda\/wp-json\/wp\/v2\/types\/post"}],"author":[{"embeddable":true,"href":"https:\/\/www.tucomarca.com\/wordpress\/segunda\/wp-json\/wp\/v2\/users\/1"}],"replies":[{"embeddable":true,"href":"https:\/\/www.tucomarca.com\/wordpress\/segunda\/wp-json\/wp\/v2\/comments?post=2571"}],"version-history":[{"count":0,"href":"https:\/\/www.tucomarca.com\/wordpress\/segunda\/wp-json\/wp\/v2\/posts\/2571\/revisions"}],"wp:attachment":[{"href":"https:\/\/www.tucomarca.com\/wordpress\/segunda\/wp-json\/wp\/v2\/media?parent=2571"}],"wp:term":[{"taxonomy":"category","embeddable":true,"href":"https:\/\/www.tucomarca.com\/wordpress\/segunda\/wp-json\/wp\/v2\/categories?post=2571"},{"taxonomy":"post_tag","embeddable":true,"href":"https:\/\/www.tucomarca.com\/wordpress\/segunda\/wp-json\/wp\/v2\/tags?post=2571"}],"curies":[{"name":"wp","href":"https:\/\/api.w.org\/{rel}","templated":true}]}}