{"id":257137,"date":"2025-03-07T20:00:00","date_gmt":"2025-03-07T19:00:00","guid":{"rendered":"https:\/\/www.tucomarca.com\/wordpress\/segunda\/?p=257137"},"modified":"2025-03-08T13:36:24","modified_gmt":"2025-03-08T12:36:24","slug":"siete-aguas-celebra-el-dia-de-la-mujer-con-un-programa-de-actos-especiales","status":"publish","type":"post","link":"https:\/\/www.tucomarca.com\/wordpress\/segunda\/siete-aguas-celebra-el-dia-de-la-mujer-con-un-programa-de-actos-especiales\/","title":{"rendered":"Siete Aguas celebra el D\u00eda de la Mujer con un programa de actos especiales"},"content":{"rendered":"\n<p>Bajo el lema <em>\u201cCada mujer es un poema de valent\u00eda, escrito con las tintas de la perseverancia\u201d<\/em>, el municipio se une a la conmemoraci\u00f3n del 8M, reforzando su compromiso con la igualdad y la visibilizaci\u00f3n del papel de la mujer en la sociedad y para eso ha preparado un variado programa de actividades para conmemorar el D\u00eda Internacional de la Mujer 2025. La agenda incluye actos culturales, una comida de convivencia y un espect\u00e1culo musical.<\/p>\n\n\n\n<p>Las celebraciones arrancan el viernes 7 de marzo a las 18:00 horas, en el gimnasio del Colegio P\u00fablico, con la performance <em>\u00abEl ciclo de la violencia de g\u00e9nero\u00bb<\/em>, dirigida por Javier Sanz y presentada por el Teatro Siete Aguas. Al finalizar la representaci\u00f3n, se ofrecer\u00e1 un chocolate a los asistentes.<\/p>\n\n\n<div class=\"wp-block-image\">\n<figure class=\"alignleft size-large is-resized\"><img loading=\"lazy\" decoding=\"async\" width=\"819\" height=\"1024\" src=\"https:\/\/www.tucomarca.com\/wordpress\/segunda\/wp-content\/uploads\/2025\/03\/SieteAguas8M-819x1024.jpg\" alt=\"\" class=\"wp-image-257139\" style=\"width:348px;height:auto\" srcset=\"https:\/\/www.tucomarca.com\/wordpress\/segunda\/wp-content\/uploads\/2025\/03\/SieteAguas8M-819x1024.jpg 819w, https:\/\/www.tucomarca.com\/wordpress\/segunda\/wp-content\/uploads\/2025\/03\/SieteAguas8M-240x300.jpg 240w, https:\/\/www.tucomarca.com\/wordpress\/segunda\/wp-content\/uploads\/2025\/03\/SieteAguas8M-768x960.jpg 768w, https:\/\/www.tucomarca.com\/wordpress\/segunda\/wp-content\/uploads\/2025\/03\/SieteAguas8M.jpg 1080w\" sizes=\"auto, (max-width: 819px) 100vw, 819px\" \/><\/figure>\n<\/div>\n\n\n<p>El s\u00e1bado 8 de marzo, a partir de las 14:00 horas, tendr\u00e1 lugar una comida de convivencia para todas las socias en el Restaurante Los Siete Ca\u00f1os, donde ser\u00e1 necesario confirmar asistencia. Adem\u00e1s, se ha anunciado un fin de fiesta sorpresa, organizado con la colaboraci\u00f3n de los comercios locales. Para cerrar la jornada, la Orquesta Enjoy ofrecer\u00e1 una actuaci\u00f3n en el gimnasio del CEIP Vicente Aleixandre, a partir de las 17:00 horas, con el respaldo del Ayuntamiento de Siete Aguas y la colaboraci\u00f3n de la asociaci\u00f3n Tyrius Siete Aguas.<\/p>\n","protected":false},"excerpt":{"rendered":"<div class=\"mh-excerpt\">Bajo el lema \u201cCada mujer es un poema de valent\u00eda, escrito con las tintas de la perseverancia\u201d, el municipio se une a la conmemoraci\u00f3n del 8M, reforzando su compromiso con la igualdad y la visibilizaci\u00f3n <a class=\"mh-excerpt-more\" href=\"https:\/\/www.tucomarca.com\/wordpress\/segunda\/siete-aguas-celebra-el-dia-de-la-mujer-con-un-programa-de-actos-especiales\/\" title=\"Siete Aguas celebra el D\u00eda de la Mujer con un programa de actos especiales\">[+] <\/a><\/div>\n","protected":false},"author":12,"featured_media":257139,"comment_status":"open","ping_status":"open","sticky":false,"template":"","format":"standard","meta":{"footnotes":""},"categories":[4,8,10,7,142,3,12],"tags":[11507,5952,10381],"class_list":{"0":"post-257137","1":"post","2":"type-post","3":"status-publish","4":"format-standard","5":"has-post-thumbnail","7":"category-agenda","8":"category-la-comarca","9":"category-la-hoya","10":"category-ocio-y-cultura","11":"category-politica-la-comarca","12":"category-seccion","13":"category-siete-aguas","14":"tag-8m","15":"tag-la-hoya-de-bunol-chiva","16":"tag-siete-aguas"},"_links":{"self":[{"href":"https:\/\/www.tucomarca.com\/wordpress\/segunda\/wp-json\/wp\/v2\/posts\/257137","targetHints":{"allow":["GET"]}}],"collection":[{"href":"https:\/\/www.tucomarca.com\/wordpress\/segunda\/wp-json\/wp\/v2\/posts"}],"about":[{"href":"https:\/\/www.tucomarca.com\/wordpress\/segunda\/wp-json\/wp\/v2\/types\/post"}],"author":[{"embeddable":true,"href":"https:\/\/www.tucomarca.com\/wordpress\/segunda\/wp-json\/wp\/v2\/users\/12"}],"replies":[{"embeddable":true,"href":"https:\/\/www.tucomarca.com\/wordpress\/segunda\/wp-json\/wp\/v2\/comments?post=257137"}],"version-history":[{"count":0,"href":"https:\/\/www.tucomarca.com\/wordpress\/segunda\/wp-json\/wp\/v2\/posts\/257137\/revisions"}],"wp:featuredmedia":[{"embeddable":true,"href":"https:\/\/www.tucomarca.com\/wordpress\/segunda\/wp-json\/wp\/v2\/media\/257139"}],"wp:attachment":[{"href":"https:\/\/www.tucomarca.com\/wordpress\/segunda\/wp-json\/wp\/v2\/media?parent=257137"}],"wp:term":[{"taxonomy":"category","embeddable":true,"href":"https:\/\/www.tucomarca.com\/wordpress\/segunda\/wp-json\/wp\/v2\/categories?post=257137"},{"taxonomy":"post_tag","embeddable":true,"href":"https:\/\/www.tucomarca.com\/wordpress\/segunda\/wp-json\/wp\/v2\/tags?post=257137"}],"curies":[{"name":"wp","href":"https:\/\/api.w.org\/{rel}","templated":true}]}}