{"id":257158,"date":"2025-03-08T13:00:00","date_gmt":"2025-03-08T12:00:00","guid":{"rendered":"https:\/\/www.tucomarca.com\/wordpress\/segunda\/?p=257158"},"modified":"2025-03-08T14:07:51","modified_gmt":"2025-03-08T13:07:51","slug":"susana-camarero-la-generalitat-impulsa-el-liderazgo-femenino-con-nuevas-medidas-y-recursos-para-garantizar-la-igualdad-de-oportunidades","status":"publish","type":"post","link":"https:\/\/www.tucomarca.com\/wordpress\/segunda\/susana-camarero-la-generalitat-impulsa-el-liderazgo-femenino-con-nuevas-medidas-y-recursos-para-garantizar-la-igualdad-de-oportunidades\/","title":{"rendered":"Susana Camarero: \u201cLa Generalitat impulsa el liderazgo femenino con nuevas medidas y recursos para garantizar la igualdad de oportunidades\u201d"},"content":{"rendered":"\n<h3 class=\"wp-block-heading\">Destaca la puesta en marcha de medidas clave como la educaci\u00f3n gratuita de 0 a 3 a\u00f1os o el Plan Corresponsables para impulsar m\u00e1s de 650 proyectos de conciliaci\u00f3n y corresponsabilidad en 457 municipios.<\/h3>\n\n\n\n<h3 class=\"wp-block-heading\">Resalta que la Comunitat ha batido r\u00e9cord hist\u00f3rico de empleo femenino en 2024 con 1.100.000 mujeres trabajando.<\/h3>\n\n\n\n<h3 class=\"wp-block-heading\">Destaca el compromiso del Consell con la lucha contra la violencia contra la mujer y medidas como la licitaci\u00f3n de todos los centros mujer que estaban sin contrato desde 2019 o la apertura de tres Centros Crisis 24 en Valencia, Alicante y Castell\u00f3n en tiempo r\u00e9cord.<\/h3>\n\n\n\n<h3 class=\"wp-block-heading\">Sostiene que \u201cla igualdad de oportunidades debe seguir siendo nuestro eje de actuaci\u00f3n, sin exclusiones, sin paternalismos, sin imposiciones y sin banderas, desde la libertad de cada mujer de elegir su camino sin barreras que le impidan alcanzarlo\u201d.<\/h3>\n\n\n\n<figure class=\"wp-block-image size-large\"><img loading=\"lazy\" decoding=\"async\" width=\"1024\" height=\"682\" src=\"https:\/\/www.tucomarca.com\/wordpress\/segunda\/wp-content\/uploads\/2025\/03\/SusanaCamareroPremis-1024x682.jpeg\" alt=\"\" class=\"wp-image-257163\" srcset=\"https:\/\/www.tucomarca.com\/wordpress\/segunda\/wp-content\/uploads\/2025\/03\/SusanaCamareroPremis-1024x682.jpeg 1024w, https:\/\/www.tucomarca.com\/wordpress\/segunda\/wp-content\/uploads\/2025\/03\/SusanaCamareroPremis-300x200.jpeg 300w, https:\/\/www.tucomarca.com\/wordpress\/segunda\/wp-content\/uploads\/2025\/03\/SusanaCamareroPremis-768x512.jpeg 768w, https:\/\/www.tucomarca.com\/wordpress\/segunda\/wp-content\/uploads\/2025\/03\/SusanaCamareroPremis-1536x1023.jpeg 1536w, https:\/\/www.tucomarca.com\/wordpress\/segunda\/wp-content\/uploads\/2025\/03\/SusanaCamareroPremis.jpeg 1600w\" sizes=\"auto, (max-width: 1024px) 100vw, 1024px\" \/><\/figure>\n\n\n\n<p>La vicepresidenta primera y consellera de Servicios Sociales, Igualdad y Vivienda, Susana Camarero, ha reafirmado hoy \u201cel compromiso de la Generalitat para impulsar el liderazgo femenino con nuevas medidas y recursos para garantizar la igualdad de oportunidades\u201d.<\/p>\n\n\n\n<p>Con motivo de la conmemoraci\u00f3n del D\u00eda Internacional de la Mujer, Camarero ha destacado la \u201cvalent\u00eda y determinaci\u00f3n de muchas mujeres que, a lo largo de la historia, han roto barreras y han sido pioneras abriendo camino para las nuevas generaciones, superando obst\u00e1culos y demostrando que son capaces de aportar su val\u00eda, capacidad y talento a la sociedad\u201d, ha resaltado.<\/p>\n\n\n\n<p>As\u00ed, ha explicado que, durante la actual legislatura, el gobierno de Carlos Maz\u00f3n ha aprobado medidas fundamentales para reforzar la igualdad de oportunidades y eliminar obst\u00e1culos. Con estas iniciativas, ha dicho, \u201cla Generalitat reafirma su compromiso con la construcci\u00f3n de una sociedad m\u00e1s justa e igualitaria, apostando por el liderazgo femenino y garantizando que el talento y la capacidad de las mujeres sean reconocidos en todos los \u00e1mbitos\u201d.<\/p>\n\n\n\n<p><strong>Compromiso institucional con la igualdad efectiva<\/strong><\/p>\n\n\n\n<p>Camarero tambi\u00e9n ha subrayado que, a pesar de los avances, todav\u00eda existen desigualdades y barreras y, por ello, ha reiterado el compromiso del Gobierno valenciano con la implantaci\u00f3n de pol\u00edticas transversales que fomenten la igualdad efectiva. En este sentido, ha destacado medidas como la reciente aprobaci\u00f3n de la gratuidad de la educaci\u00f3n infantil de 0 a 3 a\u00f1os, un \u201chito hist\u00f3rico clave para garantizar la igualdad de oportunidades\u201d, o hasta cinco medidas de deducci\u00f3n fiscal en el IRPF con el objetivo de apoyar a las familias y promover la igualdad en el \u00e1mbito laboral y familiar.<\/p>\n\n\n\n<p>Asimismo, ha hecho hincapi\u00e9 en el Plan Corresponsables, que ha permitido subvencionar m\u00e1s de 650 proyectos en 457 municipios. Un Plan que se ha centrado apoyar a los municipios en el desarrollo de pol\u00edticas de conciliaci\u00f3n y corresponsabilidad.<\/p>\n\n\n\n<p>Esta medida ofrece ayudas econ\u00f3micas a entidades locales para desarrollar proyectos de servicios de cuidado profesional para familias con hijos de hasta 16 a\u00f1os, crear empleo de calidad en el sector de cuidados y realizar acciones de formaci\u00f3n y sensibilizaci\u00f3n en corresponsabilidad. &nbsp;Adem\u00e1s, cabe destacar que, en 2025, el Plan Corresponsables ampliar\u00e1 su alcance con nuevas ayudas dirigidas a empresas y entidades de la Comunitat Valenciana para promover la presencia femenina en \u00e1reas STEAM (ciencia, tecnolog\u00eda, ingenier\u00eda, artes y matem\u00e1ticas), as\u00ed como el asesoramiento en la elaboraci\u00f3n de planes de igualdad y conciliaci\u00f3n en pymes.<\/p>\n\n\n\n<p>\u201cNo hay igualdad sin conciliaci\u00f3n, y no hay conciliaci\u00f3n sin corresponsabilidad\u201d, ha enfatizado Camarero, quien ha asegurado que la Generalitat seguir\u00e1 apostando por m\u00e1s ayudas, formaci\u00f3n y oportunidades para las mujeres.<\/p>\n\n\n\n<p>Para la vicepresidenta, \u201csi hablamos de igualdad tambi\u00e9n lo hacemos de empleo y por eso destaca que este a\u00f1o hemos batido el r\u00e9cord de mujeres valencianas trabajando, con una cifra hist\u00f3rica de 1.100.000 mujeres trabajando\u00bb.<\/p>\n\n\n\n<p>Adem\u00e1s, ha recordado que el gobierno valenciano est\u00e1 \u201ccentrado en una de las pol\u00edticas fundamentales para este Consell como es la lucha contra todo tipo de violencia que sufren las mujeres\u201d. As\u00ed, ha destacado que este a\u00f1o se han licitado todos los Centros Mujer, que llevaban sin contrato desde 2019 y se ha abierto un nuevo centro en Elche, destacando asimismo la puesta en marcha de los tres Centros Integrales contra la Violencia Sexual abiertos en Alicante, Valencia y Castell\u00f3n y que era un compromiso de este gobierno ante la inacci\u00f3n del gobierno del Bot\u00e0nic\u201d.<\/p>\n\n\n\n<p>\u201cUn 8M en el que los avances por la igualdad de oportunidades y la lucha contra la violencia sobre la mujer se muestran como una pol\u00edtica transversal de este gobierno que avanza a paso firma hacia una sociedad m\u00e1s justa, m\u00e1s igualitaria y con m\u00e1s oportunidades\u201d, ha remarcado, y ha a\u00f1adido que el gobierno valenciano est\u00e1 \u201cconvencido de que la igualdad de oportunidades debe seguir siendo nuestro eje de actuaci\u00f3n, sin exclusiones, sin paternalismos, sin imposiciones y sin banderas, desde la libertad de cada mujer de elegir su camino sin barreras que le impidan alcanzarlo\u201d.<\/p>\n\n\n\n<p>En este sentido, ha realizado un llamamiento a la unidad y al compromiso para seguir avanzando en igualdad y ha incidido en que \u201cel 8 de marzo debe ser un recordatorio de que el progreso, el avance y el futuro se construyen con igualdad\u201d, ha concluido.<\/p>\n","protected":false},"excerpt":{"rendered":"<div class=\"mh-excerpt\">Destaca la puesta en marcha de medidas clave como la educaci\u00f3n gratuita de 0 a 3 a\u00f1os o el Plan Corresponsables para impulsar m\u00e1s de 650 proyectos de conciliaci\u00f3n y corresponsabilidad en 457 municipios. Resalta <a class=\"mh-excerpt-more\" href=\"https:\/\/www.tucomarca.com\/wordpress\/segunda\/susana-camarero-la-generalitat-impulsa-el-liderazgo-femenino-con-nuevas-medidas-y-recursos-para-garantizar-la-igualdad-de-oportunidades\/\" title=\"Susana Camarero: \u201cLa Generalitat impulsa el liderazgo femenino con nuevas medidas y recursos para garantizar la igualdad de oportunidades\u201d\">[+] <\/a><\/div>\n","protected":false},"author":1,"featured_media":257173,"comment_status":"open","ping_status":"open","sticky":false,"template":"","format":"standard","meta":{"footnotes":""},"categories":[128,8,72,7,142,3,45],"tags":[3466,11507,2142],"class_list":{"0":"post-257158","1":"post","2":"type-post","3":"status-publish","4":"format-standard","5":"has-post-thumbnail","7":"category-infraestructuras","8":"category-la-comarca","9":"category-sin-categorizar","10":"category-ocio-y-cultura","11":"category-politica-la-comarca","12":"category-seccion","13":"category-ventana","14":"tag-8-marzo","15":"tag-8m","16":"tag-la-comunitat"},"_links":{"self":[{"href":"https:\/\/www.tucomarca.com\/wordpress\/segunda\/wp-json\/wp\/v2\/posts\/257158","targetHints":{"allow":["GET"]}}],"collection":[{"href":"https:\/\/www.tucomarca.com\/wordpress\/segunda\/wp-json\/wp\/v2\/posts"}],"about":[{"href":"https:\/\/www.tucomarca.com\/wordpress\/segunda\/wp-json\/wp\/v2\/types\/post"}],"author":[{"embeddable":true,"href":"https:\/\/www.tucomarca.com\/wordpress\/segunda\/wp-json\/wp\/v2\/users\/1"}],"replies":[{"embeddable":true,"href":"https:\/\/www.tucomarca.com\/wordpress\/segunda\/wp-json\/wp\/v2\/comments?post=257158"}],"version-history":[{"count":0,"href":"https:\/\/www.tucomarca.com\/wordpress\/segunda\/wp-json\/wp\/v2\/posts\/257158\/revisions"}],"wp:featuredmedia":[{"embeddable":true,"href":"https:\/\/www.tucomarca.com\/wordpress\/segunda\/wp-json\/wp\/v2\/media\/257173"}],"wp:attachment":[{"href":"https:\/\/www.tucomarca.com\/wordpress\/segunda\/wp-json\/wp\/v2\/media?parent=257158"}],"wp:term":[{"taxonomy":"category","embeddable":true,"href":"https:\/\/www.tucomarca.com\/wordpress\/segunda\/wp-json\/wp\/v2\/categories?post=257158"},{"taxonomy":"post_tag","embeddable":true,"href":"https:\/\/www.tucomarca.com\/wordpress\/segunda\/wp-json\/wp\/v2\/tags?post=257158"}],"curies":[{"name":"wp","href":"https:\/\/api.w.org\/{rel}","templated":true}]}}