{"id":257419,"date":"2025-03-11T10:20:00","date_gmt":"2025-03-11T09:20:00","guid":{"rendered":"https:\/\/www.tucomarca.com\/wordpress\/segunda\/?p=257419"},"modified":"2025-03-11T21:21:17","modified_gmt":"2025-03-11T20:21:17","slug":"la-diputacio-celebra-su-recepcion-a-las-comisiones-con-berta-peiro-su-corte-de-honor-y-mucho-fallerisme","status":"publish","type":"post","link":"https:\/\/www.tucomarca.com\/wordpress\/segunda\/la-diputacio-celebra-su-recepcion-a-las-comisiones-con-berta-peiro-su-corte-de-honor-y-mucho-fallerisme\/","title":{"rendered":"La Diputaci\u00f3 celebra su recepci\u00f3n a las comisiones con Berta Peir\u00f3, su Corte de Honor y mucho Fallerisme"},"content":{"rendered":"\n<h3 class=\"wp-block-heading\">El tradicional acto en la sede de plaza Manises abre como cada a\u00f1o los d\u00edas grandes de la fiesta. El presidente, Vicent Momp\u00f3, y las vicepresidentas Nat\u00e0lia Enguix y Reme Mazzolari han recibido a la Fallera Mayor de Valencia y su Corte, que han compartido la matinal con las juntas locales falleras.<\/h3>\n\n\n\n<h3 class=\"wp-block-heading\">Tacho, el artista valenciano que ha puesto m\u00fasica a las Fallas de la Diputaci\u00f3n, se ha encargado de difundir entre los asistentes el Fallerisme, que aspira a convertirse en el himno de la fiesta en las calles y casales.<\/h3>\n\n\n\n<p>M\u00e1s de 2.000 falleras y falleros de 400 comisiones de la provincia han compartido la matinal del martes con la Fallera Mayor de Valencia, Berta Peir\u00f3, y su Corte de Honor en la tradicional Recepci\u00f3n de la Diputaci\u00f3n a las Juntas Locales Falleras. El acto celebrado en la sede central de la corporaci\u00f3n en plaza Manises, que un a\u00f1o m\u00e1s marca el inicio de los d\u00edas grandes de la fiesta, ha estado protagonizado por el Fallerisme, el lema de la campa\u00f1a fallera de la instituci\u00f3n que preside Vicent Momp\u00f3, con una banda sonora propia a cargo del artista valenciano Tacho que aspira a convertirse en el himno de las Fallas 2025.<\/p>\n\n\n\n<p>El propio Momp\u00f3, acompa\u00f1ado por las vicepresidentas Nat\u00e0lia Enguix y Reme Mazzolari, ha recibido a la Fallera Mayor de Valencia y su Corte pasadas las nueve de la ma\u00f1ana. Tras la firma de Berta Peir\u00f3 en el Libro de Honor de la Diputaci\u00f3n, la comitiva ha visitado la exposici\u00f3n \u2018Falles pel m\u00f3n\u2019, que permanecer\u00e1 abierta al p\u00fablico hasta el 26 de marzo en la Sala de Reinas de la instituci\u00f3n provincial. El recorrido fotogr\u00e1fico muestra la implantaci\u00f3n de las Fallas en todo el territorio espa\u00f1ol, de A Coru\u00f1a a Melilla, pasando por Barcelona, Getafe, Zaragoza, Oviedo, Gij\u00f3n, Salamanca, Burgos y Sevilla, entre otras localidades, y tambi\u00e9n en pa\u00edses como M\u00e9xico, Argentina, Colombia, Estados Unidos, Francia, Mali, Jap\u00f3n y China, entre otros.<\/p>\n\n\n\n<figure class=\"wp-block-gallery has-nested-images columns-1 is-cropped wp-block-gallery-1 is-layout-flex wp-block-gallery-is-layout-flex\">\n<figure class=\"wp-block-image size-large\"><img loading=\"lazy\" decoding=\"async\" width=\"1024\" height=\"666\" data-id=\"257423\" src=\"https:\/\/www.tucomarca.com\/wordpress\/segunda\/wp-content\/uploads\/2025\/03\/DipuRecepcionFalleras2-1024x666.jpg\" alt=\"\" class=\"wp-image-257423\" srcset=\"https:\/\/www.tucomarca.com\/wordpress\/segunda\/wp-content\/uploads\/2025\/03\/DipuRecepcionFalleras2-1024x666.jpg 1024w, https:\/\/www.tucomarca.com\/wordpress\/segunda\/wp-content\/uploads\/2025\/03\/DipuRecepcionFalleras2-300x195.jpg 300w, https:\/\/www.tucomarca.com\/wordpress\/segunda\/wp-content\/uploads\/2025\/03\/DipuRecepcionFalleras2-768x499.jpg 768w, https:\/\/www.tucomarca.com\/wordpress\/segunda\/wp-content\/uploads\/2025\/03\/DipuRecepcionFalleras2.jpg 1181w\" sizes=\"auto, (max-width: 1024px) 100vw, 1024px\" \/><\/figure>\n<\/figure>\n\n\n\n<p>En palabras del presidente Momp\u00f3, \u201clas Fallas son, sin ninguna duda, una de las se\u00f1as de identidad que nos definen y nos presentan al mundo, y desde la Diputaci\u00f3n tenemos muy clara la defensa de esa identidad valenciana como uno de los ejes de nuestra acci\u00f3n de gobierno\u201d. En esta ocasi\u00f3n, ha continuado el m\u00e1ximo responsable provincial, \u201chemos dado un paso m\u00e1s proponiendo una nueva palabra que guarda el sentimiento y la forma de ser de las valencianas y los valencianos, un \u2018Fallerisme\u2019 que no solo encaja en el contexto de la fiesta, sino que engloba una forma de ser y de vivir con la que nos sentimos identificados\u201d.<\/p>\n\n\n\n<p>Por su parte, la Fallera Mayor de Valencia, Berta Peir\u00f3, ha destacado \u201cel potencial de unas fiestas que son universales, como podemos ver en la exposici\u00f3n que ha preparado la Diputaci\u00f3n para estas Fallas\u201d. Antes de comenzar oficialmente la Recepci\u00f3n de las Juntas Locales Falleras y las cerca de 400 comisiones que se han sumado este a\u00f1o al acto festivo de la plaza Manises, Berta ha recordado que las Fallas \u201cno solo se viven con intensidad en la ciudad de Valencia; son muchos los pueblos que celebran esta fiesta maravillosa y que forman parte de ella, por eso nos gusta tanto el acto de reconocimiento que organiza la Diputaci\u00f3n y que une a todas las falleras y falleros de la provincia\u201d.<\/p>\n\n\n\n<figure class=\"wp-block-gallery has-nested-images columns-1 is-cropped wp-block-gallery-2 is-layout-flex wp-block-gallery-is-layout-flex\">\n<figure class=\"wp-block-image size-large\"><img loading=\"lazy\" decoding=\"async\" width=\"1024\" height=\"666\" data-id=\"257421\" src=\"https:\/\/www.tucomarca.com\/wordpress\/segunda\/wp-content\/uploads\/2025\/03\/DipuRecepcionFalleras1-1024x666.jpg\" alt=\"\" class=\"wp-image-257421\" srcset=\"https:\/\/www.tucomarca.com\/wordpress\/segunda\/wp-content\/uploads\/2025\/03\/DipuRecepcionFalleras1-1024x666.jpg 1024w, https:\/\/www.tucomarca.com\/wordpress\/segunda\/wp-content\/uploads\/2025\/03\/DipuRecepcionFalleras1-300x195.jpg 300w, https:\/\/www.tucomarca.com\/wordpress\/segunda\/wp-content\/uploads\/2025\/03\/DipuRecepcionFalleras1-768x499.jpg 768w, https:\/\/www.tucomarca.com\/wordpress\/segunda\/wp-content\/uploads\/2025\/03\/DipuRecepcionFalleras1.jpg 1181w\" sizes=\"auto, (max-width: 1024px) 100vw, 1024px\" \/><\/figure>\n<\/figure>\n\n\n\n<p><strong>Fallerisme en la plaza Manises<\/strong><\/p>\n\n\n\n<p>La plaza Manises, epicentro del fallerisme en el acto institucional que se ha convertido en uno de los grandes cl\u00e1sicos de la fiesta, ha ido cogiendo color seg\u00fan avanzaba la ma\u00f1ana, con la presencia de las comisiones que han acudido a la celebraci\u00f3n. Mientras, el patio dels Scala acog\u00eda el desfile organizado de las Juntas Locales Falleras y las distintas fallas tanto de las comarcas como del cap i casal. Las diputadas y diputados provinciales han acompa\u00f1ado a los falleros de sus municipios, con una nutrida presencia de alcaldes y alcaldesas.<\/p>\n\n\n\n<p>As\u00ed hemos visto, por ejemplo, a la vicepresidenta primera, Nat\u00e0lia Enguix, acompa\u00f1ando a los representantes de la falla Sant Josep de Ontinyent; al diputado de Cultura, Paco Teruel, en la instant\u00e1nea junto a la Fallera Mayor de Valencia y la falla La Tarrafeta de Benimodo, localidad de la que es alcalde; a la vicepresidenta Reme Mazzolari con cuatro comisiones y la Junta Local de Ll\u00edria; al diputado Avelino Mascarell con las fallas de La Foguer\u00e0 y Segon Mil\u00b7leni de Xeraco; al alcalde de Utiel y diputado provincial, Ricardo Gabald\u00f3n, junto a las falleras y falleros de Plaza de San Juan, Puerta del Sol y Puerta de las Eras de su municipio; al diputado Sergio Herrero con La Nova y La Uni\u00f3 de Rocafort; o al diputado Pau Andr\u00e9s con cuatro comisiones de San Antonio de Benag\u00e9ber.<\/p>\n\n\n\n<p>Otros miembros de la corporaci\u00f3n han tenido m\u00e1s trabajo en la Recepci\u00f3n, como la alcaldesa de Torrent y diputada de Gobierno Abierto, Amparo Folgado, con las 22 comisiones llegadas desde Torrent para arropar a sus falleras mayores; el diputado Jorge Vidal y las 25 comisiones de Sagunto; Jordi Mayor y las 14 fallas m\u00e1s la Junta Local de Cullera; Roger Cerd\u00e0 y otras 14 comisiones de X\u00e0tiva; o la decena de fallas que han participado en la Recepci\u00f3n por parte de Carlet y Picassent, municipios de las diputadas de Hacienda, Laura S\u00e1ez, y Bienestar, Imma Gonz\u00e1lez.<\/p>\n\n\n\n<p>El patio dels Scala ha ido recibiendo a cada una de las 400 comisiones que han pasado este martes por la Diputaci\u00f3n, en presencia de la Fallera Mayor de Valencia, Berta Peir\u00f3, y los responsables de la corporaci\u00f3n provincial. Entre las asistentes, fallas de comarcas como l\u2019Horta Nord, l\u2019Horta Sud, las dos Riberas, el Camp de T\u00faria, el Camp de Morvedre, la Safor, la Costera, la Vall d\u2019Albaida, la Hoya de Bu\u00f1ol y la Serran\u00eda, junto a decenas de comisiones de la ciudad de Valencia.<\/p>\n\n\n\n<p>El colof\u00f3n al acto fallero de la Diputaci\u00f3n lo ha puesto Tacho, que se ha sumado a la fiesta interpretando su himno dedicado al \u2018Fallerisme\u2019 desde uno de los balcones de la fachada principal de la Diputaci\u00f3n, poniendo a bailar a todos los que en ese momento llenaban la plaza Manises, donde cada a\u00f1o se inicia la cuenta atr\u00e1s de los d\u00edas grandes de las Fallas. &#8216;De la Crida a la Crem\u00e0, sona pa pa pa par\u00e0&#8217;\u2026<\/p>\n","protected":false},"excerpt":{"rendered":"<div class=\"mh-excerpt\">El tradicional acto en la sede de plaza Manises abre como cada a\u00f1o los d\u00edas grandes de la fiesta. El presidente, Vicent Momp\u00f3, y las vicepresidentas Nat\u00e0lia Enguix y Reme Mazzolari han recibido a la <a class=\"mh-excerpt-more\" href=\"https:\/\/www.tucomarca.com\/wordpress\/segunda\/la-diputacio-celebra-su-recepcion-a-las-comisiones-con-berta-peiro-su-corte-de-honor-y-mucho-fallerisme\/\" title=\"La Diputaci\u00f3 celebra su recepci\u00f3n a las comisiones con Berta Peir\u00f3, su Corte de Honor y mucho Fallerisme\">[+] <\/a><\/div>\n","protected":false},"author":12,"featured_media":257425,"comment_status":"open","ping_status":"open","sticky":false,"template":"","format":"gallery","meta":{"footnotes":""},"categories":[8,72,7,3,45],"tags":[3677,20848,22020],"class_list":{"0":"post-257419","1":"post","2":"type-post","3":"status-publish","4":"format-gallery","5":"has-post-thumbnail","7":"category-la-comarca","8":"category-sin-categorizar","9":"category-ocio-y-cultura","10":"category-seccion","11":"category-ventana","12":"tag-diputacio-de-valencia","13":"tag-fallas-2025","14":"tag-fallerisme","15":"post_format-post-format-gallery"},"_links":{"self":[{"href":"https:\/\/www.tucomarca.com\/wordpress\/segunda\/wp-json\/wp\/v2\/posts\/257419","targetHints":{"allow":["GET"]}}],"collection":[{"href":"https:\/\/www.tucomarca.com\/wordpress\/segunda\/wp-json\/wp\/v2\/posts"}],"about":[{"href":"https:\/\/www.tucomarca.com\/wordpress\/segunda\/wp-json\/wp\/v2\/types\/post"}],"author":[{"embeddable":true,"href":"https:\/\/www.tucomarca.com\/wordpress\/segunda\/wp-json\/wp\/v2\/users\/12"}],"replies":[{"embeddable":true,"href":"https:\/\/www.tucomarca.com\/wordpress\/segunda\/wp-json\/wp\/v2\/comments?post=257419"}],"version-history":[{"count":0,"href":"https:\/\/www.tucomarca.com\/wordpress\/segunda\/wp-json\/wp\/v2\/posts\/257419\/revisions"}],"wp:featuredmedia":[{"embeddable":true,"href":"https:\/\/www.tucomarca.com\/wordpress\/segunda\/wp-json\/wp\/v2\/media\/257425"}],"wp:attachment":[{"href":"https:\/\/www.tucomarca.com\/wordpress\/segunda\/wp-json\/wp\/v2\/media?parent=257419"}],"wp:term":[{"taxonomy":"category","embeddable":true,"href":"https:\/\/www.tucomarca.com\/wordpress\/segunda\/wp-json\/wp\/v2\/categories?post=257419"},{"taxonomy":"post_tag","embeddable":true,"href":"https:\/\/www.tucomarca.com\/wordpress\/segunda\/wp-json\/wp\/v2\/tags?post=257419"}],"curies":[{"name":"wp","href":"https:\/\/api.w.org\/{rel}","templated":true}]}}