{"id":257444,"date":"2025-03-11T13:00:00","date_gmt":"2025-03-11T12:00:00","guid":{"rendered":"https:\/\/www.tucomarca.com\/wordpress\/segunda\/?p=257444"},"modified":"2025-03-11T21:00:51","modified_gmt":"2025-03-11T20:00:51","slug":"diputacio-derriba-el-puente-de-la-gasolinera-de-cheste-y-comienza-a-construir-una-nueva-infraestructura","status":"publish","type":"post","link":"https:\/\/www.tucomarca.com\/wordpress\/segunda\/diputacio-derriba-el-puente-de-la-gasolinera-de-cheste-y-comienza-a-construir-una-nueva-infraestructura\/","title":{"rendered":"Diputaci\u00f3 derriba el puente de la gasolinera de Cheste y comienza a construir una nueva infraestructura"},"content":{"rendered":"\n<p>La Diputaci\u00f3n de Valencia est\u00e1 derribando el puente que conecta Cheste con la CV-378, arrasado por la riada del 29 de octubre en uno de sus tramos, tras constatar en los an\u00e1lisis t\u00e9cnicos que la reconstrucci\u00f3n parcial de la antigua infraestructura no era viable, determinando que deb\u00eda construirse en su lugar un nuevo puente que cumpla con los criterios de seguridad.<\/p>\n\n\n\n<p>\u201cEl proyecto inicial de Diputaci\u00f3n para el puente de la CV-378 era la reconstrucci\u00f3n del \u00faltimo arco, el que fue derribado por la riada, pero tras las comprobaciones t\u00e9cnicas nos han comunicado que debido al deterioro de la infraestructura, lo m\u00e1s seguro era construir un nuevo puente desde cero que est\u00e9 en condiciones de aguantar otra DANA\u201d, ha explicado el alcalde de Cheste, Jos\u00e9 Morell.<\/p>\n\n\n\n<p>Dado que las obras se enmarcan en las actuaciones de reconstrucci\u00f3n tras la DANA, las contrataciones que se est\u00e1n haciendo son de emergencia y los plazos son menores que una situaci\u00f3n de normalidad, por lo que ya han comenzado los trabajos de cimentaci\u00f3n del nuevo puente y se prev\u00e9 que est\u00e9 finalizado el pr\u00f3ximo mes de octubre.<\/p>\n\n\n\n<figure class=\"wp-block-image size-large\"><img loading=\"lazy\" decoding=\"async\" width=\"1024\" height=\"771\" src=\"https:\/\/www.tucomarca.com\/wordpress\/segunda\/wp-content\/uploads\/2025\/03\/ChesteObrasPuente2-1024x771.jpg\" alt=\"\" class=\"wp-image-257448\" srcset=\"https:\/\/www.tucomarca.com\/wordpress\/segunda\/wp-content\/uploads\/2025\/03\/ChesteObrasPuente2-1024x771.jpg 1024w, https:\/\/www.tucomarca.com\/wordpress\/segunda\/wp-content\/uploads\/2025\/03\/ChesteObrasPuente2-300x226.jpg 300w, https:\/\/www.tucomarca.com\/wordpress\/segunda\/wp-content\/uploads\/2025\/03\/ChesteObrasPuente2-768x578.jpg 768w, https:\/\/www.tucomarca.com\/wordpress\/segunda\/wp-content\/uploads\/2025\/03\/ChesteObrasPuente2-1536x1156.jpg 1536w, https:\/\/www.tucomarca.com\/wordpress\/segunda\/wp-content\/uploads\/2025\/03\/ChesteObrasPuente2-678x509.jpg 678w, https:\/\/www.tucomarca.com\/wordpress\/segunda\/wp-content\/uploads\/2025\/03\/ChesteObrasPuente2-326x245.jpg 326w, https:\/\/www.tucomarca.com\/wordpress\/segunda\/wp-content\/uploads\/2025\/03\/ChesteObrasPuente2-80x60.jpg 80w, https:\/\/www.tucomarca.com\/wordpress\/segunda\/wp-content\/uploads\/2025\/03\/ChesteObrasPuente2.jpg 1600w\" sizes=\"auto, (max-width: 1024px) 100vw, 1024px\" \/><\/figure>\n","protected":false},"excerpt":{"rendered":"<div class=\"mh-excerpt\">La Diputaci\u00f3n de Valencia est\u00e1 derribando el puente que conecta Cheste con la CV-378, arrasado por la riada del 29 de octubre en uno de sus tramos, tras constatar en los an\u00e1lisis t\u00e9cnicos que la <a class=\"mh-excerpt-more\" href=\"https:\/\/www.tucomarca.com\/wordpress\/segunda\/diputacio-derriba-el-puente-de-la-gasolinera-de-cheste-y-comienza-a-construir-una-nueva-infraestructura\/\" title=\"Diputaci\u00f3 derriba el puente de la gasolinera de Cheste y comienza a construir una nueva infraestructura\">[+] <\/a><\/div>\n","protected":false},"author":12,"featured_media":257446,"comment_status":"open","ping_status":"open","sticky":false,"template":"","format":"standard","meta":{"footnotes":""},"categories":[17,21465,128,8,72,10,117,142,3,116,45],"tags":[339,12831,20938,5952,22030],"class_list":{"0":"post-257444","1":"post","2":"type-post","3":"status-publish","4":"format-standard","5":"has-post-thumbnail","7":"category-cheste","8":"category-dana","9":"category-infraestructuras","10":"category-la-comarca","11":"category-sin-categorizar","12":"category-la-hoya","13":"category-medio-ambiente-la-comarca","14":"category-politica-la-comarca","15":"category-seccion","16":"category-sucesos-la-comarca","17":"category-ventana","18":"tag-cheste-2","19":"tag-dana-2","20":"tag-la-diputacio-de-valencia","21":"tag-la-hoya-de-bunol-chiva","22":"tag-puente-de-la-gasolinera"},"_links":{"self":[{"href":"https:\/\/www.tucomarca.com\/wordpress\/segunda\/wp-json\/wp\/v2\/posts\/257444","targetHints":{"allow":["GET"]}}],"collection":[{"href":"https:\/\/www.tucomarca.com\/wordpress\/segunda\/wp-json\/wp\/v2\/posts"}],"about":[{"href":"https:\/\/www.tucomarca.com\/wordpress\/segunda\/wp-json\/wp\/v2\/types\/post"}],"author":[{"embeddable":true,"href":"https:\/\/www.tucomarca.com\/wordpress\/segunda\/wp-json\/wp\/v2\/users\/12"}],"replies":[{"embeddable":true,"href":"https:\/\/www.tucomarca.com\/wordpress\/segunda\/wp-json\/wp\/v2\/comments?post=257444"}],"version-history":[{"count":0,"href":"https:\/\/www.tucomarca.com\/wordpress\/segunda\/wp-json\/wp\/v2\/posts\/257444\/revisions"}],"wp:featuredmedia":[{"embeddable":true,"href":"https:\/\/www.tucomarca.com\/wordpress\/segunda\/wp-json\/wp\/v2\/media\/257446"}],"wp:attachment":[{"href":"https:\/\/www.tucomarca.com\/wordpress\/segunda\/wp-json\/wp\/v2\/media?parent=257444"}],"wp:term":[{"taxonomy":"category","embeddable":true,"href":"https:\/\/www.tucomarca.com\/wordpress\/segunda\/wp-json\/wp\/v2\/categories?post=257444"},{"taxonomy":"post_tag","embeddable":true,"href":"https:\/\/www.tucomarca.com\/wordpress\/segunda\/wp-json\/wp\/v2\/tags?post=257444"}],"curies":[{"name":"wp","href":"https:\/\/api.w.org\/{rel}","templated":true}]}}