{"id":257451,"date":"2025-03-11T11:00:00","date_gmt":"2025-03-11T10:00:00","guid":{"rendered":"https:\/\/www.tucomarca.com\/wordpress\/segunda\/?p=257451"},"modified":"2025-03-11T21:03:58","modified_gmt":"2025-03-11T20:03:58","slug":"el-consell-aprueba-un-credito-extraordinario-de-2-364-millones-para-financiar-los-gastos-excepcionales-de-reparacion-tras-la-riada","status":"publish","type":"post","link":"https:\/\/www.tucomarca.com\/wordpress\/segunda\/el-consell-aprueba-un-credito-extraordinario-de-2-364-millones-para-financiar-los-gastos-excepcionales-de-reparacion-tras-la-riada\/","title":{"rendered":"El Consell aprueba un cr\u00e9dito extraordinario de 2.364 millones para financiar los gastos excepcionales de reparaci\u00f3n tras la riada"},"content":{"rendered":"\n<h3 class=\"wp-block-heading\"><strong>Esta medida permite a la Generalitat atender gastos inaplazables derivados de los da\u00f1os soportados por personas, empresas, bienes muebles o inmuebles e infraestructuras p\u00fablicas o privadas<\/strong>.<\/h3>\n\n\n\n<h3 class=\"wp-block-heading\"><strong>Este cr\u00e9dito se financiar\u00e1 mediante operaciones de endeudamiento en las mismas condiciones que un\u00a0cr\u00e9dito anterior de 700 millones para atender las primeras necesidades de la postemergencia<\/strong>.<\/h3>\n\n\n\n<p>El Consell ha aprobado un decreto-ley por el que se concede un cr\u00e9dito extraordinario en el presupuesto corriente del ejercicio 2025 de la Generalitat de 2.364.280.000 euros destinados a sufragar las medidas de respuesta inmediata y recuperaci\u00f3n adoptadas por la Generalitat desde el pasado 29 de octubre para hacer frente a los gastos derivados de la riada.<\/p>\n\n\n\n<p>El objeto es atender gastos inaplazables derivados de los da\u00f1os soportados por las personas f\u00edsicas o jur\u00eddicas, los bienes muebles o inmuebles y las infraestructuras p\u00fablicas o privadas como consecuencia de la riada, que motiv\u00f3 la declaraci\u00f3n de \u2018zona afectada gravemente por una emergencia de protecci\u00f3n civil\u2019 por el Consejo de Ministros el pasado 5 de noviembre.<\/p>\n\n\n\n<p>Este cr\u00e9dito extraordinario se financiar\u00e1 con endeudamiento, incrementando el presupuesto de ingresos de la Generalitat en la aplicaci\u00f3n \u2018Pr\u00e9stamos a largo plazo entes del sector p\u00fablico\u2019, en el marco y con las condiciones establecidas en el programa de endeudamiento que autorice el Estado para facilitar el acceso a la financiaci\u00f3n que la Generalitat requiera para hacer frente a los gastos excepcionales de la riada.<\/p>\n\n\n\n<p>La norma incluye una referencia a la necesidad de recurrir a un registro contable diferenciado de los gastos excepcionales que se realicen como consecuencia de la DANA y una habilitaci\u00f3n espec\u00edfica para agilizar la distribuci\u00f3n de los cr\u00e9ditos.<\/p>\n\n\n\n<p>Los remanentes de cr\u00e9ditos derivados de la ejecuci\u00f3n del cr\u00e9dito extraordinario concedido por este decreto ley se incorporar\u00e1n, con independencia del nivel de ejecuci\u00f3n contable que alcancen, al presupuesto que se apruebe para el ejercicio 2026.<\/p>\n\n\n\n<p>Por \u00faltimo, este decreto-ley recoge una modificaci\u00f3n puntual de la vigente Ley de Presupuestos con el fin de incorporar un nuevo supuesto, asociado a la DANA, que habilite para sobrepasar autom\u00e1ticamente el l\u00edmite anual de endeudamiento.<\/p>\n\n\n\n<p><strong>Financiaci\u00f3n de las medidas adoptadas para la recuperaci\u00f3n<\/strong><\/p>\n\n\n\n<p>El Real Decreto-ley 7\/2024 por el que se adoptan medidas urgentes para el impulso del plan de respuesta inmediata, reconstrucci\u00f3n y relanzamiento frente a los da\u00f1os causados por la DANA, incluy\u00f3 una habilitaci\u00f3n espec\u00edfica para atender los gastos extraordinarios como consecuencia de la inundaci\u00f3n.<\/p>\n\n\n\n<p>Como consecuencia de todo ello, el pasado mes de diciembre ya se concedi\u00f3 un cr\u00e9dito extraordinario de 700 millones de euros para que la Generalitat financiara las primeras actuaciones de respuesta en la postemergencia.<\/p>\n\n\n\n<p>Transcurridos m\u00e1s de cuatro meses desde la riada, se han puesto en marcha todo un conjunto de actuaciones para asegurar, tanto la respuesta inmediata a la emergencia de protecci\u00f3n civil, como para facilitar la recuperaci\u00f3n econ\u00f3mica y social, destacando la puesta en marcha de una estructura organizativa espec\u00edfica para coordinar las diferentes actuaciones.<\/p>\n\n\n\n<p>En este marco, el Gobierno de Espa\u00f1a ha previsto un r\u00e9gimen excepcional en materia de endeudamiento auton\u00f3mico en 2025 que, de forma excepcional, podr\u00e1 autorizar a la Comunitat Valenciana a formalizar nuevas operaciones de endeudamiento a largo plazo o asignar recursos con cargo a los mecanismos adicionales de financiaci\u00f3n para cubrir las necesidades de financiaci\u00f3n correspondientes a los gastos extraordinarios ejecutados por esta comunidad aut\u00f3noma en respuesta a la situaci\u00f3n de emergencia derivada de la inundaci\u00f3n ocurrida entre el 28 de octubre y el 4 de noviembre de 2024.<\/p>\n\n\n\n<p>Esta regulaci\u00f3n es fundamental para que la Comunitat Valenciana pueda hacer frente a los desembolsos que va a exigir la reparaci\u00f3n de los graves efectos que la DANA ha provocado en una parte importante del territorio.<\/p>\n","protected":false},"excerpt":{"rendered":"<div class=\"mh-excerpt\">Esta medida permite a la Generalitat atender gastos inaplazables derivados de los da\u00f1os soportados por personas, empresas, bienes muebles o inmuebles e infraestructuras p\u00fablicas o privadas. Este cr\u00e9dito se financiar\u00e1 mediante operaciones de endeudamiento en <a class=\"mh-excerpt-more\" href=\"https:\/\/www.tucomarca.com\/wordpress\/segunda\/el-consell-aprueba-un-credito-extraordinario-de-2-364-millones-para-financiar-los-gastos-excepcionales-de-reparacion-tras-la-riada\/\" title=\"El Consell aprueba un cr\u00e9dito extraordinario de 2.364 millones para financiar los gastos excepcionales de reparaci\u00f3n tras la riada\">[+] <\/a><\/div>\n","protected":false},"author":13,"featured_media":244254,"comment_status":"open","ping_status":"open","sticky":false,"template":"","format":"standard","meta":{"footnotes":""},"categories":[21465,128,8,72,117,142,3,116,45],"tags":[12831,10412,2142],"class_list":{"0":"post-257451","1":"post","2":"type-post","3":"status-publish","4":"format-standard","5":"has-post-thumbnail","7":"category-dana","8":"category-infraestructuras","9":"category-la-comarca","10":"category-sin-categorizar","11":"category-medio-ambiente-la-comarca","12":"category-politica-la-comarca","13":"category-seccion","14":"category-sucesos-la-comarca","15":"category-ventana","16":"tag-dana-2","17":"tag-infraestructuras","18":"tag-la-comunitat"},"_links":{"self":[{"href":"https:\/\/www.tucomarca.com\/wordpress\/segunda\/wp-json\/wp\/v2\/posts\/257451","targetHints":{"allow":["GET"]}}],"collection":[{"href":"https:\/\/www.tucomarca.com\/wordpress\/segunda\/wp-json\/wp\/v2\/posts"}],"about":[{"href":"https:\/\/www.tucomarca.com\/wordpress\/segunda\/wp-json\/wp\/v2\/types\/post"}],"author":[{"embeddable":true,"href":"https:\/\/www.tucomarca.com\/wordpress\/segunda\/wp-json\/wp\/v2\/users\/13"}],"replies":[{"embeddable":true,"href":"https:\/\/www.tucomarca.com\/wordpress\/segunda\/wp-json\/wp\/v2\/comments?post=257451"}],"version-history":[{"count":0,"href":"https:\/\/www.tucomarca.com\/wordpress\/segunda\/wp-json\/wp\/v2\/posts\/257451\/revisions"}],"wp:featuredmedia":[{"embeddable":true,"href":"https:\/\/www.tucomarca.com\/wordpress\/segunda\/wp-json\/wp\/v2\/media\/244254"}],"wp:attachment":[{"href":"https:\/\/www.tucomarca.com\/wordpress\/segunda\/wp-json\/wp\/v2\/media?parent=257451"}],"wp:term":[{"taxonomy":"category","embeddable":true,"href":"https:\/\/www.tucomarca.com\/wordpress\/segunda\/wp-json\/wp\/v2\/categories?post=257451"},{"taxonomy":"post_tag","embeddable":true,"href":"https:\/\/www.tucomarca.com\/wordpress\/segunda\/wp-json\/wp\/v2\/tags?post=257451"}],"curies":[{"name":"wp","href":"https:\/\/api.w.org\/{rel}","templated":true}]}}