{"id":257835,"date":"2025-03-14T09:40:00","date_gmt":"2025-03-14T08:40:00","guid":{"rendered":"https:\/\/www.tucomarca.com\/wordpress\/segunda\/?p=257835"},"modified":"2025-03-14T09:47:53","modified_gmt":"2025-03-14T08:47:53","slug":"utiel-vive-cinco-dias-de-fallas-a-partir-de-este-viernes","status":"publish","type":"post","link":"https:\/\/www.tucomarca.com\/wordpress\/segunda\/utiel-vive-cinco-dias-de-fallas-a-partir-de-este-viernes\/","title":{"rendered":"Utiel vive cinco d\u00edas de Fallas a partir de este viernes"},"content":{"rendered":"\n<p>Utiel se ha vestido de Fallas del 15 al 19 de marzo con un completo programa de actividades en el que el arte fallero, la m\u00fasica y la p\u00f3lvora han sido protagonistas. Con m\u00e1s de 80 a\u00f1os de historia, la fiesta ha vuelto a brillar con intensidad en las calles del municipio.<\/p>\n\n\n\n<p>Los actos comenzaron con la Plant\u00e0 de los monumentos falleros, tanto mayores como infantiles, el 15 y 16 de marzo. El d\u00eda 17 se celebr\u00f3 la tradicional Entrega de Premios en el Teatro Rambal, donde se reconoci\u00f3 el esfuerzo y creatividad de cada comisi\u00f3n.<\/p>\n\n\n\n<p>El 18 de marzo, cada agrupaci\u00f3n fallera organiz\u00f3 diversas actividades para vecinos y visitantes, manteniendo viva la esencia de la fiesta. La jornada del 19 de marzo tuvo su momento m\u00e1s emotivo con la I Ofrenda de Flores a la Sant\u00edsima Virgen del Remedio, que cont\u00f3 con la participaci\u00f3n de falleros y devotos.<\/p>\n\n\n\n<p>Como cierre de las festividades, por la noche se llev\u00f3 a cabo la esperada Crem\u00e0, iniciando con la Crem\u00e0 Infantil a las 21:00 horas y, posteriormente, la Crem\u00e0 Mayor a las 22:30 horas, siguiendo el orden inverso a los premios obtenidos.<\/p>\n\n\n\n<p>Cinco d\u00edas de celebraci\u00f3n que han reafirmado la pasi\u00f3n de Utiel por las Fallas, consolidando esta festividad como un pilar fundamental de su identidad cultural.<\/p>\n","protected":false},"excerpt":{"rendered":"<div class=\"mh-excerpt\">Utiel se ha vestido de Fallas del 15 al 19 de marzo con un completo programa de actividades en el que el arte fallero, la m\u00fasica y la p\u00f3lvora han sido protagonistas. Con m\u00e1s de <a class=\"mh-excerpt-more\" href=\"https:\/\/www.tucomarca.com\/wordpress\/segunda\/utiel-vive-cinco-dias-de-fallas-a-partir-de-este-viernes\/\" title=\"Utiel vive cinco d\u00edas de Fallas a partir de este viernes\">[+] <\/a><\/div>\n","protected":false},"author":12,"featured_media":257837,"comment_status":"open","ping_status":"open","sticky":false,"template":"","format":"standard","meta":{"footnotes":""},"categories":[4,8,7,27,3,29],"tags":[20848,10387,10389],"class_list":{"0":"post-257835","1":"post","2":"type-post","3":"status-publish","4":"format-standard","5":"has-post-thumbnail","7":"category-agenda","8":"category-la-comarca","9":"category-ocio-y-cultura","10":"category-requena-utiel","11":"category-seccion","12":"category-utiel","13":"tag-fallas-2025","14":"tag-requena-utiel","15":"tag-utiel"},"_links":{"self":[{"href":"https:\/\/www.tucomarca.com\/wordpress\/segunda\/wp-json\/wp\/v2\/posts\/257835","targetHints":{"allow":["GET"]}}],"collection":[{"href":"https:\/\/www.tucomarca.com\/wordpress\/segunda\/wp-json\/wp\/v2\/posts"}],"about":[{"href":"https:\/\/www.tucomarca.com\/wordpress\/segunda\/wp-json\/wp\/v2\/types\/post"}],"author":[{"embeddable":true,"href":"https:\/\/www.tucomarca.com\/wordpress\/segunda\/wp-json\/wp\/v2\/users\/12"}],"replies":[{"embeddable":true,"href":"https:\/\/www.tucomarca.com\/wordpress\/segunda\/wp-json\/wp\/v2\/comments?post=257835"}],"version-history":[{"count":0,"href":"https:\/\/www.tucomarca.com\/wordpress\/segunda\/wp-json\/wp\/v2\/posts\/257835\/revisions"}],"wp:featuredmedia":[{"embeddable":true,"href":"https:\/\/www.tucomarca.com\/wordpress\/segunda\/wp-json\/wp\/v2\/media\/257837"}],"wp:attachment":[{"href":"https:\/\/www.tucomarca.com\/wordpress\/segunda\/wp-json\/wp\/v2\/media?parent=257835"}],"wp:term":[{"taxonomy":"category","embeddable":true,"href":"https:\/\/www.tucomarca.com\/wordpress\/segunda\/wp-json\/wp\/v2\/categories?post=257835"},{"taxonomy":"post_tag","embeddable":true,"href":"https:\/\/www.tucomarca.com\/wordpress\/segunda\/wp-json\/wp\/v2\/tags?post=257835"}],"curies":[{"name":"wp","href":"https:\/\/api.w.org\/{rel}","templated":true}]}}