{"id":257843,"date":"2025-03-14T09:30:00","date_gmt":"2025-03-14T08:30:00","guid":{"rendered":"https:\/\/www.tucomarca.com\/wordpress\/segunda\/?p=257843"},"modified":"2025-03-14T10:50:24","modified_gmt":"2025-03-14T09:50:24","slug":"la-do-utiel-requena-presenta-sus-vinos-seleccionados-2025-en-un-balcon-fallero","status":"publish","type":"post","link":"https:\/\/www.tucomarca.com\/wordpress\/segunda\/la-do-utiel-requena-presenta-sus-vinos-seleccionados-2025-en-un-balcon-fallero\/","title":{"rendered":"La DO Utiel-Requena presenta sus vinos seleccionados 2025 en un Balc\u00f3n Fallero\u00a0"},"content":{"rendered":"\n<p>El evento ha fortalecido la conexi\u00f3n entre la DO Utiel-Requena, la prensa valenciana y los profesionales del sector La Denominaci\u00f3n de Origen Utiel-Requena celebr\u00f3 un evento especial en el coraz\u00f3n de la capital del Turia para presentar sus Vinos Seleccionados 2025. La acci\u00f3n tuvo lugar en un Balc\u00f3n Fallero en la plaza del Ayuntamiento de Valencia, donde se congregaron los principales medios de comunicaci\u00f3n regionales, as\u00ed como profesionales de la sumiller\u00eda y de la hosteler\u00eda. El evento comenz\u00f3 con la recepci\u00f3n de los asistentes, quienes tuvieron la oportunidad de compartir impresiones sobre el sector y conocer de primera mano las novedades de la DO Utiel-Requena.&nbsp;<\/p>\n\n\n\n<p>Seguidamente, se realiz\u00f3 una cata comentada en la que se presentaron los cinco vinos seleccionados 2025 que representar\u00e1n a la Denominaci\u00f3n de Origen durante todo este a\u00f1o: Inspiraci\u00f3n (espumoso, Lupanda), Impromptu (blanco, Hispano Suizas), Castillo de Utiel (rosado, Bodegas Utielanas), Rodeno Tinto Crianza (tinto, Rodeno) y Bobal Robusta (tinto bobal, Neleman Wines). Tras la presentaci\u00f3n y la cata, los invitados intercambiaron opiniones sobre los vinos a la vez que disfrutaron del ambiente festivo a tres d\u00edas de la inauguraci\u00f3n oficial de Las Fallas. La jornada concluy\u00f3 con el disfrute de la tradicional masclet\u00e0. La gran acogida y el inter\u00e9s generado en la cata refuerzan la importancia de generar acciones de promoci\u00f3n en la capital a trav\u00e9s de los vinos DO Utiel-Requena que destacan por su calidad y por ser un reflejo del potencial enol\u00f3gico de la Denominaci\u00f3n de Origen.<\/p>\n\n\n\n<figure class=\"wp-block-gallery has-nested-images columns-default is-cropped wp-block-gallery-1 is-layout-flex wp-block-gallery-is-layout-flex\">\n<figure class=\"wp-block-image size-large\"><img loading=\"lazy\" decoding=\"async\" width=\"576\" height=\"1024\" data-id=\"257847\" src=\"https:\/\/www.tucomarca.com\/wordpress\/segunda\/wp-content\/uploads\/2025\/03\/DOUiel-Req-576x1024.jpg\" alt=\"\" class=\"wp-image-257847\" srcset=\"https:\/\/www.tucomarca.com\/wordpress\/segunda\/wp-content\/uploads\/2025\/03\/DOUiel-Req-576x1024.jpg 576w, https:\/\/www.tucomarca.com\/wordpress\/segunda\/wp-content\/uploads\/2025\/03\/DOUiel-Req-169x300.jpg 169w, https:\/\/www.tucomarca.com\/wordpress\/segunda\/wp-content\/uploads\/2025\/03\/DOUiel-Req-768x1365.jpg 768w, https:\/\/www.tucomarca.com\/wordpress\/segunda\/wp-content\/uploads\/2025\/03\/DOUiel-Req-864x1536.jpg 864w, https:\/\/www.tucomarca.com\/wordpress\/segunda\/wp-content\/uploads\/2025\/03\/DOUiel-Req-1152x2048.jpg 1152w, https:\/\/www.tucomarca.com\/wordpress\/segunda\/wp-content\/uploads\/2025\/03\/DOUiel-Req-scaled.jpg 1440w\" sizes=\"auto, (max-width: 576px) 100vw, 576px\" \/><\/figure>\n\n\n\n<figure class=\"wp-block-image size-large\"><img loading=\"lazy\" decoding=\"async\" width=\"576\" height=\"1024\" data-id=\"257845\" src=\"https:\/\/www.tucomarca.com\/wordpress\/segunda\/wp-content\/uploads\/2025\/03\/DOUiel-Req2-576x1024.jpg\" alt=\"\" class=\"wp-image-257845\" srcset=\"https:\/\/www.tucomarca.com\/wordpress\/segunda\/wp-content\/uploads\/2025\/03\/DOUiel-Req2-576x1024.jpg 576w, https:\/\/www.tucomarca.com\/wordpress\/segunda\/wp-content\/uploads\/2025\/03\/DOUiel-Req2-169x300.jpg 169w, https:\/\/www.tucomarca.com\/wordpress\/segunda\/wp-content\/uploads\/2025\/03\/DOUiel-Req2-768x1365.jpg 768w, https:\/\/www.tucomarca.com\/wordpress\/segunda\/wp-content\/uploads\/2025\/03\/DOUiel-Req2-864x1536.jpg 864w, https:\/\/www.tucomarca.com\/wordpress\/segunda\/wp-content\/uploads\/2025\/03\/DOUiel-Req2-1152x2048.jpg 1152w, https:\/\/www.tucomarca.com\/wordpress\/segunda\/wp-content\/uploads\/2025\/03\/DOUiel-Req2-scaled.jpg 1440w\" sizes=\"auto, (max-width: 576px) 100vw, 576px\" \/><\/figure>\n<\/figure>\n","protected":false},"excerpt":{"rendered":"<div class=\"mh-excerpt\">El evento ha fortalecido la conexi\u00f3n entre la DO Utiel-Requena, la prensa valenciana y los profesionales del sector La Denominaci\u00f3n de Origen Utiel-Requena celebr\u00f3 un evento especial en el coraz\u00f3n de la capital del Turia <a class=\"mh-excerpt-more\" href=\"https:\/\/www.tucomarca.com\/wordpress\/segunda\/la-do-utiel-requena-presenta-sus-vinos-seleccionados-2025-en-un-balcon-fallero\/\" title=\"La DO Utiel-Requena presenta sus vinos seleccionados 2025 en un Balc\u00f3n Fallero\u00a0\">[+] <\/a><\/div>\n","protected":false},"author":12,"featured_media":257853,"comment_status":"open","ping_status":"open","sticky":false,"template":"","format":"standard","meta":{"footnotes":""},"categories":[113,8,7,28,27,3,29],"tags":[13135,20848,10387],"class_list":{"0":"post-257843","1":"post","2":"type-post","3":"status-publish","4":"format-standard","5":"has-post-thumbnail","7":"category-vinos","8":"category-la-comarca","9":"category-ocio-y-cultura","10":"category-requena","11":"category-requena-utiel","12":"category-seccion","13":"category-utiel","14":"tag-d-o-utiel-requena-2","15":"tag-fallas-2025","16":"tag-requena-utiel"},"_links":{"self":[{"href":"https:\/\/www.tucomarca.com\/wordpress\/segunda\/wp-json\/wp\/v2\/posts\/257843","targetHints":{"allow":["GET"]}}],"collection":[{"href":"https:\/\/www.tucomarca.com\/wordpress\/segunda\/wp-json\/wp\/v2\/posts"}],"about":[{"href":"https:\/\/www.tucomarca.com\/wordpress\/segunda\/wp-json\/wp\/v2\/types\/post"}],"author":[{"embeddable":true,"href":"https:\/\/www.tucomarca.com\/wordpress\/segunda\/wp-json\/wp\/v2\/users\/12"}],"replies":[{"embeddable":true,"href":"https:\/\/www.tucomarca.com\/wordpress\/segunda\/wp-json\/wp\/v2\/comments?post=257843"}],"version-history":[{"count":0,"href":"https:\/\/www.tucomarca.com\/wordpress\/segunda\/wp-json\/wp\/v2\/posts\/257843\/revisions"}],"wp:featuredmedia":[{"embeddable":true,"href":"https:\/\/www.tucomarca.com\/wordpress\/segunda\/wp-json\/wp\/v2\/media\/257853"}],"wp:attachment":[{"href":"https:\/\/www.tucomarca.com\/wordpress\/segunda\/wp-json\/wp\/v2\/media?parent=257843"}],"wp:term":[{"taxonomy":"category","embeddable":true,"href":"https:\/\/www.tucomarca.com\/wordpress\/segunda\/wp-json\/wp\/v2\/categories?post=257843"},{"taxonomy":"post_tag","embeddable":true,"href":"https:\/\/www.tucomarca.com\/wordpress\/segunda\/wp-json\/wp\/v2\/tags?post=257843"}],"curies":[{"name":"wp","href":"https:\/\/api.w.org\/{rel}","templated":true}]}}