{"id":257857,"date":"2025-03-14T13:00:00","date_gmt":"2025-03-14T12:00:00","guid":{"rendered":"https:\/\/www.tucomarca.com\/wordpress\/segunda\/?p=257857"},"modified":"2025-03-14T18:55:17","modified_gmt":"2025-03-14T17:55:17","slug":"la-generalitat-restablece-la-circulacion-sin-restricciones-en-uno-de-los-puentes-de-la-cv-50-en-cheste-tras-concluir-las-obras-de-emergencia","status":"publish","type":"post","link":"https:\/\/www.tucomarca.com\/wordpress\/segunda\/la-generalitat-restablece-la-circulacion-sin-restricciones-en-uno-de-los-puentes-de-la-cv-50-en-cheste-tras-concluir-las-obras-de-emergencia\/","title":{"rendered":"La Generalitat restablece la circulaci\u00f3n sin restricciones en uno de los puentes de la CV-50 en Cheste tras concluir las obras de emergencia"},"content":{"rendered":"\n<h3 class=\"wp-block-heading\">Desde las inundaciones del pasado mes de octubre, se circulaba por un \u00fanico carril con un sistema de paso alternativo semaforizado.<\/h3>\n\n\n\n<h3 class=\"wp-block-heading\">Se contin\u00faa con las obras de rehabilitaci\u00f3n de otro de los puentes situados en la CV-50 afectado por la riada.<\/h3>\n\n\n\n<p>El conseller de Medio Ambiente, Infraestructuras y Territorio, Vicente Mart\u00ednez Mus, ha anunciado que desde este viernes \u201cse ha restablecido la circulaci\u00f3n sin restricciones\u201d en el puente del PK 76+200 de la CV-50 en el t\u00e9rmino municipal de Cheste, \u201ctras concluir las obras de emergencia que se han realizado para garantizar la seguridad y funcionalidad de la infraestructura y avanzar en todo lo que tiene que con la conectividad de la ciudad de Cheste\u201d.<\/p>\n\n\n\n<p>Debido a las inundaciones del pasado mes de octubre, el puente hab\u00eda sufrido graves da\u00f1os que obligaron a reducir la circulaci\u00f3n a un \u00fanico carril de 3,5 metros de ancho con un sistema de paso alternativo semaforizado.<\/p>\n\n\n\n<p>Con la finalizaci\u00f3n de las obras de refuerzo y adecuaci\u00f3n, ha indicado Mart\u00ednez Mus, \u201cel tr\u00e1fico se ha normalizado en ambos carriles, facilitando as\u00ed la circulaci\u00f3n en este importante tramo de la Red B\u00e1sica de Carreteras de la Comunitat Valenciana\u201d. Se trata, ha asegurado, \u00abde un paso m\u00e1s que, junto a todas las acciones que se est\u00e1n llevando a cabo, nos permite avanzar en la recuperaci\u00f3n con marcha firme y constante\u201d.<\/p>\n\n\n\n<p><strong>Obras realizadas<\/strong><\/p>\n\n\n\n<p>Las obras ejecutadas han tenido como principal objetivo asegurar la estabilidad y la capacidad estructural del puente, mejorando su resistencia ante posibles crecidas del cauce.<\/p>\n\n\n\n<p>En este sentido, se han llevado a cabo diversas actuaciones. En primer lugar, se ha intervenido en un tramo de 260 metros de longitud, restableciendo la secci\u00f3n original previa a la riada, con calzadas de dos carriles de 3,5 metros de ancho cada uno y arcenes de 0,8 metros a ambos lados.<\/p>\n\n\n\n<p>Adem\u00e1s, se ha llevado a cabo una inspecci\u00f3n y revisi\u00f3n estructural del puente, evaluando detalladamente los apoyos y cimentaciones. Para mejorar la estabilidad frente a la erosi\u00f3n, se ha reforzado la escollera de taludes, estribos, cimentaciones y accesos al puente, colocando m\u00e1s de 2.000 m\u00b3 de escollera de 200 kg por bloque en un tramo de 60 metros en direcci\u00f3n Cheste y 80 metros en direcci\u00f3n Villamarchante.<\/p>\n\n\n\n<p>Tambi\u00e9n se ha sustituido el pretil da\u00f1ado, instalando uno met\u00e1lico a lo largo de 25 metros en ambos lados del puente. Asimismo, se ha repuesto la barrera de seguridad para la protecci\u00f3n de los taludes del terrapl\u00e9n, en cumplimiento con la normativa vigente.<\/p>\n\n\n\n<p>El firme del camino tambi\u00e9n se ha renovado en una longitud total de 260 metros con elementos que optimizan la durabilidad del pavimento. Para garantizar la seguridad vial, se ha mejorado la se\u00f1alizaci\u00f3n y balizamiento, instalando marcas viales reflectantes y reestableciendo la bionda met\u00e1lica y la se\u00f1alizaci\u00f3n vertical.<\/p>\n\n\n\n<p>Por \u00faltimo, se ha realizado una limpieza y acondicionamiento del cauce en el entorno del puente, eliminando lodos y restos arrastrados por la avenida, para asegurar el correcto desag\u00fce de la infraestructura.<\/p>\n\n\n\n<p><strong>Otros trabajos en la CV-50<\/strong><\/p>\n\n\n\n<p>El pasado mes de febrero, la Generalitat puso en servicio un desv\u00edo provisional en la CV-50, tambi\u00e9n en Cheste, para sustituir el puente instalado por la Unidad Militar de Emergencias (UME) en noviembre. El objetivo de este desv\u00edo era dar continuidad a la v\u00eda a su paso sobre el barranco de Chiva y mejorar la fluidez del tr\u00e1fico y la conexi\u00f3n en la zona.<\/p>\n\n\n\n<p>Estas dos obras de emergencia, junto a la reconstrucci\u00f3n de otro de los puentes de la CV-50 que se est\u00e1 ejecutando, concretamente en el PK 74+000, cuentan con un presupuesto de la Generalitat de 8,7 millones de euros en el marco del plan Recuperem Val\u00e8ncia.<\/p>\n","protected":false},"excerpt":{"rendered":"<div class=\"mh-excerpt\">Desde las inundaciones del pasado mes de octubre, se circulaba por un \u00fanico carril con un sistema de paso alternativo semaforizado. Se contin\u00faa con las obras de rehabilitaci\u00f3n de otro de los puentes situados en <a class=\"mh-excerpt-more\" href=\"https:\/\/www.tucomarca.com\/wordpress\/segunda\/la-generalitat-restablece-la-circulacion-sin-restricciones-en-uno-de-los-puentes-de-la-cv-50-en-cheste-tras-concluir-las-obras-de-emergencia\/\" title=\"La Generalitat restablece la circulaci\u00f3n sin restricciones en uno de los puentes de la CV-50 en Cheste tras concluir las obras de emergencia\">[+] <\/a><\/div>\n","protected":false},"author":13,"featured_media":257858,"comment_status":"open","ping_status":"open","sticky":false,"template":"","format":"standard","meta":{"footnotes":""},"categories":[17,21465,128,8,72,10,117,142,3,116,45],"tags":[12831,10412,2142,107],"class_list":{"0":"post-257857","1":"post","2":"type-post","3":"status-publish","4":"format-standard","5":"has-post-thumbnail","7":"category-cheste","8":"category-dana","9":"category-infraestructuras","10":"category-la-comarca","11":"category-sin-categorizar","12":"category-la-hoya","13":"category-medio-ambiente-la-comarca","14":"category-politica-la-comarca","15":"category-seccion","16":"category-sucesos-la-comarca","17":"category-ventana","18":"tag-dana-2","19":"tag-infraestructuras","20":"tag-la-comunitat","21":"tag-medio-ambiente"},"_links":{"self":[{"href":"https:\/\/www.tucomarca.com\/wordpress\/segunda\/wp-json\/wp\/v2\/posts\/257857","targetHints":{"allow":["GET"]}}],"collection":[{"href":"https:\/\/www.tucomarca.com\/wordpress\/segunda\/wp-json\/wp\/v2\/posts"}],"about":[{"href":"https:\/\/www.tucomarca.com\/wordpress\/segunda\/wp-json\/wp\/v2\/types\/post"}],"author":[{"embeddable":true,"href":"https:\/\/www.tucomarca.com\/wordpress\/segunda\/wp-json\/wp\/v2\/users\/13"}],"replies":[{"embeddable":true,"href":"https:\/\/www.tucomarca.com\/wordpress\/segunda\/wp-json\/wp\/v2\/comments?post=257857"}],"version-history":[{"count":0,"href":"https:\/\/www.tucomarca.com\/wordpress\/segunda\/wp-json\/wp\/v2\/posts\/257857\/revisions"}],"wp:featuredmedia":[{"embeddable":true,"href":"https:\/\/www.tucomarca.com\/wordpress\/segunda\/wp-json\/wp\/v2\/media\/257858"}],"wp:attachment":[{"href":"https:\/\/www.tucomarca.com\/wordpress\/segunda\/wp-json\/wp\/v2\/media?parent=257857"}],"wp:term":[{"taxonomy":"category","embeddable":true,"href":"https:\/\/www.tucomarca.com\/wordpress\/segunda\/wp-json\/wp\/v2\/categories?post=257857"},{"taxonomy":"post_tag","embeddable":true,"href":"https:\/\/www.tucomarca.com\/wordpress\/segunda\/wp-json\/wp\/v2\/tags?post=257857"}],"curies":[{"name":"wp","href":"https:\/\/api.w.org\/{rel}","templated":true}]}}