{"id":257863,"date":"2025-03-14T08:45:00","date_gmt":"2025-03-14T07:45:00","guid":{"rendered":"https:\/\/www.tucomarca.com\/wordpress\/segunda\/?p=257863"},"modified":"2025-03-14T19:18:17","modified_gmt":"2025-03-14T18:18:17","slug":"el-institut-valencia-de-cultura-promueve-el-audiovisual-valenciano-en-el-28o-festival-de-cine-de-malaga","status":"publish","type":"post","link":"https:\/\/www.tucomarca.com\/wordpress\/segunda\/el-institut-valencia-de-cultura-promueve-el-audiovisual-valenciano-en-el-28o-festival-de-cine-de-malaga\/","title":{"rendered":"El Institut Valenci\u00e0 de Cultura promueve el audiovisual valenciano en el 28\u00ba Festival de Cine de M\u00e1laga"},"content":{"rendered":"\n<h3 class=\"wp-block-heading\">24 producciones con participaci\u00f3n valenciana cuentan con el apoyo del IVC y \u00c0 Punt, de las que diez reciben\u00a0ayudas del IVC.<\/h3>\n\n\n\n<h3 class=\"wp-block-heading\">Se presentan seis largometrajes de ficci\u00f3n, seis documentales y 12 cortometrajes valencianos.<\/h3>\n\n\n\n<p>La Conselleria de Educaci\u00f3n, Cultura, Universidades y Empleo, a trav\u00e9s del Institut Valenci\u00e0 de Cultura, promueve la participaci\u00f3n de los profesionales y las producciones del audiovisual valenciano en las diversas secciones competitivas del Festival de Cine de M\u00e1laga, que se celebra del 14 al 23 de marzo de 2023.&nbsp;<\/p>\n\n\n\n<p>El director general del IVC, \u00c1lvaro L\u00f3pez-Jamar, ha destacado \u201cla enorme calidad y diversidad de las producciones con participaci\u00f3n valenciana que se proyectan en las diversas secciones del Festival de M\u00e1laga\u201d.<\/p>\n\n\n\n<p>\u201cSin duda, el audiovisual valenciano ha ganado mucha presencia en esta edici\u00f3n, ya que de las 14 producciones seleccionadas tanto en 2023 como en 2024, hemos pasado a 24 en 2025, lo que supone un incremento del 71 % respecto a las dos \u00faltimas ediciones. De estas 24 producciones, 10 han contado con ayudas a la producci\u00f3n del Institut Valenci\u00e0 de Cultura\u201d, ha a\u00f1adido.<\/p>\n\n\n\n<p>Por su parte, el presidente de la Corporaci\u00f3n Audiovisual de la Comunitat Valenciana, Vicente Ordaz, ha asegurado que el Festival de M\u00e1laga \u201ces un escaparate ideal para que las ocho producciones participadas por \u00c0 Punt tengan un mayor recorrido nacional e internacional, sobre todo en Iberoam\u00e9rica\u201d.&nbsp;<\/p>\n\n\n\n<p>Ordaz ha a\u00f1adido que \u00c0 Punt \u201cva a seguir apostando por el talento creativo audiovisual de la Comunidad Valenciana en el que ya se invirtieron 3.150.000 euros en 2024\u201d. &nbsp;&nbsp;<\/p>\n\n\n\n<p><strong>Proyecciones de pel\u00edculas valencianas<\/strong><\/p>\n\n\n\n<p>El audiovisual valenciano estar\u00e1 presente en la 28\u00aa edici\u00f3n del Festival de M\u00e1laga con 24 producciones que podr\u00e1n verse en las diferentes secciones del festival. De los 12 largometrajes con participaci\u00f3n valenciana que se presentan, seis son de ficci\u00f3n y seis son documentales. En el apartado del cortometraje, han sido seleccionados 12 obras: cinco de ficci\u00f3n, cuatro documentales y tres de animaci\u00f3n. 10 de las 24 producciones que se presentan cuentan con ayudas del IVC.&nbsp;<\/p>\n\n\n\n<p>En la Secci\u00f3n Oficial de Largometrajes a competici\u00f3n figura \u2018La buena letra\u2019, dirigida por Celia Rico Clavellino y producida por Fernando Bovaira para Misent Producciones, MOD Producciones y Arcadia Motion Pictures. Cuenta con las ayudas a la producci\u00f3n del IVC, la participaci\u00f3n de \u00c0 Punt, RTVE, Movistar Plus+ y 3cat y con la financiaci\u00f3n del Instituto de la Cinematograf\u00eda y de las Artes Audiovisuales (ICAA) y del Institut Catal\u00e0 de les Empreses Culturals (ICEC). Basada en la novela de Rafael Chirbes, est\u00e1 protagonizada por Loreto Maule\u00f3n, Enric Auquer, Roger Casamajor, Ana Rujas y las actrices valencianas Teresa Lozano, Gloria March y Sof\u00eda Puerta.&nbsp;<\/p>\n\n\n\n<p>Tambi\u00e9n en la Secci\u00f3n Oficial a concurso se proyecta \u2018Una quinta portuguesa\u2019, escrita y dirigida por la valenciana Avelina Prat, producida por Distinto Films en coproducci\u00f3n con la alicantina Jaibo Films, la portuguesa O Som e a F\u00faria y Almendros Blancos AIE. Con ayudas a la producci\u00f3n del IVC, cuenta asimismo con la participaci\u00f3n de \u00c0 Punt, RTVE, 3Cat y Televisi\u00f3n de Portugal, y el apoyo de ICAA, ICEC y el Instituto do Cinema e do Audiovisual (ICA) de Portugal.&nbsp;<\/p>\n\n\n\n<p>Adem\u00e1s, participa \u2018La terra negra\u2019, dirigida por el valenciano Alberto Morais y escrita en colaboraci\u00f3n con el alicantino Samuel del Amor. Producida por la valenciana Olivo Films en coproducci\u00f3n con Elamedia, Dexiderius y Garra, cuenta con un amplio elenco de actores valencianos ente los que figuran Abdelatif Hwidar, Rosana Pastor, \u00c1lvaro B\u00e1guena, Mar\u00eda Albi\u00f1ana, Toni Mis\u00f3 y Bruno Tamarit. La pel\u00edcula ha recibido ayudas a la producci\u00f3n del IVC y la participaci\u00f3n de \u00c0 Punt. &nbsp;<\/p>\n\n\n\n<p>Completa la Secci\u00f3n Oficial a Concurso \u2018Todo lo que no s\u00e9\u2019, escrita y dirigida por Ana Lambarri y producida por el ilicitano Carlos Guerrero para 39 Escalones Films, en coproducci\u00f3n con Naif Films, The Other Film y Robot Productions.&nbsp;<\/p>\n\n\n\n<p><strong>Secci\u00f3n Oficial fuera de concurso<\/strong><\/p>\n\n\n\n<p>Por otro lado, dentro de la Secci\u00f3n Oficial fuera de concurso figura \u2018Peque\u00f1os calvarios\u2019, dirigida por Javier Polo y producida por Peque\u00f1os Calvarios AIE, Los Hermanos Polo y Jap\u00f3nica Films, en coproducci\u00f3n con la mexicana Paloma Negra Films y la alemana OMA Inge Films.&nbsp;<\/p>\n\n\n\n<p>Este filme cuenta con las ayudas a la producci\u00f3n del IVC, la participaci\u00f3n de \u00c0 Punt y la financiaci\u00f3n del ICAA. Con guion de David Pascual, Enric Pardo y Guillermo Guerrero, \u2018Peque\u00f1os calvarios\u2019 es una comedia negra ambientada en Benic\u00e0ssim, con un reparto coral del que forman parte Arturo Valls, Enrique Arce, Berta V\u00e1zquez, Andrea Duro, Pablo Molinero, Vito Sanz, Rub\u00e9n Bernal y el c\u00f3mico Javier Coronas.<\/p>\n\n\n\n<p>Tambi\u00e9n en la Secci\u00f3n Oficial fuera de concurso se presenta \u2018Enemigos\u2019, dirigida por el alicantino David Valero y escrita por Valero en colaboraci\u00f3n con Alfonso Amador. La pel\u00edcula est\u00e1 producida por At\u00edpica Films y Amazon MGM Studios. En el reparto destaca la oriolana Luna Pamies.&nbsp;<\/p>\n\n\n\n<p><strong>Otras secciones<\/strong><\/p>\n\n\n\n<p>En la Secci\u00f3n Oficial a concurso de largometrajes documentales se presenta \u2018On eres quan hi eres?\u2019, un documental biogr\u00e1fico sobre el cantante alcoyano Ovidi Montllor, dirigido por Jana Montllor Blanes, producido por La Selva Ecosistema Creatiu, La Cima Producciones y Odessa Films, con la participaci\u00f3n de \u00c0 Punt. &nbsp;<\/p>\n\n\n\n<p>Dentro de los pases especiales de documentales figura \u2018La festa\u2019, dirigido por Manuel Guti\u00e9rrez Arag\u00f3n y el ilicitano Pablo Mas, y producido por la empresa ilicitana M\u00e1sPel\u00edculas, con ayudas a la producci\u00f3n del IVC. Tambi\u00e9n se proyectan \u2018Berlanga. Fan\u00e1ticamente contradictorio\u2019, dirigido por Jos\u00e9 Luis Berlanga y producido por Estela Producciones Cinematogr\u00e1ficas, con la participaci\u00f3n de Arturo Valls; y \u2018Dolores Ib\u00e1rruri. La Pasionaria\u2019, escrito y dirigido por la valenciana Amparo Climent y producido por Bowfinger International Pictures y &nbsp;Pasionaria AIE.&nbsp;<\/p>\n\n\n\n<p>Tambi\u00e9n figuran los documentales musicales \u2018La guitarra flamenca de Yerai Cort\u00e9s\u2019 dirigido por Ant\u00f3n \u00c1lvarez (C. Tangana) y producido por Little Spain, sobre el guitarrista alicantino Yerai Cort\u00e9s; y \u2018Solo pienso en ti\u2019 dirigido por Hugo de la Riva y producido por el ilicitano Carlos Guerrero para 39 Escalones, sobre el cantante V\u00edctor Manuel. El apartado de pases documentales lo cierra el cortometraje \u2018Radiograf\u00edas\u2019 dirigido por el alicantino Ad\u00e1n Aliaga. &nbsp;<\/p>\n\n\n\n<p>En la Secci\u00f3n Oficial de cortometrajes de ficci\u00f3n a concurso se presentan \u2018Sucre\u2019 dirigido por Claudia Ced\u00f3 y producido por Suica Films, con ayudas a la producci\u00f3n del IVC; \u2018Insalvable\u2019, dirigido por el alicantino Javier Marco y producido por Langosta Films; \u2018C\u00f3lera\u2019 dirigido por Jos\u00e9 Luis L\u00e1zaro y producido por Aire de Cinema y Wicker Films, con ayudas a la producci\u00f3n del IVC; &nbsp;\u2018Abril\u2019 dirigido por la javiense Alexandra Iglesias; y \u2018Maruja\u2019 dirigido por el alicantino \u00c1lvaro G. Company y producido por la empresa ilicitana Grupoidex. &nbsp;<\/p>\n\n\n\n<p>En Animazine, la secci\u00f3n dedicada a la animaci\u00f3n, se han seleccionado tres cortos de producci\u00f3n valenciana que cuentan con ayudas del IVC: \u2018La valla\u2019, dirigido por Sam Ort\u00ed y producido por Conflictivo Productions; \u2018Carmela\u2019, dirigido por Vicente Mallols y producido por Pangur Animation y \u2018Buffet Para\u00edso\u2019, dirigido por H\u00e9ctor Zafra y Santi Am\u00e9zqueta y producido por Hampa Studio.&nbsp;<\/p>\n\n\n\n<p>Finalmente, en el apartado de cortometrajes de la secci\u00f3n \u2018Afirmando los derechos de las mujeres\u2019 se presentan \u2018Aminata. Multiplicadores de la salud\u2019 dirigido por Marta L\u00f3pez Plaza y Eduardo Peir\u00f3 Porcel y producido por Llavors Films; \u2018Casting\u2019 dirigido por el valenciano Victor Devesa; y \u2018Victoria planetaria\u2019 dirigido por la alcoyana Mariola Olcina Alvarado.<\/p>\n","protected":false},"excerpt":{"rendered":"<div class=\"mh-excerpt\">24 producciones con participaci\u00f3n valenciana cuentan con el apoyo del IVC y \u00c0 Punt, de las que diez reciben\u00a0ayudas del IVC. Se presentan seis largometrajes de ficci\u00f3n, seis documentales y 12 cortometrajes valencianos. La Conselleria <a class=\"mh-excerpt-more\" href=\"https:\/\/www.tucomarca.com\/wordpress\/segunda\/el-institut-valencia-de-cultura-promueve-el-audiovisual-valenciano-en-el-28o-festival-de-cine-de-malaga\/\" title=\"El Institut Valenci\u00e0 de Cultura promueve el audiovisual valenciano en el 28\u00ba Festival de Cine de M\u00e1laga\">[+] <\/a><\/div>\n","protected":false},"author":13,"featured_media":257866,"comment_status":"open","ping_status":"open","sticky":false,"template":"","format":"standard","meta":{"footnotes":""},"categories":[4,72,7,3],"tags":[13272,17757,2142,15855],"class_list":{"0":"post-257863","1":"post","2":"type-post","3":"status-publish","4":"format-standard","5":"has-post-thumbnail","7":"category-agenda","8":"category-sin-categorizar","9":"category-ocio-y-cultura","10":"category-seccion","11":"tag-institut-valencia-de-cultura","12":"tag-ivc","13":"tag-la-comunitat","14":"tag-ocio-y-cultura"},"_links":{"self":[{"href":"https:\/\/www.tucomarca.com\/wordpress\/segunda\/wp-json\/wp\/v2\/posts\/257863","targetHints":{"allow":["GET"]}}],"collection":[{"href":"https:\/\/www.tucomarca.com\/wordpress\/segunda\/wp-json\/wp\/v2\/posts"}],"about":[{"href":"https:\/\/www.tucomarca.com\/wordpress\/segunda\/wp-json\/wp\/v2\/types\/post"}],"author":[{"embeddable":true,"href":"https:\/\/www.tucomarca.com\/wordpress\/segunda\/wp-json\/wp\/v2\/users\/13"}],"replies":[{"embeddable":true,"href":"https:\/\/www.tucomarca.com\/wordpress\/segunda\/wp-json\/wp\/v2\/comments?post=257863"}],"version-history":[{"count":0,"href":"https:\/\/www.tucomarca.com\/wordpress\/segunda\/wp-json\/wp\/v2\/posts\/257863\/revisions"}],"wp:featuredmedia":[{"embeddable":true,"href":"https:\/\/www.tucomarca.com\/wordpress\/segunda\/wp-json\/wp\/v2\/media\/257866"}],"wp:attachment":[{"href":"https:\/\/www.tucomarca.com\/wordpress\/segunda\/wp-json\/wp\/v2\/media?parent=257863"}],"wp:term":[{"taxonomy":"category","embeddable":true,"href":"https:\/\/www.tucomarca.com\/wordpress\/segunda\/wp-json\/wp\/v2\/categories?post=257863"},{"taxonomy":"post_tag","embeddable":true,"href":"https:\/\/www.tucomarca.com\/wordpress\/segunda\/wp-json\/wp\/v2\/tags?post=257863"}],"curies":[{"name":"wp","href":"https:\/\/api.w.org\/{rel}","templated":true}]}}