{"id":257888,"date":"2025-03-14T12:45:00","date_gmt":"2025-03-14T11:45:00","guid":{"rendered":"https:\/\/www.tucomarca.com\/wordpress\/segunda\/?p=257888"},"modified":"2025-03-14T19:33:52","modified_gmt":"2025-03-14T18:33:52","slug":"vicent-mompo-lleva-el-fallerisme-de-la-diputacio-a-la-comarca-de-la-ribera","status":"publish","type":"post","link":"https:\/\/www.tucomarca.com\/wordpress\/segunda\/vicent-mompo-lleva-el-fallerisme-de-la-diputacio-a-la-comarca-de-la-ribera\/","title":{"rendered":"Vicent Momp\u00f3 lleva el &#8216;fallerisme&#8217; de la Diputaci\u00f3 a la comarca de La Ribera"},"content":{"rendered":"\n<h3 class=\"wp-block-heading\">El presidente de la Diputaci\u00f3 de Val\u00e8ncia ha acudido al Colegio Santa Ana de Algemes\u00ed y a la masclet\u00e0 de Alzira.\u00a0<\/h3>\n\n\n\n<p>El presidente de la Diputaci\u00f3 de Val\u00e8ncia, Vicent Momp\u00f3, contin\u00faa llevando el \u2018fallerisme\u2019, el lema de este a\u00f1o de la instituci\u00f3n que expresa con una palabra la forma de vivir estas fiestas, a diferentes municipios de la provincia. Este viernes Momp\u00f3 ha acudido a la comarca de la Ribera para apoyar los actos falleros que se est\u00e1n celebrando en los municipios de Algemes\u00ed y Alzira.<\/p>\n\n\n\n<p>En Algemes\u00ed, Vicent Momp\u00f3, acompa\u00f1ado por el alcalde de la localidad, Jos\u00e9 Javier Sanchis, ha visitado en primer lugar la falla Nou Mercat, donde ha podido ver la plant\u00e0 de su monumento. A continuaci\u00f3n, se han trasladado al Colegio Santa Ana donde, en un ambiente festivo, ha participado en la ofrenda que han realizado los alumnos de esta escuela, que tambi\u00e9n han plantado una falla.<\/p>\n\n\n\n<figure class=\"wp-block-gallery has-nested-images columns-1 is-cropped wp-block-gallery-1 is-layout-flex wp-block-gallery-is-layout-flex\">\n<figure class=\"wp-block-image size-large\"><img loading=\"lazy\" decoding=\"async\" width=\"1024\" height=\"666\" data-id=\"257895\" src=\"https:\/\/www.tucomarca.com\/wordpress\/segunda\/wp-content\/uploads\/2025\/03\/DipuFalladAlgemesi-1024x666.jpg\" alt=\"\" class=\"wp-image-257895\" srcset=\"https:\/\/www.tucomarca.com\/wordpress\/segunda\/wp-content\/uploads\/2025\/03\/DipuFalladAlgemesi-1024x666.jpg 1024w, https:\/\/www.tucomarca.com\/wordpress\/segunda\/wp-content\/uploads\/2025\/03\/DipuFalladAlgemesi-300x195.jpg 300w, https:\/\/www.tucomarca.com\/wordpress\/segunda\/wp-content\/uploads\/2025\/03\/DipuFalladAlgemesi-768x499.jpg 768w, https:\/\/www.tucomarca.com\/wordpress\/segunda\/wp-content\/uploads\/2025\/03\/DipuFalladAlgemesi.jpg 1181w\" sizes=\"auto, (max-width: 1024px) 100vw, 1024px\" \/><\/figure>\n\n\n\n<figure class=\"wp-block-image size-large\"><img loading=\"lazy\" decoding=\"async\" width=\"1024\" height=\"666\" data-id=\"257899\" src=\"https:\/\/www.tucomarca.com\/wordpress\/segunda\/wp-content\/uploads\/2025\/03\/DipuFallasAlzira2-1024x666.jpg\" alt=\"\" class=\"wp-image-257899\" srcset=\"https:\/\/www.tucomarca.com\/wordpress\/segunda\/wp-content\/uploads\/2025\/03\/DipuFallasAlzira2-1024x666.jpg 1024w, https:\/\/www.tucomarca.com\/wordpress\/segunda\/wp-content\/uploads\/2025\/03\/DipuFallasAlzira2-300x195.jpg 300w, https:\/\/www.tucomarca.com\/wordpress\/segunda\/wp-content\/uploads\/2025\/03\/DipuFallasAlzira2-768x499.jpg 768w, https:\/\/www.tucomarca.com\/wordpress\/segunda\/wp-content\/uploads\/2025\/03\/DipuFallasAlzira2.jpg 1181w\" sizes=\"auto, (max-width: 1024px) 100vw, 1024px\" \/><\/figure>\n<\/figure>\n\n\n\n<p>\u201cAlgemes\u00ed es uno de los municipios que m\u00e1s ha sufrido las consecuencias de la dana y sus vecinos tienen todo el derecho a volver a sonre\u00edr y a ilusionarse celebrando estas fiestas. Hemos visto c\u00f3mo los alumnos del colegio celebran las fallas, demostrando que la festividad va m\u00e1s all\u00e1 de lo que son los casales y los monumentos y se vive tambi\u00e9n entre el resto de colectivos de la sociedad\u201d, ha destacado Vicent Momp\u00f3.<\/p>\n\n\n\n<p>Por su parte, el alcalde Jos\u00e9 Javier Sanchis, ha agradecido \u201cel apoyo de la Diputaci\u00f3n a nuestras tradiciones y su visita a este colegio donde se pretende inculcar a los m\u00e1s peque\u00f1os la cultura fallera para que esta tradici\u00f3n tenga continuidad\u201d.<\/p>\n\n\n\n<p>El presidente de la corporaci\u00f3n provincial se ha desplazado despu\u00e9s a Alzira, donde ha sido recibido en el Ayuntamiento por el alcalde de la capital de la Ribera Alta, Alfonso Dom\u00ednguez. Momp\u00f3 ha tenido la oportunidad de presenciar en la Pla\u00e7a del Regne la primera masclet\u00e0 que abre el ciclo fallero de Alzira, a cargo de uno de los pirot\u00e9cnicos m\u00e1s destacados del sector, la Pirotecnia Crespo, que ha hecho disfrutar a todos los asistentes con su famoso trueno.<\/p>\n\n\n\n<p>\u201cHoy en Alzira estamos apoyando a nuestros pueblos y nuestras tradiciones. La fiesta de las fallas no s\u00f3lo se vive en Valencia capital, sino que es un rasgo de la cultura valenciana muy extendido a los pueblos de la provincia. Hemos podido disfrutar de la primera masclet\u00e0 de estas fallas, manifestando tambi\u00e9n as\u00ed nuestro reconocimiento al sector pirot\u00e9cnico, tan importante para nuestra tierra\u201d, ha subrayado Vicent Momp\u00f3.<\/p>\n","protected":false},"excerpt":{"rendered":"<div class=\"mh-excerpt\">El presidente de la Diputaci\u00f3 de Val\u00e8ncia ha acudido al Colegio Santa Ana de Algemes\u00ed y a la masclet\u00e0 de Alzira.\u00a0 El presidente de la Diputaci\u00f3 de Val\u00e8ncia, Vicent Momp\u00f3, contin\u00faa llevando el \u2018fallerisme\u2019, el <a class=\"mh-excerpt-more\" href=\"https:\/\/www.tucomarca.com\/wordpress\/segunda\/vicent-mompo-lleva-el-fallerisme-de-la-diputacio-a-la-comarca-de-la-ribera\/\" title=\"Vicent Momp\u00f3 lleva el &#8216;fallerisme&#8217; de la Diputaci\u00f3 a la comarca de La Ribera\">[+] <\/a><\/div>\n","protected":false},"author":12,"featured_media":257897,"comment_status":"open","ping_status":"open","sticky":false,"template":"","format":"gallery","meta":{"footnotes":""},"categories":[99,69,156,128,8,72,42,7,142,3,45],"tags":[10409,10402,3677,22020,1407],"class_list":{"0":"post-257888","1":"post","2":"type-post","3":"status-publish","4":"format-gallery","5":"has-post-thumbnail","7":"category-algemesi","8":"category-alzira","9":"category-gavarda","10":"category-infraestructuras","11":"category-la-comarca","12":"category-sin-categorizar","13":"category-la-ribera","14":"category-ocio-y-cultura","15":"category-politica-la-comarca","16":"category-seccion","17":"category-ventana","18":"tag-algemesi","19":"tag-alzira","20":"tag-diputacio-de-valencia","21":"tag-fallerisme","22":"tag-ribera-alta","23":"post_format-post-format-gallery"},"_links":{"self":[{"href":"https:\/\/www.tucomarca.com\/wordpress\/segunda\/wp-json\/wp\/v2\/posts\/257888","targetHints":{"allow":["GET"]}}],"collection":[{"href":"https:\/\/www.tucomarca.com\/wordpress\/segunda\/wp-json\/wp\/v2\/posts"}],"about":[{"href":"https:\/\/www.tucomarca.com\/wordpress\/segunda\/wp-json\/wp\/v2\/types\/post"}],"author":[{"embeddable":true,"href":"https:\/\/www.tucomarca.com\/wordpress\/segunda\/wp-json\/wp\/v2\/users\/12"}],"replies":[{"embeddable":true,"href":"https:\/\/www.tucomarca.com\/wordpress\/segunda\/wp-json\/wp\/v2\/comments?post=257888"}],"version-history":[{"count":0,"href":"https:\/\/www.tucomarca.com\/wordpress\/segunda\/wp-json\/wp\/v2\/posts\/257888\/revisions"}],"wp:featuredmedia":[{"embeddable":true,"href":"https:\/\/www.tucomarca.com\/wordpress\/segunda\/wp-json\/wp\/v2\/media\/257897"}],"wp:attachment":[{"href":"https:\/\/www.tucomarca.com\/wordpress\/segunda\/wp-json\/wp\/v2\/media?parent=257888"}],"wp:term":[{"taxonomy":"category","embeddable":true,"href":"https:\/\/www.tucomarca.com\/wordpress\/segunda\/wp-json\/wp\/v2\/categories?post=257888"},{"taxonomy":"post_tag","embeddable":true,"href":"https:\/\/www.tucomarca.com\/wordpress\/segunda\/wp-json\/wp\/v2\/tags?post=257888"}],"curies":[{"name":"wp","href":"https:\/\/api.w.org\/{rel}","templated":true}]}}