{"id":25823,"date":"2014-04-12T11:28:19","date_gmt":"2014-04-12T08:28:19","guid":{"rendered":"http:\/\/www.tucomarca.com\/wordpress\/segunda\/?p=25823"},"modified":"2014-04-12T11:28:19","modified_gmt":"2014-04-12T08:28:19","slug":"la-feria-reciclamon-y-el-planeta-infinito-llegan-a-villar-del-arzobispo","status":"publish","type":"post","link":"https:\/\/www.tucomarca.com\/wordpress\/segunda\/la-feria-reciclamon-y-el-planeta-infinito-llegan-a-villar-del-arzobispo\/","title":{"rendered":"La Feria \u00abReciclamon y el Planeta Infinito\u00bb llegan a Villar del Arzobispo"},"content":{"rendered":"<p>Este s\u00e1bado 12 de abril, a partir de las 11.00 horas, en las escuelas Huerto del Se\u00f1or de Villar del Arzobispo se celebra la Feria  \u2018Reciclamon y el planeta infinito\u2019 con la participaci\u00f3n de diversos representantes del Ayuntamiento, la Diputaci\u00f3n Provincial de Valencia y del Consorcio Valencia Interior. Asimismo est\u00e1n convocados los escolares que han compartido los talleres de educaci\u00f3n ambiental y reciclaje realizados en Villar del Arzobispo. En el marco de la Feria se presentar\u00e1n los trabajos de reciclaje que han realizado las ni\u00f1as y ni\u00f1os, convertidos ya en agentes Reciclamon, peque\u00f1os ciudadanos \u2018formadores medioambientales\u2019 que han aprendido para transmitir en su entorno m\u00e1s cercano la importancia del reciclaje.<br \/>\nLa campa\u00f1a de concienciaci\u00f3n y educaci\u00f3n ambiental Reciclamon y el planeta infinito, organizada por la Diputaci\u00f3n Provincial de Valencia y el Consorcio Valencia Interior, con la colaboraci\u00f3n de la fundaci\u00f3n Eco-raee\u2019s y los Ayuntamientos participantes, se desarrolla en los centros escolares de varios municipios de estas comarcas del interior de Valencia. Junto a los talleres formativos, se celebrar\u00e1n Ferias itinerantes, como la que se celebra el s\u00e1bado en Villar del Arzobispo, con contenidos l\u00fadicos y docentes para concienciar sobre la necesidad e importancia de reciclar nuestros residuos.<br \/>\nAumentar el nivel de concienciaci\u00f3n ambiental de los escolares, implic\u00e1ndoles en la gesti\u00f3n de los residuos generados en sus municipios como parte activa del reciclaje de los mismos, es el objetivo central de estas actividades que est\u00e1n siendo recibidas satisfactoriamente en los centros docentes. Adem\u00e1s, esta campa\u00f1a ofrece tambi\u00e9n visitas escolares a la planta de valorizaci\u00f3n de residuos urbanos de Ll\u00edria, donde las ni\u00f1as y ni\u00f1os participan en la experiencia de la transformaci\u00f3n de los residuos en recursos.<\/p>\n","protected":false},"excerpt":{"rendered":"<div class=\"mh-excerpt\">Este s\u00e1bado 12 de abril, a partir de las 11.00 horas, en las escuelas Huerto del Se\u00f1or de Villar del Arzobispo se celebra la Feria \u2018Reciclamon y el planeta infinito\u2019 con la participaci\u00f3n de diversos <a class=\"mh-excerpt-more\" href=\"https:\/\/www.tucomarca.com\/wordpress\/segunda\/la-feria-reciclamon-y-el-planeta-infinito-llegan-a-villar-del-arzobispo\/\" title=\"La Feria \u00abReciclamon y el Planeta Infinito\u00bb llegan a Villar del Arzobispo\">[+] <\/a><\/div>\n","protected":false},"author":2,"featured_media":0,"comment_status":"open","ping_status":"open","sticky":false,"template":"","format":"standard","meta":{"footnotes":""},"categories":[8,59,117,3,171],"tags":[417,100,4018,10428],"class_list":{"0":"post-25823","1":"post","2":"type-post","3":"status-publish","4":"format-standard","6":"category-la-comarca","7":"category-los-serranos","8":"category-medio-ambiente-la-comarca","9":"category-seccion","10":"category-villar-del-arzobispo","11":"tag-consorcio-valencia-interior","12":"tag-feria","13":"tag-reciclamon-y-planeta-infinito","14":"tag-villar-del-arzobispo"},"_links":{"self":[{"href":"https:\/\/www.tucomarca.com\/wordpress\/segunda\/wp-json\/wp\/v2\/posts\/25823","targetHints":{"allow":["GET"]}}],"collection":[{"href":"https:\/\/www.tucomarca.com\/wordpress\/segunda\/wp-json\/wp\/v2\/posts"}],"about":[{"href":"https:\/\/www.tucomarca.com\/wordpress\/segunda\/wp-json\/wp\/v2\/types\/post"}],"author":[{"embeddable":true,"href":"https:\/\/www.tucomarca.com\/wordpress\/segunda\/wp-json\/wp\/v2\/users\/2"}],"replies":[{"embeddable":true,"href":"https:\/\/www.tucomarca.com\/wordpress\/segunda\/wp-json\/wp\/v2\/comments?post=25823"}],"version-history":[{"count":0,"href":"https:\/\/www.tucomarca.com\/wordpress\/segunda\/wp-json\/wp\/v2\/posts\/25823\/revisions"}],"wp:attachment":[{"href":"https:\/\/www.tucomarca.com\/wordpress\/segunda\/wp-json\/wp\/v2\/media?parent=25823"}],"wp:term":[{"taxonomy":"category","embeddable":true,"href":"https:\/\/www.tucomarca.com\/wordpress\/segunda\/wp-json\/wp\/v2\/categories?post=25823"},{"taxonomy":"post_tag","embeddable":true,"href":"https:\/\/www.tucomarca.com\/wordpress\/segunda\/wp-json\/wp\/v2\/tags?post=25823"}],"curies":[{"name":"wp","href":"https:\/\/api.w.org\/{rel}","templated":true}]}}