{"id":2583,"date":"2012-05-28T22:44:18","date_gmt":"2012-05-28T20:44:18","guid":{"rendered":"http:\/\/www.tucomarca.com\/wordpress\/segunda\/?p=2583"},"modified":"2012-05-28T22:44:18","modified_gmt":"2012-05-28T20:44:18","slug":"el-hospital-de-manises-crea-un-blog-especializado-para-enfermos-de-crohn-y-colitis-ulcerosa","status":"publish","type":"post","link":"https:\/\/www.tucomarca.com\/wordpress\/segunda\/el-hospital-de-manises-crea-un-blog-especializado-para-enfermos-de-crohn-y-colitis-ulcerosa\/","title":{"rendered":"El Hospital de Manises crea un blog especializado para enfermos de Crohn y colitis ulcerosa"},"content":{"rendered":"<p>La Unidad de Enfermedad Inflamatoria Intestinal del <a href=\"http:\/\/www.hospitalmanises.es\/\">Hospital de Manises<\/a> ha celebrado el D\u00eda Mundial de esta enfermedad con la apertura de un blog especializado en esta enfermedad, <a href=\"http:\/\/www.eii-hospitalmanises.blogspot.com\/\">eii.blogs.hospitalmanises.es<\/a> dedicado a facilitar informaci\u00f3n veraz y contrastada a enfermos que padecen Crohn o Colitis Ulcerosa. Y es que se trata de una patolog\u00eda con edades tempranas de incidencia, en muchos casos por debajo de los 16 a\u00f1os. Por eso, muchos afectados son personas j\u00f3venes muy proactivas y que consultan constantemente sus dudas.<\/p>\n<p>\u201cQuer\u00edamos dar respuesta a la demanda informativa de nuestros m\u00e1s de 500 pacientes, el 50% de fuera del \u00e1rea de salud, y que est\u00e1n ubicados por toda la geograf\u00eda espa\u00f1ola, desde Canarias, Madrid, M\u00e1laga o Albacete hasta Valencia\u201d, ha destacado el doctor Joaqu\u00edn Hinojosa, director de la Unidad. As\u00ed, este nuevo espacio online ofrece consejos, art\u00edculos relevantes y sugiere p\u00e1ginas web \u2018fiables\u2019 donde encontrar m\u00e1s informaci\u00f3n. \u201cLa informaci\u00f3n que existe en la Red sobre estas patolog\u00edas es muy extensa, pero no siempre procede de fuentes fiables ni es correcta, lo que puede confundir a los enfermos. Por eso quer\u00edamos que tuvieran un espacio donde encontrar informaci\u00f3n y saber en qu\u00e9 otras p\u00e1ginas web \u2018recomendadas\u2019 pueden navegar\u201d, apunta Hinojosa.<\/p>\n<p><strong>Cada vez mayor incidencia<\/strong><\/p>\n<p>A la temprana edad con que se desarrolla la patolog\u00eda se une su cada vez mayor incidencia en Espa\u00f1a y la Comunitat. Seg\u00fan los expertos del Hospital de Manises se espera un fuerte incremento para los pr\u00f3ximos a\u00f1os. \u201cLos \u00edndices de incidencia en nuestro pa\u00eds est\u00e1n ya por encima de la media europea a pesar de que hace tan s\u00f3lo una d\u00e9cada era una enfermedad poco prevalente\u201d, reconoce el responsable de la Unidad de EII de Manises.<\/p>\n<p>De hecho, el <a href=\"http:\/\/www.hospitalmanises.es\/\">Hospital de Manises<\/a>, centro de referencia en el abordaje de estas patolog\u00edas, espera incrementar las atenciones un 40% durante los pr\u00f3ximos a\u00f1os. S\u00f3lo en la Comunidad Valenciana se calcula que la Enfermedad Inflamatoria Intestinal afecta a m\u00e1s de 15.000 personas. Los cambios en los h\u00e1bitos y estilos de vida, como el estr\u00e9s o los h\u00e1bitos alimentarios pueden\u00a0 explicar, al menos en parte, su mayor repercusi\u00f3n.<\/p>\n<p><strong>Avanzar en el tratamiento<\/strong><\/p>\n<p>Para avanzar en el tratamiento de la enfermedad, el <a href=\"http:\/\/www.hospitalmanises.es\/\">Hospital de Manises<\/a> tambi\u00e9n participa activamente en diversos estudios multic\u00e9ntricos a nivel nacional y europeo. \u201cTenemos en marcha dos becas de investigaci\u00f3n, una de ellas conjuntamente con el Departamento de Farmacia de la Facultad de Medicina de Valencia y dos estudios en los que participamos en coordinaci\u00f3n con otros hospitales\u201d, destaca el doctor Hinojosa.<\/p>\n","protected":false},"excerpt":{"rendered":"<div class=\"mh-excerpt\">La Unidad de Enfermedad Inflamatoria Intestinal del Hospital de Manises ha celebrado el D\u00eda Mundial de esta enfermedad con la apertura de un blog especializado en esta enfermedad, eii.blogs.hospitalmanises.es dedicado a facilitar informaci\u00f3n veraz y <a class=\"mh-excerpt-more\" href=\"https:\/\/www.tucomarca.com\/wordpress\/segunda\/el-hospital-de-manises-crea-un-blog-especializado-para-enfermos-de-crohn-y-colitis-ulcerosa\/\" title=\"El Hospital de Manises crea un blog especializado para enfermos de Crohn y colitis ulcerosa\">[+] <\/a><\/div>\n","protected":false},"author":1,"featured_media":2166,"comment_status":"open","ping_status":"open","sticky":false,"template":"","format":"standard","meta":{"footnotes":""},"categories":[119,8,10,3,43],"tags":[],"class_list":{"0":"post-2583","1":"post","2":"type-post","3":"status-publish","4":"format-standard","5":"has-post-thumbnail","7":"category-sanidad-la-comarca","8":"category-la-comarca","9":"category-la-hoya","10":"category-seccion","11":"category-turis"},"_links":{"self":[{"href":"https:\/\/www.tucomarca.com\/wordpress\/segunda\/wp-json\/wp\/v2\/posts\/2583","targetHints":{"allow":["GET"]}}],"collection":[{"href":"https:\/\/www.tucomarca.com\/wordpress\/segunda\/wp-json\/wp\/v2\/posts"}],"about":[{"href":"https:\/\/www.tucomarca.com\/wordpress\/segunda\/wp-json\/wp\/v2\/types\/post"}],"author":[{"embeddable":true,"href":"https:\/\/www.tucomarca.com\/wordpress\/segunda\/wp-json\/wp\/v2\/users\/1"}],"replies":[{"embeddable":true,"href":"https:\/\/www.tucomarca.com\/wordpress\/segunda\/wp-json\/wp\/v2\/comments?post=2583"}],"version-history":[{"count":0,"href":"https:\/\/www.tucomarca.com\/wordpress\/segunda\/wp-json\/wp\/v2\/posts\/2583\/revisions"}],"wp:featuredmedia":[{"embeddable":true,"href":"https:\/\/www.tucomarca.com\/wordpress\/segunda\/wp-json\/wp\/v2\/media\/2166"}],"wp:attachment":[{"href":"https:\/\/www.tucomarca.com\/wordpress\/segunda\/wp-json\/wp\/v2\/media?parent=2583"}],"wp:term":[{"taxonomy":"category","embeddable":true,"href":"https:\/\/www.tucomarca.com\/wordpress\/segunda\/wp-json\/wp\/v2\/categories?post=2583"},{"taxonomy":"post_tag","embeddable":true,"href":"https:\/\/www.tucomarca.com\/wordpress\/segunda\/wp-json\/wp\/v2\/tags?post=2583"}],"curies":[{"name":"wp","href":"https:\/\/api.w.org\/{rel}","templated":true}]}}