{"id":258962,"date":"2025-03-23T12:00:00","date_gmt":"2025-03-23T11:00:00","guid":{"rendered":"https:\/\/www.tucomarca.com\/wordpress\/segunda\/?p=258962"},"modified":"2025-03-23T19:12:50","modified_gmt":"2025-03-23T18:12:50","slug":"la-union-municipalista-registrara-la-primera-semana-de-abril-la-iniciativa-para-conseguir-la-bajada-del-liston-electoral-del-5-al-3","status":"publish","type":"post","link":"https:\/\/www.tucomarca.com\/wordpress\/segunda\/la-union-municipalista-registrara-la-primera-semana-de-abril-la-iniciativa-para-conseguir-la-bajada-del-liston-electoral-del-5-al-3\/","title":{"rendered":"La Uni\u00f3n Municipalista registrar\u00e1 la primera semana de abril la iniciativa para conseguir la bajada del list\u00f3n electoral del 5 al 3%"},"content":{"rendered":"\n<h3 class=\"wp-block-heading\">M\u00e1s de 130 cargos electos independientes de toda la Comunidad Valenciana se re\u00fanen en Sueca para impulsar un cambio \u201cde justicia\u201d.<\/h3>\n\n\n\n<h3 class=\"wp-block-heading\">El l\u00edder de los municipalistas en la Comunidad Valenciana, Jorge Rodr\u00edguez, destacaba que otros territorios de Espa\u00f1a ya disponen de ese 3%.<\/h3>\n\n\n\n<p> La primera semana del mes de abril es la fecha que se ha fijado la Uni\u00f3n Municipalista para registrar en las Cortes Valencianas la iniciativa legislativa popular (ILP) que pedir\u00e1 la rebaja del list\u00f3n electoral del 5 al 3% para concurrir a las pr\u00f3ximas elecciones previstas para el a\u00f1o 2027. Este es el principal acuerdo estrecho del encuentro auton\u00f3mico que ha tenido este s\u00e1bado en Sueca, donde han participado m\u00e1s de 130 cargos electos independientes de toda la Comunidad Valenciana.<\/p>\n\n\n\n<p>En el encuentro que reun\u00eda representantes municipales de m\u00e1s de 40 poblaciones de toda la Comunidad Valenciana a la Ateneo del Perpetuo Socorro, el coordinador general de la Uni\u00f3n Municipalista en la Comunidad Valenciana y alcalde de Ontinyent, Jorge Rodr\u00edguez, destacaba que \u201cuno de los objetivos que retomamos con este encuentro es la presentaci\u00f3n de esa iniciativa legislativa. En un momento en el cual hay una clara desafecci\u00f3n pol\u00edtica, en el cual los propios pol\u00edticos est\u00e1n haciendo reflexiones alrededor de por qu\u00e9 la ciudadan\u00eda se aleja de la pol\u00edtica, probablemente una de las cuestiones que tambi\u00e9n afecta es ver como tu voto, el voto popular, no se ve despu\u00e9s reflejado a las instituciones\u201d. Por eso, Rodr\u00edguez explicaba que \u201cparte de la responsabilidad que este voto popular no tenga este reflejo posterior es precisamente una barrera electoral muy alta, mucho m\u00e1s alta que la que tiene Catalu\u00f1a, la que tiene Andaluc\u00eda o la que tiene Castilla-La Mancha, que estamos hablando que ya aplican el 3%\u201d, remarcaba.<\/p>\n\n\n\n<figure class=\"wp-block-image size-large\"><img loading=\"lazy\" decoding=\"async\" width=\"1024\" height=\"768\" src=\"https:\/\/www.tucomarca.com\/wordpress\/segunda\/wp-content\/uploads\/2025\/03\/UMunicipalista_SUECA-1024x768.jpg\" alt=\"\" class=\"wp-image-258969\" srcset=\"https:\/\/www.tucomarca.com\/wordpress\/segunda\/wp-content\/uploads\/2025\/03\/UMunicipalista_SUECA-1024x768.jpg 1024w, https:\/\/www.tucomarca.com\/wordpress\/segunda\/wp-content\/uploads\/2025\/03\/UMunicipalista_SUECA-300x225.jpg 300w, https:\/\/www.tucomarca.com\/wordpress\/segunda\/wp-content\/uploads\/2025\/03\/UMunicipalista_SUECA-768x576.jpg 768w, https:\/\/www.tucomarca.com\/wordpress\/segunda\/wp-content\/uploads\/2025\/03\/UMunicipalista_SUECA-1536x1152.jpg 1536w, https:\/\/www.tucomarca.com\/wordpress\/segunda\/wp-content\/uploads\/2025\/03\/UMunicipalista_SUECA-678x509.jpg 678w, https:\/\/www.tucomarca.com\/wordpress\/segunda\/wp-content\/uploads\/2025\/03\/UMunicipalista_SUECA-326x245.jpg 326w, https:\/\/www.tucomarca.com\/wordpress\/segunda\/wp-content\/uploads\/2025\/03\/UMunicipalista_SUECA-80x60.jpg 80w, https:\/\/www.tucomarca.com\/wordpress\/segunda\/wp-content\/uploads\/2025\/03\/UMunicipalista_SUECA.jpg 2048w\" sizes=\"auto, (max-width: 1024px) 100vw, 1024px\" \/><\/figure>\n\n\n\n<p>En la misma l\u00ednea se pronunciaba la vicepresidenta de la Diputaci\u00f3n de Val\u00e8ncia y coordinadora provincial de la Uni\u00f3n Municipalista, Natalia Enguix, al explicar que \u201ces de justicia que la ciudadan\u00eda se sienta representada totalmente y esto pasa para que las y sus pol\u00edticos sean pr\u00f3ximos, que est\u00e9n a su lado. Una manera de hacerlo es como nosotros estamos trabajando a la Diputaci\u00f3n de Val\u00e8ncia, donde gracias a nuestro trabajo hemos conseguido que se apruebe un presupuesto de consenso a brazo partido pol\u00edticas\u201d. En esta l\u00ednea de trabajo \u201cestamos impulsando desde la Uni\u00f3n Municipalista dar voz a la gente y escuchar sus necesidades al reclamar la bajada del list\u00f3n electoral al 3%\u201d.<\/p>\n\n\n\n<p>As\u00ed, el vicepresidente de la Federaci\u00f3n Valenciana de Municipios y Provincias y presidente de la Uni\u00f3n Municipalista, David Garc\u00eda, explicaba que \u201cel que vayamos a presentar en 10 d\u00edas a las Cortes es la modificaci\u00f3n del art\u00edculo 12 de la ley electoral valenciana\u201d porque \u201cesto supondr\u00eda m\u00e1s pluralidad democr\u00e1tica en nuestra comunidad y m\u00e1s posibilitados porque los municipalistas poguerem tener representaci\u00f3n, y por tanto, la gente que vota a los partidos independientes se sienta representada\u201d.<\/p>\n\n\n\n<p>El alcalde de Sueca y miembro de Sueca per Davant, Juli\u00e1n S\u00e1ez, manifestaba su \u201cilusi\u00f3n para acoger este encuentro en nuestra localidad\u201d que, indicaba \u201cpuede marcar el futuro m\u00e1s inmediato de la pol\u00edtica valenciana. Vamos a continuar esa hoja de ruta que todos los partidos locales municipalistas nos marcamos\u201d.<\/p>\n\n\n\n<p>Durante el encuentro se acordaba registrar la ILP en las Cortes Valencianas en la primera semana de abril, as\u00ed como el calendario de trabajo para reunir un m\u00ednimo de 10.000 firmas; puesto que porque esta propuesta prospero hay que reunir esta cifra en un plazo de ocho meses. Un extremo que desde la Uni\u00f3n Municipalista manifiestan \u201cno es dif\u00edcil de obtener sobre todo en un contexto donde vemos que mucha gente no se siente representada con los grandes partidos pol\u00edticos\u201d.<\/p>\n\n\n\n<p><strong>De Sueca a Madrid<\/strong><\/p>\n\n\n\n<p>El encuentro auton\u00f3mico en Sueca ha servido para asentar las bases de esta iniciativa legislativa popular que busca hacer m\u00e1s justa la representaci\u00f3n municipal y dar voz en aquellas formaciones y, por lo tanto los intereses de parte de la ciudadan\u00eda, que ahora quedan fuera por el list\u00f3n electoral. El pr\u00f3ximo encuentro est\u00e1 previsto para el 31 de mayo, cuando se abordar\u00e1 la posibilidad de presentar otra ILP a nivel estatal con el objetivo de unificar los criterios de representaci\u00f3n en todo el territorio espa\u00f1ol.<\/p>\n\n\n\n<p>As\u00ed mismo, el encuentro en Sueca tambi\u00e9n ha servido para coordinar las acciones de comunicaci\u00f3n y movilizaci\u00f3n necesarias para garantizar el \u00e9xito de la ILP, as\u00ed como otras cuestiones relativas a la campa\u00f1a electoral para las elecciones locales y municipales de 2027.<\/p>\n","protected":false},"excerpt":{"rendered":"<div class=\"mh-excerpt\">M\u00e1s de 130 cargos electos independientes de toda la Comunidad Valenciana se re\u00fanen en Sueca para impulsar un cambio \u201cde justicia\u201d. El l\u00edder de los municipalistas en la Comunidad Valenciana, Jorge Rodr\u00edguez, destacaba que otros <a class=\"mh-excerpt-more\" href=\"https:\/\/www.tucomarca.com\/wordpress\/segunda\/la-union-municipalista-registrara-la-primera-semana-de-abril-la-iniciativa-para-conseguir-la-bajada-del-liston-electoral-del-5-al-3\/\" title=\"La Uni\u00f3n Municipalista registrar\u00e1 la primera semana de abril la iniciativa para conseguir la bajada del list\u00f3n electoral del 5 al 3%\">[+] <\/a><\/div>\n","protected":false},"author":12,"featured_media":258971,"comment_status":"open","ping_status":"open","sticky":false,"template":"","format":"standard","meta":{"footnotes":""},"categories":[128,8,72,142,3,45],"tags":[9322,20401,20348],"class_list":{"0":"post-258962","1":"post","2":"type-post","3":"status-publish","4":"format-standard","5":"has-post-thumbnail","7":"category-infraestructuras","8":"category-la-comarca","9":"category-sin-categorizar","10":"category-politica-la-comarca","11":"category-seccion","12":"category-ventana","13":"tag-jorge-rodriguez","14":"tag-natalia-enguix-2","15":"tag-union-municipalista"},"_links":{"self":[{"href":"https:\/\/www.tucomarca.com\/wordpress\/segunda\/wp-json\/wp\/v2\/posts\/258962","targetHints":{"allow":["GET"]}}],"collection":[{"href":"https:\/\/www.tucomarca.com\/wordpress\/segunda\/wp-json\/wp\/v2\/posts"}],"about":[{"href":"https:\/\/www.tucomarca.com\/wordpress\/segunda\/wp-json\/wp\/v2\/types\/post"}],"author":[{"embeddable":true,"href":"https:\/\/www.tucomarca.com\/wordpress\/segunda\/wp-json\/wp\/v2\/users\/12"}],"replies":[{"embeddable":true,"href":"https:\/\/www.tucomarca.com\/wordpress\/segunda\/wp-json\/wp\/v2\/comments?post=258962"}],"version-history":[{"count":0,"href":"https:\/\/www.tucomarca.com\/wordpress\/segunda\/wp-json\/wp\/v2\/posts\/258962\/revisions"}],"wp:featuredmedia":[{"embeddable":true,"href":"https:\/\/www.tucomarca.com\/wordpress\/segunda\/wp-json\/wp\/v2\/media\/258971"}],"wp:attachment":[{"href":"https:\/\/www.tucomarca.com\/wordpress\/segunda\/wp-json\/wp\/v2\/media?parent=258962"}],"wp:term":[{"taxonomy":"category","embeddable":true,"href":"https:\/\/www.tucomarca.com\/wordpress\/segunda\/wp-json\/wp\/v2\/categories?post=258962"},{"taxonomy":"post_tag","embeddable":true,"href":"https:\/\/www.tucomarca.com\/wordpress\/segunda\/wp-json\/wp\/v2\/tags?post=258962"}],"curies":[{"name":"wp","href":"https:\/\/api.w.org\/{rel}","templated":true}]}}