{"id":259226,"date":"2025-03-25T13:00:00","date_gmt":"2025-03-25T12:00:00","guid":{"rendered":"https:\/\/www.tucomarca.com\/wordpress\/segunda\/?p=259226"},"modified":"2025-03-25T20:07:22","modified_gmt":"2025-03-25T19:07:22","slug":"el-consell-refuerza-el-empleo-en-la-administracion-y-aprueba-nuevas-medidas-estrategicas-para-la-recuperacion-tras-la-dana","status":"publish","type":"post","link":"https:\/\/www.tucomarca.com\/wordpress\/segunda\/el-consell-refuerza-el-empleo-en-la-administracion-y-aprueba-nuevas-medidas-estrategicas-para-la-recuperacion-tras-la-dana\/","title":{"rendered":"El Consell refuerza el empleo en la Administraci\u00f3n y aprueba nuevas medidas estrat\u00e9gicas para la recuperaci\u00f3n tras la DANA"},"content":{"rendered":"\n<h3 class=\"wp-block-heading\">Se aprueba la Oferta de Empleo P\u00fablico con 1.402 plazas\u00a0para reducir la temporalidad\u00a0e impulsar la transformaci\u00f3n digital de la Administraci\u00f3n.<\/h3>\n\n\n\n<h3 class=\"wp-block-heading\">El Consell renueva el contrato para la\u00a0organizaci\u00f3n del Gran Premio de MotoGP en el Circuito Ricardo Tormo hasta 2031.<\/h3>\n\n\n\n<h3 class=\"wp-block-heading\">El ICV\u00a0cartografiar\u00e1 la zona afectada por la riada para conocer con mayor precisi\u00f3n qu\u00e9 obras hay que acometer para evitar riadas en el futuro.<\/h3>\n\n\n\n<h3 class=\"wp-block-heading\">Susana Camarero se\u00f1ala que el sistema valenciano de atenci\u00f3n a la dependencia, al que fueron destinados 660 millones de euros en 2024,\u00a0ha marcado un r\u00e9cord hist\u00f3rico con 168.429 personas atendidas, y ha reducido su lista de espera en un 27%.<\/h3>\n\n\n\n<p>El Consell ha dado luz verde a una serie de medidas clave destinadas a reforzar la respuesta ante la reciente DANA, impulsar el empleo p\u00fablico y fortalecer el sector cultural y deportivo en la Comunitat Valenciana.<\/p>\n\n\n\n<p>Durante la rueda de prensa posterior a los plenos ordinario y extraordinario del Consell, en la que la vicepresidenta primera y consellera de Servicios Sociales, Igualdad y Vivienda, Susana Camarero, ha informado de los asuntos tratados, ha subrayado que estas decisiones \u201cdemuestran el firme compromiso del Consell con la recuperaci\u00f3n, la modernizaci\u00f3n de los servicios p\u00fablicos y la protecci\u00f3n del patrimonio cultural\u201d.<\/p>\n\n\n\n<p>En el \u00e1mbito de la funci\u00f3n p\u00fablica, el Consell ha aprobado la Oferta de Empleo P\u00fablico de 2025, que contempla un total de 1.402 plazas destinadas a reforzar sectores estrat\u00e9gicos de la Administraci\u00f3n. Esta convocatoria responde a la necesidad de modernizar los servicios p\u00fablicos, reducir la temporalidad en la funci\u00f3n p\u00fablica e impulsar la transformaci\u00f3n digital de la Administraci\u00f3n.<\/p>\n\n\n\n<p>Entre las plazas ofertadas, destacan: 439 destinadas al \u00e1mbito sociosanitario, esenciales para mejorar la atenci\u00f3n en centros de salud y servicios sociales; 141 plazas para ingenier\u00edas, con el objetivo de fortalecer el \u00e1rea de infraestructuras y digitalizaci\u00f3n, y 100 plazas para el Cuerpo Superior de Administraci\u00f3n, mejorando la eficiencia en la gesti\u00f3n de recursos p\u00fablicos.<\/p>\n\n\n\n<p>\u201cNuestro compromiso es consolidar un empleo p\u00fablico estable y de calidad, adaptado a las necesidades actuales de la Administraci\u00f3n\u201d, ha afirmado la vicepresidenta.<\/p>\n\n\n\n<p>Por otro lado, el Pleno del Consell ha aprobado el acuerdo para la contrataci\u00f3n, por un importe de 80,2 millones de euros, de la organizaci\u00f3n del Gran Premio de MotoGP en el Circuito Ricardo Tormo hasta 2031, una competici\u00f3n de referencia internacional.<br>Asimismo, el Consell ha convalidado la pr\u00f3rroga del convenio, hasta octubre de 2029, entre el Ministerio de Sanidad, la Fundaci\u00f3n Amancio Ortega y las consellerias competentes en materia de salud de la Comunitat Valenciana, Andaluc\u00eda, Canarias, Catalu\u00f1a, Galicia, Madrid y Pa\u00eds Vasco, para la colaboraci\u00f3n en la implantaci\u00f3n de la protonterapia en el Sistema Nacional de Salud.<\/p>\n\n\n\n<p>A trav\u00e9s de este convenio, suscrito en octubre de 2021, la Fundaci\u00f3n Amancio Ortega se compromete a donar 280 millones de euros al Ministerio de Sanidad para la adquisici\u00f3n de 10 equipos completos de esta tecnolog\u00eda y, una vez suministrados, el Ministerio los pondr\u00e1 a disposici\u00f3n de las comunidades implicadas en el proyecto, que se encargar\u00e1n de su instalaci\u00f3n, mantenimiento y gesti\u00f3n. El equipo de protonterapia destinado a la Comunitat Valenciana estar\u00e1 ubicado en el Hospital Universitari i Polit\u00e8cnic La Fe de Val\u00e8ncia.<\/p>\n\n\n\n<p>En materia de cultura, el Consell ha aprobado el nombramiento de Blanca de la Torre Garc\u00eda como nueva directora del IVAM, un perfil de reconocido prestigio en el \u00e1mbito del arte y la gesti\u00f3n cultural.<\/p>\n\n\n\n<p><strong>Efectos DANA<\/strong><\/p>\n\n\n\n<p>La Generalitat sigue trabajando para paliar los efectos de la DANA y restaurar los servicios esenciales afectados. En esta l\u00ednea, el Consell ha aprobado varias contrataciones de emergencia en diferentes \u00e1mbitos.<\/p>\n\n\n\n<p>As\u00ed, en materia de educaci\u00f3n se destinar\u00e1n 1,3 millones de euros para dotar de equipamiento a diez institutos de educaci\u00f3n secundaria afectados, garantizando que los alumnos de Formaci\u00f3n Profesional puedan continuar su actividad acad\u00e9mica con normalidad. El material incluye maquinaria especializada, equipos tecnol\u00f3gicos y herramientas necesarias para talleres de distintas especialidades.<\/p>\n\n\n\n<p>En materia de patrimonio documental, el Consell ha encargado a la empresa p\u00fablica Tragsatec la limpieza y restauraci\u00f3n de documentos afectados en varias localidades, como Aldaia, Alfafar, Catarroja, Massanassa, Paiporta y Ribarroja. Con un presupuesto de 125.386 euros, esta actuaci\u00f3n busca preservar la memoria documental de los municipios afectados.<\/p>\n\n\n\n<p>En cartograf\u00eda y prevenci\u00f3n, para evaluar con precisi\u00f3n los da\u00f1os en el territorio y prevenir futuros episodios de inundaci\u00f3n, se llevar\u00e1 a cabo un servcio de vuelo fotogram\u00e9trico sobre la provincia de Valencia. Este servicio, con un coste de 719.950 euros, permitir\u00e1 generar un modelo digital en 3D del terreno, ayudando a mejorar la planificaci\u00f3n y respuesta ante emergencias clim\u00e1ticas.<\/p>\n\n\n\n<p>\u201cEstas actuaciones son fundamentales para recuperar la normalidad en los municipios afectados y reforzar nuestra capacidad de respuesta ante futuras emergencias\u201d, ha asegurado Camarero.<\/p>\n\n\n\n<p><strong>S\u00edndic de Greuges<\/strong><\/p>\n\n\n\n<p>Respecto a la gesti\u00f3n en materia de servicios sociales a la que alude el Informe Anual del S\u00edndic de Greuges, Susana Camarero ha apuntado que \u201cla ineficacia del anterior gobierno del Bot\u00e0nic ha hecho que los valencianos no tengan a su disposici\u00f3n las plazas residenciales que necesitan, que son 24.000, y que el nuevo gobierno trabaja para solucionarlo\u201d.<\/p>\n\n\n\n<p>Asimismo, Camarero ha recordado que a 1 de enero de 2025 el sistema de la dependencia valenciano ha marcado un r\u00e9cord hist\u00f3rico de 168.429 personas atendidas, que en 2024 se han destinado 660 millones de euros para su mantenimiento, y que la lista de espera se ha reducido un 27 %, respecto a lo que ha lamentado \u201cla falta de diligencia del gobierno anterior que hizo que la lista de espera aumentase porque no se hizo la debida previsi\u00f3n de cr\u00e9dito\u201d.<\/p>\n\n\n\n<p>Por \u00faltimo, ha asegurado que el actual Consell ha incrementado el n\u00famero de personas atendidas, ha reducido la lista de espera, ha impulsado la Renta Valenciana de Inclusi\u00f3n y est\u00e1 agilizando la tramitaci\u00f3n de los expedientes de discapacidad. Camarero tambi\u00e9n ha agradecido al personal de servicios sociales su dedicaci\u00f3n y trabajo, y especialmente el desarrollado durante la dana.<\/p>\n","protected":false},"excerpt":{"rendered":"<div class=\"mh-excerpt\">Se aprueba la Oferta de Empleo P\u00fablico con 1.402 plazas\u00a0para reducir la temporalidad\u00a0e impulsar la transformaci\u00f3n digital de la Administraci\u00f3n. El Consell renueva el contrato para la\u00a0organizaci\u00f3n del Gran Premio de MotoGP en el Circuito <a class=\"mh-excerpt-more\" href=\"https:\/\/www.tucomarca.com\/wordpress\/segunda\/el-consell-refuerza-el-empleo-en-la-administracion-y-aprueba-nuevas-medidas-estrategicas-para-la-recuperacion-tras-la-dana\/\" title=\"El Consell refuerza el empleo en la Administraci\u00f3n y aprueba nuevas medidas estrat\u00e9gicas para la recuperaci\u00f3n tras la DANA\">[+] <\/a><\/div>\n","protected":false},"author":13,"featured_media":259232,"comment_status":"open","ping_status":"open","sticky":false,"template":"","format":"standard","meta":{"footnotes":""},"categories":[21465,128,8,72,117,142,3,116,45],"tags":[12831,10412,2142],"class_list":{"0":"post-259226","1":"post","2":"type-post","3":"status-publish","4":"format-standard","5":"has-post-thumbnail","7":"category-dana","8":"category-infraestructuras","9":"category-la-comarca","10":"category-sin-categorizar","11":"category-medio-ambiente-la-comarca","12":"category-politica-la-comarca","13":"category-seccion","14":"category-sucesos-la-comarca","15":"category-ventana","16":"tag-dana-2","17":"tag-infraestructuras","18":"tag-la-comunitat"},"_links":{"self":[{"href":"https:\/\/www.tucomarca.com\/wordpress\/segunda\/wp-json\/wp\/v2\/posts\/259226","targetHints":{"allow":["GET"]}}],"collection":[{"href":"https:\/\/www.tucomarca.com\/wordpress\/segunda\/wp-json\/wp\/v2\/posts"}],"about":[{"href":"https:\/\/www.tucomarca.com\/wordpress\/segunda\/wp-json\/wp\/v2\/types\/post"}],"author":[{"embeddable":true,"href":"https:\/\/www.tucomarca.com\/wordpress\/segunda\/wp-json\/wp\/v2\/users\/13"}],"replies":[{"embeddable":true,"href":"https:\/\/www.tucomarca.com\/wordpress\/segunda\/wp-json\/wp\/v2\/comments?post=259226"}],"version-history":[{"count":0,"href":"https:\/\/www.tucomarca.com\/wordpress\/segunda\/wp-json\/wp\/v2\/posts\/259226\/revisions"}],"wp:featuredmedia":[{"embeddable":true,"href":"https:\/\/www.tucomarca.com\/wordpress\/segunda\/wp-json\/wp\/v2\/media\/259232"}],"wp:attachment":[{"href":"https:\/\/www.tucomarca.com\/wordpress\/segunda\/wp-json\/wp\/v2\/media?parent=259226"}],"wp:term":[{"taxonomy":"category","embeddable":true,"href":"https:\/\/www.tucomarca.com\/wordpress\/segunda\/wp-json\/wp\/v2\/categories?post=259226"},{"taxonomy":"post_tag","embeddable":true,"href":"https:\/\/www.tucomarca.com\/wordpress\/segunda\/wp-json\/wp\/v2\/tags?post=259226"}],"curies":[{"name":"wp","href":"https:\/\/api.w.org\/{rel}","templated":true}]}}