{"id":259238,"date":"2025-03-25T14:00:00","date_gmt":"2025-03-25T13:00:00","guid":{"rendered":"https:\/\/www.tucomarca.com\/wordpress\/segunda\/?p=259238"},"modified":"2025-03-25T20:03:25","modified_gmt":"2025-03-25T19:03:25","slug":"carlos-mazon-anuncia-la-renovacion-del-gran-premio-de-la-comunitat-valenciana-en-el-circuit-ricardo-tormo-hasta-2031","status":"publish","type":"post","link":"https:\/\/www.tucomarca.com\/wordpress\/segunda\/carlos-mazon-anuncia-la-renovacion-del-gran-premio-de-la-comunitat-valenciana-en-el-circuit-ricardo-tormo-hasta-2031\/","title":{"rendered":"Carlos Maz\u00f3n anuncia la renovaci\u00f3n del Gran Premio de la Comunitat Valenciana en el Circuit Ricardo Tormo hasta 2031"},"content":{"rendered":"\n<h3 class=\"wp-block-heading\">Subraya que el acuerdo \u201cmantiene la celebraci\u00f3n del evento en el trazado de Cheste cinco a\u00f1os como m\u00ednimo\u201d, en lugar de tres como establec\u00eda el anterior y resalta la ambici\u00f3n de nuestro territorio por ser \u201cla mejor carrera del mundial\u201d.<\/h3>\n\n\n\n<h3 class=\"wp-block-heading\">Se\u00f1ala la afici\u00f3n y la trayectoria del Circuit como las claves del \u00e9xito y \u201cnuestras principales ventajas competitivas\u201d para que las negociaciones por la renovaci\u00f3n hayan llegado a buen puerto.<\/h3>\n\n\n\n<h3 class=\"wp-block-heading\">Pone en valor el impacto econ\u00f3mico de MotoGP en el Circuit y su \u00e1rea de influencia, cercano a los 40 millones de euros, que \u201cdinamiza la actividad, el empleo y la econom\u00eda en una zona que lo necesita m\u00e1s que nunca\u201d.<\/h3>\n\n\n\n<h3 class=\"wp-block-heading\">El president de la Generalitat ha firmado el acuerdo por el que se autoriza la contrataci\u00f3n de la promoci\u00f3n y organizaci\u00f3n en el Circuit Ricardo Tormo de eventos pertenecientes al Campeonato del Mundo de Motociclismo.<\/h3>\n\n\n\n<p>El president de la Generalitat, Carlos Maz\u00f3n, ha anunciado la renovaci\u00f3n del Gran Premio de la Comunitat Valenciana en el Circuit Ricardo Tormo hasta 2031 y ha subrayado que el acuerdo \u201cmantiene la celebraci\u00f3n de MotoGP en el trazado de Cheste cinco a\u00f1os como m\u00ednimo\u201d, en lugar de tres como establec\u00eda el anterior.&nbsp;<\/p>\n\n\n\n<p>As\u00ed lo ha avanzado tras la firma del acuerdo por el que se autoriza la contrataci\u00f3n de la promoci\u00f3n y organizaci\u00f3n en el Circuit Ricardo Tormo de eventos pertenecientes al Campeonato del Mundo de Motociclismo, donde el jefe del Consell ha agradecido a MotoGP la \u201capuesta segura por Valencia\u201d y ha destacado el Gran Premio como una de las se\u00f1as de identidad de la Comunitat Valenciana.<\/p>\n\n\n\n<p>El acuerdo rubricado y aprobado por unanimidad en el Pleno del Consell contempla que el Circuit albergar\u00e1 en los a\u00f1os 2027, 2028, 2029, 2030 y 20231 el campeonato del Mundo de Motociclismo, por lo que no est\u00e1 sujeto a alternancia, de modo que en 2029 se celebrar\u00e1 el 80 aniversario del Campeonato del Mundo y el 30 aniversario del Circuit.&nbsp;<\/p>\n\n\n\n<p><br>En este sentido, el president ha se\u00f1alado a los aficionados del motor de la Comunitat Valenciana y a la trayectoria del Circuit, consolidada y reconocida en todo el mundo en solo 25 a\u00f1os, como las claves del \u00e9xito y \u201cnuestras principales ventajas competitivas\u201d para que las negociaciones hayan llegado a buen puerto, de las que ha destacado la \u201cdif\u00edcil competencia con otros circuitos\u201d.&nbsp;<\/p>\n\n\n\n<p>Maz\u00f3n ha destacado el papel de la afici\u00f3n del Gran Premio de la Comunitat Valenciana de MotoGP que \u201ccon su esp\u00edritu de superaci\u00f3n mira hacia delante con algo que corre por las venas y forma parte de nuestras se\u00f1as de identidad como es el motor\u201d. En la edici\u00f3n de 2023 el Gran Premio super\u00f3 las 195.000 personas por lo que el jefe del Consell ha puesto de relieve que no hay ninguna otra carrera del Mundial de motos en Espa\u00f1a ni de otro deporte que cuelgue el cartel de \u2018no hay entradas\u2019 con tanto tiempo de antelaci\u00f3n como en Cheste.<\/p>\n\n\n\n<p>Durante su intervenci\u00f3n, el president ha subrayado la apuesta de la Generalitat por el deporte del motor impulsado por \u201cesta grand\u00edsima afici\u00f3n que conf\u00eda en nosotros para poder seguir vibrando como lo hace cada a\u00f1o y por su cantera que trabaja desde los grandes valores del deporte\u201d y que ha dado grandes motociclistas valencianos como Ricardo Tormo y Jorge Mart\u00ednez \u2018Aspar\u2019, entre otros.<\/p>\n\n\n\n<p>Asimismo, ha puesto en valor el impacto econ\u00f3mico de MotoGP en el Circuit y su \u00e1rea de influencia, cercano a los 40 millones, que \u201cdinamiza la actividad, el empleo y la econom\u00eda en una zona que lo necesita m\u00e1s que nunca\u201d. &nbsp;<\/p>\n\n\n\n<p>Al respecto, ha asegurado que el motor es clave en el proceso de \u201crecuperaci\u00f3n moral, sentimental, an\u00edmica y econ\u00f3mica\u201d de la Comunitat Valenciana, y su actividad \u201cencaja perfectamente en esta fase en la que estamos acelerando al m\u00e1ximo la reconstrucci\u00f3n\u201d.&nbsp;<\/p>\n\n\n\n<p><strong>Volver con m\u00e1s fuerza tras las riadas<\/strong><\/p>\n\n\n\n<p>El jefe del Consell ha agradecido la solidaridad del mundo del motor con nuestro territorio tras las riadas del pasado 29 de octubre, en alusi\u00f3n a la celebraci\u00f3n del Gran Premio de la Solidaridad de Barcelona en el que todos los beneficios se destinaron para ofrecer una ayuda de 1,6 millones de euros a las poblaciones de Cheste y de Chiva. &nbsp;<\/p>\n\n\n\n<p>Del mismo modo, ha destacado el compromiso del Consell para la reconstrucci\u00f3n y mejora de todas las infraestructuras da\u00f1adas en el Circuit a causa de inundaciones y ha remarcado que las instalaciones del Ricardo Tormo volver\u00e1n con m\u00e1s fuerza y mejor preparadas para la \u00faltima carrera del a\u00f1o.&nbsp;<\/p>\n\n\n\n<p>Las obras de reconstrucci\u00f3n del puente y los accesos al trazado de Cheste, contempladas en el plan \u2018Recuperem Val\u00e8ncia\u2019 y en las que la Generalitat invierte un mill\u00f3n de euros, avanzan a buen ritmo, y se prev\u00e9 que est\u00e9n finalizadas en 2025.<\/p>\n\n\n\n<figure class=\"wp-block-image size-large\"><img loading=\"lazy\" decoding=\"async\" width=\"1024\" height=\"683\" src=\"https:\/\/www.tucomarca.com\/wordpress\/segunda\/wp-content\/uploads\/2025\/03\/GVA_CircuitRicardoTormo01-1024x683.jpeg\" alt=\"\" class=\"wp-image-259239\" srcset=\"https:\/\/www.tucomarca.com\/wordpress\/segunda\/wp-content\/uploads\/2025\/03\/GVA_CircuitRicardoTormo01-1024x683.jpeg 1024w, https:\/\/www.tucomarca.com\/wordpress\/segunda\/wp-content\/uploads\/2025\/03\/GVA_CircuitRicardoTormo01-300x200.jpeg 300w, https:\/\/www.tucomarca.com\/wordpress\/segunda\/wp-content\/uploads\/2025\/03\/GVA_CircuitRicardoTormo01-768x512.jpeg 768w, https:\/\/www.tucomarca.com\/wordpress\/segunda\/wp-content\/uploads\/2025\/03\/GVA_CircuitRicardoTormo01-1536x1024.jpeg 1536w, https:\/\/www.tucomarca.com\/wordpress\/segunda\/wp-content\/uploads\/2025\/03\/GVA_CircuitRicardoTormo01-2048x1366.jpeg 2048w\" sizes=\"auto, (max-width: 1024px) 100vw, 1024px\" \/><\/figure>\n","protected":false},"excerpt":{"rendered":"<div class=\"mh-excerpt\">Subraya que el acuerdo \u201cmantiene la celebraci\u00f3n del evento en el trazado de Cheste cinco a\u00f1os como m\u00ednimo\u201d, en lugar de tres como establec\u00eda el anterior y resalta la ambici\u00f3n de nuestro territorio por ser <a class=\"mh-excerpt-more\" href=\"https:\/\/www.tucomarca.com\/wordpress\/segunda\/carlos-mazon-anuncia-la-renovacion-del-gran-premio-de-la-comunitat-valenciana-en-el-circuit-ricardo-tormo-hasta-2031\/\" title=\"Carlos Maz\u00f3n anuncia la renovaci\u00f3n del Gran Premio de la Comunitat Valenciana en el Circuit Ricardo Tormo hasta 2031\">[+] <\/a><\/div>\n","protected":false},"author":13,"featured_media":259241,"comment_status":"open","ping_status":"open","sticky":false,"template":"","format":"standard","meta":{"footnotes":""},"categories":[17,6,128,8,72,10,91,142,3,45],"tags":[18806,10379,2142,10407],"class_list":{"0":"post-259238","1":"post","2":"type-post","3":"status-publish","4":"format-standard","5":"has-post-thumbnail","7":"category-cheste","8":"category-deportes","9":"category-infraestructuras","10":"category-la-comarca","11":"category-sin-categorizar","12":"category-la-hoya","13":"category-motociclismo","14":"category-politica-la-comarca","15":"category-seccion","16":"category-ventana","17":"tag-carlos-mazon","18":"tag-deportes","19":"tag-la-comunitat","20":"tag-motociclismo"},"_links":{"self":[{"href":"https:\/\/www.tucomarca.com\/wordpress\/segunda\/wp-json\/wp\/v2\/posts\/259238","targetHints":{"allow":["GET"]}}],"collection":[{"href":"https:\/\/www.tucomarca.com\/wordpress\/segunda\/wp-json\/wp\/v2\/posts"}],"about":[{"href":"https:\/\/www.tucomarca.com\/wordpress\/segunda\/wp-json\/wp\/v2\/types\/post"}],"author":[{"embeddable":true,"href":"https:\/\/www.tucomarca.com\/wordpress\/segunda\/wp-json\/wp\/v2\/users\/13"}],"replies":[{"embeddable":true,"href":"https:\/\/www.tucomarca.com\/wordpress\/segunda\/wp-json\/wp\/v2\/comments?post=259238"}],"version-history":[{"count":0,"href":"https:\/\/www.tucomarca.com\/wordpress\/segunda\/wp-json\/wp\/v2\/posts\/259238\/revisions"}],"wp:featuredmedia":[{"embeddable":true,"href":"https:\/\/www.tucomarca.com\/wordpress\/segunda\/wp-json\/wp\/v2\/media\/259241"}],"wp:attachment":[{"href":"https:\/\/www.tucomarca.com\/wordpress\/segunda\/wp-json\/wp\/v2\/media?parent=259238"}],"wp:term":[{"taxonomy":"category","embeddable":true,"href":"https:\/\/www.tucomarca.com\/wordpress\/segunda\/wp-json\/wp\/v2\/categories?post=259238"},{"taxonomy":"post_tag","embeddable":true,"href":"https:\/\/www.tucomarca.com\/wordpress\/segunda\/wp-json\/wp\/v2\/tags?post=259238"}],"curies":[{"name":"wp","href":"https:\/\/api.w.org\/{rel}","templated":true}]}}