{"id":259414,"date":"2025-03-27T12:00:00","date_gmt":"2025-03-27T11:00:00","guid":{"rendered":"https:\/\/www.tucomarca.com\/wordpress\/segunda\/?p=259414"},"modified":"2025-03-27T12:22:06","modified_gmt":"2025-03-27T11:22:06","slug":"turis-disfruta-desde-este-jueves-sus-dias-grandes-de-fallas","status":"publish","type":"post","link":"https:\/\/www.tucomarca.com\/wordpress\/segunda\/turis-disfruta-desde-este-jueves-sus-dias-grandes-de-fallas\/","title":{"rendered":"Tur\u00eds disfruta desde este jueves sus d\u00edas grandes de Fallas"},"content":{"rendered":"\n<h3 class=\"wp-block-heading\">La localidad celebra sus fallas del 27 al 30 de marzo con una completa programaci\u00f3n festiva.<\/h3>\n\n\n\n<p>Las cinco comisiones falleras del municipio de Tur\u00eds disfrutan desde este jueves sus d\u00edas grandes de Fallas, que cuentan con todo un completo programa fallero que finalizar\u00e1 el domingo con las crem\u00e0s.<\/p>\n\n\n\n<p><br><strong>JUEVES, 27 DE MARZO<\/strong><\/p>\n\n\n\n<p>Durante toda la tarde, parques infantiles en todas las demarcaciones para los ni\u00f1os y ni\u00f1as.<br>A las 22.00 h, cena de la plant\u00e0. En los cinco casales cenas de hermandad.<br>A las 23.30 h, en el Ayuntamiento de Tur\u00eds se cantar\u00e1n las primeras \u00abalbades\u00bb, y a continuaci\u00f3n, se har\u00e1 un recorrido por todos los casales para ofrecer estos cantos a las falleras mayores de las comisiones, con la orden siguiente: L\u2019Antiga Fontanella, Els Barris, Placeta del Marqu\u00e9s, Avda. Corts Valencianes y Pla\u00e7a del Mercat. Esta noche a los casales ya se pueden probar los primeros bu\u00f1uelos acompa\u00f1ados de vino dulce Canyamar o mistela.<\/p>\n\n\n\n<p><strong>VIERNES, 28 DE MARZO<\/strong><\/p>\n\n\n\n<p>A las 12.00 h pasacalles por las calles de nuestro pueblo.<br>A las 13.00 h encuentro y recepci\u00f3n en el Ayuntamiento de las cinco comisiones. A continuaci\u00f3n se interpretar\u00e1 el pasodoble \u201cEl fallero\u201d a cargo de las bandas de m\u00fasica.<br>A las 13.30 h la Falla Pla\u00e7a del Mercat disparar\u00e1 una minimasclet\u00e0 en la Pl. Vicent Ribes.<br>A las 14.00 h traca \u201crebos\u00e0\u201d de Placeta del Marqu\u00e9s que ir\u00e1 desde los \u00abquatre cantons\u00bb hasta la placeta.<br>A las 18.00 h, pasacalles por las calles de nuestro pueblo con especial atenci\u00f3n a los infantiles de las comisiones, que ir\u00e1n todos disfrazados.<br>A las 23.30 h Parada Mora a cargo de la falla Placeta del Marqu\u00e9s.<br>A las 00.00 h Correfoc a cargo de la falla Els Barris.<br>A partir de las 00.00 h, verbenas en todas las demarcaciones y degustaci\u00f3n de bu\u00f1uelos y vino dulce de Canyamar o mistela.<\/p>\n\n\n\n<p><strong>S\u00c1BADO, 29 DE MARZO<\/strong><\/p>\n\n\n\n<p>A las 12.00 h pasacalles por las calles de nuestro pueblo.<br>A las 13.00 h Entrada de Bandas a cargo de la falla Els Barris por la Avda. Blasco Ib\u00e1\u00f1ez.<br>A las 14.00 h masclet\u00e0 de la Falla Placeta del Marqu\u00e9s en su demarcaci\u00f3n.<br>A las 18.30 h, ofrenda de flores a la Mare de D\u00e9u, con la participaci\u00f3n de diferentes juntas locales de otras poblaciones y sus respectivas falleras mayores, comisiones invitadas de toda la provincia as\u00ed como nuestra Reina de las Fiestas, Natalia Soler Morcillo y su corte.<br>A continuaci\u00f3n, las falleras mayores de nuestras comisiones ofrecer\u00e1n sus ramos en el interior del templo parroquial de la Natividad de Nuestra Se\u00f1ora. Esta celebraci\u00f3n ser\u00e1 de car\u00e1cter abierto y podr\u00e1 asistir todo el mundo. Por primera vez, y de manera extraordinaria, con motivo del 75 aniversario de su coronaci\u00f3n, el acto estar\u00e1 presidido por la imagen de la patrona de Tur\u00eds, Mare de D\u00e9u dels Dolors Gloriosos.<br>A partir de las 00.00 h, verbenas a todas las demarcaciones y degustaci\u00f3n de bu\u00f1uelos y vino dulce de Canyamar. Tambi\u00e9n a las 23.59 h gran nit del foc de la falla Els Barris en la zona del centro de salud, calle Jos\u00e9 Vicente Herrera.<\/p>\n\n\n\n<p><strong>DOMINGO, 30 DE MARZO<\/strong><\/p>\n\n\n\n<p>A las 12.00 h pasacalles para recoger a las falleras mayores.<br>A las 12.30 h tendr\u00e1 lugar la celebraci\u00f3n de la misa en honor en Sant Jos\u00e9, con la asistencia de las cinco comisiones falleras de nuestro pueblo.<\/p>\n\n\n\n<p><br><strong>Horarios mascletaes:<br><\/strong>14.00 h Falla L&#8217;Antiga Fontanella en la calle Tarongers (junto a la carpa).<br>14.30 h Falla Els Barris, en la avenida Blasco Ib\u00e1\u00f1ez.<\/p>\n\n\n\n<p>A las 19.30 h Cabalgata del Foc a cargo de la falla Pla\u00e7a del Mercat que finalizar\u00e1 con un espect\u00e1culo pirodigital en la Plaza Vicent Ribes.<br>A partir de las 20.30 h, las comisiones falleras ir\u00e1n quemando las sus fallitas infantiles.<\/p>\n\n\n\n<p><br><strong>\u00abCrem\u00e0\u00bb de las fallas<br><\/strong>23.00 h L&#8217;Antiga Fontanella.<br>23.30 h Els Barris.<br>00.00 h Placeta del Marqu\u00e9s.<br>00.30 h Avda. Corts Valencianes.<br>01.00 h Pla\u00e7a del Mercat.<\/p>\n\n\n\n<p><br><strong>Nota: <\/strong>cualquier cambio que se pueda producir en el programa de festejos se avisar\u00e1 oportunamente. Se pide comprensi\u00f3n, para celebrar unas fiestas tolerantes y respetuosas entre todo el vecindario.<br>As\u00ed como precauci\u00f3n, atendiendo a las indicaciones que se nos hagan desde Junta Local Fallera, Polic\u00eda Local y Protecci\u00f3n Civil para vivir unas fallas seguras.<\/p>\n","protected":false},"excerpt":{"rendered":"<div class=\"mh-excerpt\">La localidad celebra sus fallas del 27 al 30 de marzo con una completa programaci\u00f3n festiva. Las cinco comisiones falleras del municipio de Tur\u00eds disfrutan desde este jueves sus d\u00edas grandes de Fallas, que cuentan <a class=\"mh-excerpt-more\" href=\"https:\/\/www.tucomarca.com\/wordpress\/segunda\/turis-disfruta-desde-este-jueves-sus-dias-grandes-de-fallas\/\" title=\"Tur\u00eds disfruta desde este jueves sus d\u00edas grandes de Fallas\">[+] <\/a><\/div>\n","protected":false},"author":12,"featured_media":217152,"comment_status":"open","ping_status":"open","sticky":false,"template":"","format":"standard","meta":{"footnotes":""},"categories":[4,8,42,7,3,43],"tags":[20848,1407,10394],"class_list":{"0":"post-259414","1":"post","2":"type-post","3":"status-publish","4":"format-standard","5":"has-post-thumbnail","7":"category-agenda","8":"category-la-comarca","9":"category-la-ribera","10":"category-ocio-y-cultura","11":"category-seccion","12":"category-turis","13":"tag-fallas-2025","14":"tag-ribera-alta","15":"tag-turis"},"_links":{"self":[{"href":"https:\/\/www.tucomarca.com\/wordpress\/segunda\/wp-json\/wp\/v2\/posts\/259414","targetHints":{"allow":["GET"]}}],"collection":[{"href":"https:\/\/www.tucomarca.com\/wordpress\/segunda\/wp-json\/wp\/v2\/posts"}],"about":[{"href":"https:\/\/www.tucomarca.com\/wordpress\/segunda\/wp-json\/wp\/v2\/types\/post"}],"author":[{"embeddable":true,"href":"https:\/\/www.tucomarca.com\/wordpress\/segunda\/wp-json\/wp\/v2\/users\/12"}],"replies":[{"embeddable":true,"href":"https:\/\/www.tucomarca.com\/wordpress\/segunda\/wp-json\/wp\/v2\/comments?post=259414"}],"version-history":[{"count":0,"href":"https:\/\/www.tucomarca.com\/wordpress\/segunda\/wp-json\/wp\/v2\/posts\/259414\/revisions"}],"wp:featuredmedia":[{"embeddable":true,"href":"https:\/\/www.tucomarca.com\/wordpress\/segunda\/wp-json\/wp\/v2\/media\/217152"}],"wp:attachment":[{"href":"https:\/\/www.tucomarca.com\/wordpress\/segunda\/wp-json\/wp\/v2\/media?parent=259414"}],"wp:term":[{"taxonomy":"category","embeddable":true,"href":"https:\/\/www.tucomarca.com\/wordpress\/segunda\/wp-json\/wp\/v2\/categories?post=259414"},{"taxonomy":"post_tag","embeddable":true,"href":"https:\/\/www.tucomarca.com\/wordpress\/segunda\/wp-json\/wp\/v2\/tags?post=259414"}],"curies":[{"name":"wp","href":"https:\/\/api.w.org\/{rel}","templated":true}]}}