{"id":259437,"date":"2025-03-27T13:00:00","date_gmt":"2025-03-27T12:00:00","guid":{"rendered":"https:\/\/www.tucomarca.com\/wordpress\/segunda\/?p=259437"},"modified":"2025-03-27T13:11:00","modified_gmt":"2025-03-27T12:11:00","slug":"benaguasil-participa-en-un-proyecto-europeo-que-abordara-las-oportunidades-y-desafios-de-la-transformacion-digital-en-la-juventud","status":"publish","type":"post","link":"https:\/\/www.tucomarca.com\/wordpress\/segunda\/benaguasil-participa-en-un-proyecto-europeo-que-abordara-las-oportunidades-y-desafios-de-la-transformacion-digital-en-la-juventud\/","title":{"rendered":"Benaguasil participa en un proyecto europeo que abordar\u00e1 las oportunidades y desaf\u00edos de la transformaci\u00f3n digital en la juventud"},"content":{"rendered":"\n<h3 class=\"wp-block-heading\">Se desarrollar\u00e1 en Ruman\u00eda con j\u00f3venes de 16 a 25 a\u00f1os de Turqu\u00eda, Serbia, Grecia, Hungr\u00eda, Ruman\u00eda, Bulgar\u00eda y Espa\u00f1a.<\/h3>\n\n\n\n<p>El Ayuntamiento de Benaguasil ha sido seleccionado, junto a otros seis pa\u00edses, para participar en el proyecto Erasmus + \u00b4Prisioners of algorithms\u00b4 que se llevar\u00e1 a cabo del 22 de abril al 1 de mayo en C\u0103p\u0103\u021b\u00e2neni (Ruman\u00eda).<\/p>\n\n\n\n<p>Se trata de un programa que aborda c\u00f3mo los algoritmos, las redes sociales y la inteligencia artificial influyen en nuestras decisiones, emociones y relaciones, ya que si bien la tecnolog\u00eda ofrece innumerables oportunidades, tambi\u00e9n plantea desaf\u00edos como la adicci\u00f3n digital o la propagaci\u00f3n de desinformaci\u00f3n.<\/p>\n\n\n\n<p>El objetivo es dotar a los participantes de los conocimientos y las habilidades necesarias para interactuar cr\u00edticamente con los sistemas digitales. A trav\u00e9s de debates, charlas y talleres interactivos, los j\u00f3venes explorar\u00e1n temas como la adicci\u00f3n a las redes sociales, el sesgo algor\u00edtmico y la \u00e9tica de la IA.<\/p>\n\n\n\n<p>En esta experiencia de participaci\u00f3n y di\u00e1logo social junto a j\u00f3venes de Ruman\u00eda, Turqu\u00eda, Serbia, Grecia, Hungr\u00eda y Bulgar\u00eda podr\u00e1n participar 4 j\u00f3venes de Benaguasil con edades comprendidas entre los 16 y los 25 a\u00f1os.<\/p>\n\n\n\n<p>Las personas interesadas pueden inscribirse de manera presencial en el Ayuntamiento del 28 de marzo al 4 de abril o telem\u00e1ticamente en la sede electr\u00f3nica https:\/\/benaguasil.sede.dival.es\/carpetaciudadana\/tramite.aspx?idtramite=18823<\/p>\n\n\n\n<figure class=\"wp-block-image size-large\"><img loading=\"lazy\" decoding=\"async\" width=\"1024\" height=\"1024\" src=\"https:\/\/www.tucomarca.com\/wordpress\/segunda\/wp-content\/uploads\/2025\/03\/BenaguasilErasmus-1024x1024.jpg\" alt=\"\" class=\"wp-image-259438\" srcset=\"https:\/\/www.tucomarca.com\/wordpress\/segunda\/wp-content\/uploads\/2025\/03\/BenaguasilErasmus-1024x1024.jpg 1024w, https:\/\/www.tucomarca.com\/wordpress\/segunda\/wp-content\/uploads\/2025\/03\/BenaguasilErasmus-300x300.jpg 300w, https:\/\/www.tucomarca.com\/wordpress\/segunda\/wp-content\/uploads\/2025\/03\/BenaguasilErasmus-290x290.jpg 290w, https:\/\/www.tucomarca.com\/wordpress\/segunda\/wp-content\/uploads\/2025\/03\/BenaguasilErasmus-768x768.jpg 768w, https:\/\/www.tucomarca.com\/wordpress\/segunda\/wp-content\/uploads\/2025\/03\/BenaguasilErasmus.jpg 1080w\" sizes=\"auto, (max-width: 1024px) 100vw, 1024px\" \/><\/figure>\n","protected":false},"excerpt":{"rendered":"<div class=\"mh-excerpt\">Se desarrollar\u00e1 en Ruman\u00eda con j\u00f3venes de 16 a 25 a\u00f1os de Turqu\u00eda, Serbia, Grecia, Hungr\u00eda, Ruman\u00eda, Bulgar\u00eda y Espa\u00f1a. El Ayuntamiento de Benaguasil ha sido seleccionado, junto a otros seis pa\u00edses, para participar en <a class=\"mh-excerpt-more\" href=\"https:\/\/www.tucomarca.com\/wordpress\/segunda\/benaguasil-participa-en-un-proyecto-europeo-que-abordara-las-oportunidades-y-desafios-de-la-transformacion-digital-en-la-juventud\/\" title=\"Benaguasil participa en un proyecto europeo que abordar\u00e1 las oportunidades y desaf\u00edos de la transformaci\u00f3n digital en la juventud\">[+] <\/a><\/div>\n","protected":false},"author":1,"featured_media":259438,"comment_status":"open","ping_status":"open","sticky":false,"template":"","format":"standard","meta":{"footnotes":""},"categories":[172,46,128,8,3],"tags":[10429,10395],"class_list":{"0":"post-259437","1":"post","2":"type-post","3":"status-publish","4":"format-standard","5":"has-post-thumbnail","7":"category-benaguasil","8":"category-camp-de-turia","9":"category-infraestructuras","10":"category-la-comarca","11":"category-seccion","12":"tag-benaguasil","13":"tag-camp-de-turia"},"_links":{"self":[{"href":"https:\/\/www.tucomarca.com\/wordpress\/segunda\/wp-json\/wp\/v2\/posts\/259437","targetHints":{"allow":["GET"]}}],"collection":[{"href":"https:\/\/www.tucomarca.com\/wordpress\/segunda\/wp-json\/wp\/v2\/posts"}],"about":[{"href":"https:\/\/www.tucomarca.com\/wordpress\/segunda\/wp-json\/wp\/v2\/types\/post"}],"author":[{"embeddable":true,"href":"https:\/\/www.tucomarca.com\/wordpress\/segunda\/wp-json\/wp\/v2\/users\/1"}],"replies":[{"embeddable":true,"href":"https:\/\/www.tucomarca.com\/wordpress\/segunda\/wp-json\/wp\/v2\/comments?post=259437"}],"version-history":[{"count":0,"href":"https:\/\/www.tucomarca.com\/wordpress\/segunda\/wp-json\/wp\/v2\/posts\/259437\/revisions"}],"wp:featuredmedia":[{"embeddable":true,"href":"https:\/\/www.tucomarca.com\/wordpress\/segunda\/wp-json\/wp\/v2\/media\/259438"}],"wp:attachment":[{"href":"https:\/\/www.tucomarca.com\/wordpress\/segunda\/wp-json\/wp\/v2\/media?parent=259437"}],"wp:term":[{"taxonomy":"category","embeddable":true,"href":"https:\/\/www.tucomarca.com\/wordpress\/segunda\/wp-json\/wp\/v2\/categories?post=259437"},{"taxonomy":"post_tag","embeddable":true,"href":"https:\/\/www.tucomarca.com\/wordpress\/segunda\/wp-json\/wp\/v2\/tags?post=259437"}],"curies":[{"name":"wp","href":"https:\/\/api.w.org\/{rel}","templated":true}]}}