{"id":259589,"date":"2025-03-29T09:00:00","date_gmt":"2025-03-29T08:00:00","guid":{"rendered":"https:\/\/www.tucomarca.com\/wordpress\/segunda\/?p=259589"},"modified":"2025-03-29T13:39:54","modified_gmt":"2025-03-29T12:39:54","slug":"la-comision-evaluadora-del-ivc-aprueba-que-pasen-a-la-fase-de-entrevistas-tres-aspirantes-a-la-direccion-adjunta-de-audiovisuales-y-cinco-para-musica","status":"publish","type":"post","link":"https:\/\/www.tucomarca.com\/wordpress\/segunda\/la-comision-evaluadora-del-ivc-aprueba-que-pasen-a-la-fase-de-entrevistas-tres-aspirantes-a-la-direccion-adjunta-de-audiovisuales-y-cinco-para-musica\/","title":{"rendered":"La comisi\u00f3n evaluadora del IVC aprueba que pasen a la fase de entrevistas tres aspirantes a la direcci\u00f3n adjunta de Audiovisuales y cinco para M\u00fasica"},"content":{"rendered":"\n<h3 class=\"wp-block-heading\"><strong>Las personas seleccionadas ser\u00e1n convocadas la pr\u00f3xima semana por la comisi\u00f3n de valoraci\u00f3n para la realizaci\u00f3n de una entrevista sobre los m\u00e9ritos alegados y las funciones asignadas a la direcci\u00f3n adjunta a la que se opte<\/strong>.<\/h3>\n\n\n\n<p>La comisi\u00f3n evaluadora para elegir a las nuevas direcciones adjuntas del Institut Valenci\u00e0 de Cultura (IVC) sigue avanzando en el proceso. En la reuni\u00f3n del lunes se aprob\u00f3 que de los once aspirantes a la direcci\u00f3n adjunta de Audiovisuales y Cinematograf\u00eda pasaran tres a la fase de entrevistas, y en la reuni\u00f3n de este viernes se ha determinado que de las quince candidaturas a la direcci\u00f3n de M\u00fasica y Cultura Popular Valenciana pasen cinco.&nbsp;<\/p>\n\n\n\n<p>En esta primera fase de baremaci\u00f3n de candidaturas se ha examinado la documentaci\u00f3n aportada por los aspirantes, comprobando el cumplimiento de los requisitos de participaci\u00f3n y evaluando los m\u00e9ritos alegados, que suponen el 60% de la puntuaci\u00f3n sobre el total del procedimiento de selecci\u00f3n.<\/p>\n\n\n\n<p>Las personas seleccionadas ser\u00e1n convocadas la pr\u00f3xima semana por la comisi\u00f3n de valoraci\u00f3n para la realizaci\u00f3n de una entrevista que versar\u00e1 sobre los m\u00e9ritos alegados y las funciones asignadas a la direcci\u00f3n adjunta a la que se opte. La valoraci\u00f3n de la entrevista supondr\u00e1 un 40% sobre el total del procedimiento de selecci\u00f3n.<\/p>\n\n\n\n<p>Los criterios de valoraci\u00f3n son, entre otros, la solvencia acad\u00e9mica, profesional, t\u00e9cnica, cient\u00edfica o art\u00edstica; la experiencia en el desempe\u00f1o de puestos de responsabilidad en la gesti\u00f3n p\u00fablica o privada relacionada con la disciplina correspondiente a la Direcci\u00f3n Adjunta a la que se opte; la capacidad de liderazgo para planificar, implementar y revisar estrategias, pol\u00edticas y programas que hagan posible conseguir por parte del IVC su misi\u00f3n y objetivos; la capacidad de comunicaci\u00f3n y negociaci\u00f3n; la formaci\u00f3n en igualdad de g\u00e9nero; y el conocimiento de idiomas, en especial de los cooficiales de la Comunitat Valenciana.<\/p>\n\n\n\n<p>Las personas que integran la comisi\u00f3n de valoraci\u00f3n son la secretaria auton\u00f3mica de Cultura, Pilar T\u00e9bar, el director general de Cultura, Miquel Nadal, el director general del IVC, \u00c1lvaro L\u00f3pez-Jamar y Jos\u00e9 Luis Pinotti, Rafael Maluenda y Manuel Galduf, como personas expertas y de reconocido prestigio del \u00e1mbito de la gesti\u00f3n cultural y del \u00e1mbito del audiovisual y de la m\u00fasica, respectivamente.<\/p>\n\n\n\n<p>Todas las personas e instituciones p\u00fablicas implicadas en el proceso de selecci\u00f3n de candidatos se han comprometido a garantizar la absoluta confidencialidad de todos los datos personales y profesionales de estos, asegurando que la participaci\u00f3n de los no seleccionados se mantendr\u00e1 en el estricto \u00e1mbito del conocimiento. Tan solo se har\u00e1 p\u00fablico exclusivamente el nombre de las personas que resulten seleccionadas.<\/p>\n","protected":false},"excerpt":{"rendered":"<div class=\"mh-excerpt\">Las personas seleccionadas ser\u00e1n convocadas la pr\u00f3xima semana por la comisi\u00f3n de valoraci\u00f3n para la realizaci\u00f3n de una entrevista sobre los m\u00e9ritos alegados y las funciones asignadas a la direcci\u00f3n adjunta a la que se <a class=\"mh-excerpt-more\" href=\"https:\/\/www.tucomarca.com\/wordpress\/segunda\/la-comision-evaluadora-del-ivc-aprueba-que-pasen-a-la-fase-de-entrevistas-tres-aspirantes-a-la-direccion-adjunta-de-audiovisuales-y-cinco-para-musica\/\" title=\"La comisi\u00f3n evaluadora del IVC aprueba que pasen a la fase de entrevistas tres aspirantes a la direcci\u00f3n adjunta de Audiovisuales y cinco para M\u00fasica\">[+] <\/a><\/div>\n","protected":false},"author":12,"featured_media":229187,"comment_status":"open","ping_status":"open","sticky":false,"template":"","format":"standard","meta":{"footnotes":""},"categories":[72,7,3,45],"tags":[22067,2142,15855],"class_list":{"0":"post-259589","1":"post","2":"type-post","3":"status-publish","4":"format-standard","5":"has-post-thumbnail","7":"category-sin-categorizar","8":"category-ocio-y-cultura","9":"category-seccion","10":"category-ventana","11":"tag-ivc-institut-valencia-de-cultura","12":"tag-la-comunitat","13":"tag-ocio-y-cultura"},"_links":{"self":[{"href":"https:\/\/www.tucomarca.com\/wordpress\/segunda\/wp-json\/wp\/v2\/posts\/259589","targetHints":{"allow":["GET"]}}],"collection":[{"href":"https:\/\/www.tucomarca.com\/wordpress\/segunda\/wp-json\/wp\/v2\/posts"}],"about":[{"href":"https:\/\/www.tucomarca.com\/wordpress\/segunda\/wp-json\/wp\/v2\/types\/post"}],"author":[{"embeddable":true,"href":"https:\/\/www.tucomarca.com\/wordpress\/segunda\/wp-json\/wp\/v2\/users\/12"}],"replies":[{"embeddable":true,"href":"https:\/\/www.tucomarca.com\/wordpress\/segunda\/wp-json\/wp\/v2\/comments?post=259589"}],"version-history":[{"count":0,"href":"https:\/\/www.tucomarca.com\/wordpress\/segunda\/wp-json\/wp\/v2\/posts\/259589\/revisions"}],"wp:featuredmedia":[{"embeddable":true,"href":"https:\/\/www.tucomarca.com\/wordpress\/segunda\/wp-json\/wp\/v2\/media\/229187"}],"wp:attachment":[{"href":"https:\/\/www.tucomarca.com\/wordpress\/segunda\/wp-json\/wp\/v2\/media?parent=259589"}],"wp:term":[{"taxonomy":"category","embeddable":true,"href":"https:\/\/www.tucomarca.com\/wordpress\/segunda\/wp-json\/wp\/v2\/categories?post=259589"},{"taxonomy":"post_tag","embeddable":true,"href":"https:\/\/www.tucomarca.com\/wordpress\/segunda\/wp-json\/wp\/v2\/tags?post=259589"}],"curies":[{"name":"wp","href":"https:\/\/api.w.org\/{rel}","templated":true}]}}