{"id":259731,"date":"2025-03-30T09:00:00","date_gmt":"2025-03-30T08:00:00","guid":{"rendered":"https:\/\/www.tucomarca.com\/wordpress\/segunda\/?p=259731"},"modified":"2025-03-30T14:49:17","modified_gmt":"2025-03-30T13:49:17","slug":"miguel-moreno-refuerza-la-delantera-del-cd-bunol","status":"publish","type":"post","link":"https:\/\/www.tucomarca.com\/wordpress\/segunda\/miguel-moreno-refuerza-la-delantera-del-cd-bunol\/","title":{"rendered":"Miguel Moreno refuerza la delantera del CD Bu\u00f1ol"},"content":{"rendered":"<div class=\"wp-block-image\">\n<figure class=\"alignleft size-large is-resized\"><img loading=\"lazy\" decoding=\"async\" width=\"1024\" height=\"1024\" src=\"https:\/\/www.tucomarca.com\/wordpress\/segunda\/wp-content\/uploads\/2025\/03\/CDBunol_FichajeMiguelMoreno-1024x1024.jpeg\" alt=\"\" class=\"wp-image-259732\" style=\"width:404px;height:auto\" srcset=\"https:\/\/www.tucomarca.com\/wordpress\/segunda\/wp-content\/uploads\/2025\/03\/CDBunol_FichajeMiguelMoreno-1024x1024.jpeg 1024w, https:\/\/www.tucomarca.com\/wordpress\/segunda\/wp-content\/uploads\/2025\/03\/CDBunol_FichajeMiguelMoreno-300x300.jpeg 300w, https:\/\/www.tucomarca.com\/wordpress\/segunda\/wp-content\/uploads\/2025\/03\/CDBunol_FichajeMiguelMoreno-290x290.jpeg 290w, https:\/\/www.tucomarca.com\/wordpress\/segunda\/wp-content\/uploads\/2025\/03\/CDBunol_FichajeMiguelMoreno-768x768.jpeg 768w, https:\/\/www.tucomarca.com\/wordpress\/segunda\/wp-content\/uploads\/2025\/03\/CDBunol_FichajeMiguelMoreno-1536x1536.jpeg 1536w, https:\/\/www.tucomarca.com\/wordpress\/segunda\/wp-content\/uploads\/2025\/03\/CDBunol_FichajeMiguelMoreno-2048x2048.jpeg 2048w\" sizes=\"auto, (max-width: 1024px) 100vw, 1024px\" \/><\/figure>\n<\/div>\n\n\n<p>El CD Bu\u00f1ol sigue reforzando su plantilla y anuncia la incorporaci\u00f3n de Miguel Moreno Ribes (07\/11\/2003), un delantero centro con gran t\u00e9cnica, velocidad y un excelente olfato goleador.<\/p>\n\n\n\n<p>Moreno llega procedente del Patacona CF y cuenta con experiencia en la Tercera Federaci\u00f3n, tras haber militado en equipos como el CD Taranc\u00f3n y el Quintanar del Rey. Con su fichaje, el club conf\u00eda en sumar m\u00e1s poder ofensivo y efectividad en ataque.<\/p>\n\n\n\n<p>El CD Bu\u00f1ol ha mostrado su satisfacci\u00f3n por la llegada del jugador y le ha dado la bienvenida destacando su apuesta por el equipo. \u00abEstamos encantados de que hayas apostado por nosotros y te deseamos mucha suerte con tu nueva camiseta\u00bb, ha expresado el club.<\/p>\n\n\n\n<p>Con este nuevo refuerzo, el equipo sigue perfilando su plantilla con la vista puesta en los pr\u00f3ximos compromisos de la temporada.<\/p>\n","protected":false},"excerpt":{"rendered":"<div class=\"mh-excerpt\">El CD Bu\u00f1ol sigue reforzando su plantilla y anuncia la incorporaci\u00f3n de Miguel Moreno Ribes (07\/11\/2003), un delantero centro con gran t\u00e9cnica, velocidad y un excelente olfato goleador. Moreno llega procedente del Patacona CF y <a class=\"mh-excerpt-more\" href=\"https:\/\/www.tucomarca.com\/wordpress\/segunda\/miguel-moreno-refuerza-la-delantera-del-cd-bunol\/\" title=\"Miguel Moreno refuerza la delantera del CD Bu\u00f1ol\">[+] <\/a><\/div>\n","protected":false},"author":12,"featured_media":259732,"comment_status":"open","ping_status":"open","sticky":false,"template":"","format":"standard","meta":{"footnotes":""},"categories":[18,50,6,8,10,3],"tags":[10385,537,10379,44,5952],"class_list":{"0":"post-259731","1":"post","2":"type-post","3":"status-publish","4":"format-standard","5":"has-post-thumbnail","7":"category-bunol","8":"category-futbol-deportes","9":"category-deportes","10":"category-la-comarca","11":"category-la-hoya","12":"category-seccion","13":"tag-bunol","14":"tag-cd-bunol","15":"tag-deportes","16":"tag-futbol","17":"tag-la-hoya-de-bunol-chiva"},"_links":{"self":[{"href":"https:\/\/www.tucomarca.com\/wordpress\/segunda\/wp-json\/wp\/v2\/posts\/259731","targetHints":{"allow":["GET"]}}],"collection":[{"href":"https:\/\/www.tucomarca.com\/wordpress\/segunda\/wp-json\/wp\/v2\/posts"}],"about":[{"href":"https:\/\/www.tucomarca.com\/wordpress\/segunda\/wp-json\/wp\/v2\/types\/post"}],"author":[{"embeddable":true,"href":"https:\/\/www.tucomarca.com\/wordpress\/segunda\/wp-json\/wp\/v2\/users\/12"}],"replies":[{"embeddable":true,"href":"https:\/\/www.tucomarca.com\/wordpress\/segunda\/wp-json\/wp\/v2\/comments?post=259731"}],"version-history":[{"count":0,"href":"https:\/\/www.tucomarca.com\/wordpress\/segunda\/wp-json\/wp\/v2\/posts\/259731\/revisions"}],"wp:featuredmedia":[{"embeddable":true,"href":"https:\/\/www.tucomarca.com\/wordpress\/segunda\/wp-json\/wp\/v2\/media\/259732"}],"wp:attachment":[{"href":"https:\/\/www.tucomarca.com\/wordpress\/segunda\/wp-json\/wp\/v2\/media?parent=259731"}],"wp:term":[{"taxonomy":"category","embeddable":true,"href":"https:\/\/www.tucomarca.com\/wordpress\/segunda\/wp-json\/wp\/v2\/categories?post=259731"},{"taxonomy":"post_tag","embeddable":true,"href":"https:\/\/www.tucomarca.com\/wordpress\/segunda\/wp-json\/wp\/v2\/tags?post=259731"}],"curies":[{"name":"wp","href":"https:\/\/api.w.org\/{rel}","templated":true}]}}