{"id":260081,"date":"2025-04-02T09:30:00","date_gmt":"2025-04-02T08:30:00","guid":{"rendered":"https:\/\/www.tucomarca.com\/wordpress\/segunda\/?p=260081"},"modified":"2025-04-02T10:07:46","modified_gmt":"2025-04-02T09:07:46","slug":"la-diputacio-asiste-a-los-municipios-para-solicitar-las-ayudas-del-ministerio-destinadas-a-infraestructuras-del-ciclo-del-agua","status":"publish","type":"post","link":"https:\/\/www.tucomarca.com\/wordpress\/segunda\/la-diputacio-asiste-a-los-municipios-para-solicitar-las-ayudas-del-ministerio-destinadas-a-infraestructuras-del-ciclo-del-agua\/","title":{"rendered":"La Diputaci\u00f3 asiste a los municipios para solicitar las ayudas del Ministerio destinadas a infraestructuras del ciclo del agua"},"content":{"rendered":"\n<h3 class=\"wp-block-heading\"><strong>La corporaci\u00f3n provincial ha prestado asistencia t\u00e9cnica a ocho municipios para realizar valoraciones de los da\u00f1os, tanto en abastecimiento de agua como en alcantarillado, y tramitar las solicitudes<\/strong>.<\/h3>\n\n\n\n<p>La Diputaci\u00f3 de Val\u00e8ncia ha acogido esta ma\u00f1ana una reuni\u00f3n de trabajo para tratar con el Ministerio para la Transici\u00f3n Ecol\u00f3gica y Reto Demogr\u00e1fico, la Entidad P\u00fablica de Saneamiento de Aguas Residuales de la Comunitat Valenciana (EPSAR), y operadores de agua p\u00fablicos y privados, la reparaci\u00f3n y adecuaci\u00f3n de las infraestructuras de abastecimiento de agua potable, redes de saneamiento y estaciones de depuraci\u00f3n afectadas por la DANA.\u00a0<\/p>\n\n\n\n<p>En el encuentro han participado el diputado responsable del Ciclo Integral del Agua, Paco Comes, el comisionado del Gobierno para la reconstrucci\u00f3n y reparaci\u00f3n de los da\u00f1os provocados por la dana, Jos\u00e9 Mar\u00eda \u00c1ngel, representantes de la EPSAR, y de Aqlara, Aqualia (FCC), Hidraqua, Egevasa y Global Omnium. Durante la reuni\u00f3n se ha abordado c\u00f3mo van a afrontar los operadores de agua la reparaci\u00f3n de las infraestructuras hidr\u00e1ulicas, as\u00ed como los detalles de las ayudas del Ministerio de Transici\u00f3n Ecol\u00f3gica para adecuar las infraestructuras.<\/p>\n\n\n\n<p>El Ministerio para la Transici\u00f3n Ecol\u00f3gica y el Reto Demogr\u00e1fico ha establecido un sistema de subvenciones directas a entidades gestoras de servicios de abastecimiento y saneamiento para la reparaci\u00f3n y adecuaci\u00f3n de las infraestructuras da\u00f1adas por la dana que presten servicio a los municipios afectados. En este sentido, la Diputaci\u00f3 de Val\u00e8ncia ha prestado asistencia t\u00e9cnica a un total de ocho municipios para gestionar la tramitaci\u00f3n de las solicitudes. As\u00ed, t\u00e9cnicos de la corporaci\u00f3n provincial junto con personal t\u00e9cnico de los ayuntamientos, han realizado una valoraci\u00f3n de los da\u00f1os, tanto en abastecimiento de agua como en alcantarillado. \u201cEsta informaci\u00f3n se ha plasmado en un documento estandarizado del Ministerio y, tras revisarlo por parte de la Diputaci\u00f3n, se ha subido a la plataforma del MITERD en nombre de los ayuntamientos que hacen una gesti\u00f3n directa del servicio de abastecimiento y saneamiento\u201d, ha apuntado el diputado del Ciclo Integral del Agua, Paco Comes.<\/p>\n\n\n\n<figure class=\"wp-block-image size-large\"><img loading=\"lazy\" decoding=\"async\" width=\"1024\" height=\"665\" src=\"https:\/\/www.tucomarca.com\/wordpress\/segunda\/wp-content\/uploads\/2025\/04\/ReunionTransicionEcologica02-1024x665.jpg\" alt=\"\" class=\"wp-image-260084\" srcset=\"https:\/\/www.tucomarca.com\/wordpress\/segunda\/wp-content\/uploads\/2025\/04\/ReunionTransicionEcologica02-1024x665.jpg 1024w, https:\/\/www.tucomarca.com\/wordpress\/segunda\/wp-content\/uploads\/2025\/04\/ReunionTransicionEcologica02-300x195.jpg 300w, https:\/\/www.tucomarca.com\/wordpress\/segunda\/wp-content\/uploads\/2025\/04\/ReunionTransicionEcologica02-768x499.jpg 768w, https:\/\/www.tucomarca.com\/wordpress\/segunda\/wp-content\/uploads\/2025\/04\/ReunionTransicionEcologica02-1536x998.jpg 1536w, https:\/\/www.tucomarca.com\/wordpress\/segunda\/wp-content\/uploads\/2025\/04\/ReunionTransicionEcologica02-2048x1331.jpg 2048w\" sizes=\"auto, (max-width: 1024px) 100vw, 1024px\" \/><\/figure>\n","protected":false},"excerpt":{"rendered":"<div class=\"mh-excerpt\">La corporaci\u00f3n provincial ha prestado asistencia t\u00e9cnica a ocho municipios para realizar valoraciones de los da\u00f1os, tanto en abastecimiento de agua como en alcantarillado, y tramitar las solicitudes. La Diputaci\u00f3 de Val\u00e8ncia ha acogido esta <a class=\"mh-excerpt-more\" href=\"https:\/\/www.tucomarca.com\/wordpress\/segunda\/la-diputacio-asiste-a-los-municipios-para-solicitar-las-ayudas-del-ministerio-destinadas-a-infraestructuras-del-ciclo-del-agua\/\" title=\"La Diputaci\u00f3 asiste a los municipios para solicitar las ayudas del Ministerio destinadas a infraestructuras del ciclo del agua\">[+] <\/a><\/div>\n","protected":false},"author":13,"featured_media":260082,"comment_status":"open","ping_status":"open","sticky":false,"template":"","format":"standard","meta":{"footnotes":""},"categories":[21465,128,8,72,117,142,3,116,45],"tags":[12831,10412,2142,22070],"class_list":{"0":"post-260081","1":"post","2":"type-post","3":"status-publish","4":"format-standard","5":"has-post-thumbnail","7":"category-dana","8":"category-infraestructuras","9":"category-la-comarca","10":"category-sin-categorizar","11":"category-medio-ambiente-la-comarca","12":"category-politica-la-comarca","13":"category-seccion","14":"category-sucesos-la-comarca","15":"category-ventana","16":"tag-dana-2","17":"tag-infraestructuras","18":"tag-la-comunitat","19":"tag-la-diputacio-de-valencia-2"},"_links":{"self":[{"href":"https:\/\/www.tucomarca.com\/wordpress\/segunda\/wp-json\/wp\/v2\/posts\/260081","targetHints":{"allow":["GET"]}}],"collection":[{"href":"https:\/\/www.tucomarca.com\/wordpress\/segunda\/wp-json\/wp\/v2\/posts"}],"about":[{"href":"https:\/\/www.tucomarca.com\/wordpress\/segunda\/wp-json\/wp\/v2\/types\/post"}],"author":[{"embeddable":true,"href":"https:\/\/www.tucomarca.com\/wordpress\/segunda\/wp-json\/wp\/v2\/users\/13"}],"replies":[{"embeddable":true,"href":"https:\/\/www.tucomarca.com\/wordpress\/segunda\/wp-json\/wp\/v2\/comments?post=260081"}],"version-history":[{"count":0,"href":"https:\/\/www.tucomarca.com\/wordpress\/segunda\/wp-json\/wp\/v2\/posts\/260081\/revisions"}],"wp:featuredmedia":[{"embeddable":true,"href":"https:\/\/www.tucomarca.com\/wordpress\/segunda\/wp-json\/wp\/v2\/media\/260082"}],"wp:attachment":[{"href":"https:\/\/www.tucomarca.com\/wordpress\/segunda\/wp-json\/wp\/v2\/media?parent=260081"}],"wp:term":[{"taxonomy":"category","embeddable":true,"href":"https:\/\/www.tucomarca.com\/wordpress\/segunda\/wp-json\/wp\/v2\/categories?post=260081"},{"taxonomy":"post_tag","embeddable":true,"href":"https:\/\/www.tucomarca.com\/wordpress\/segunda\/wp-json\/wp\/v2\/tags?post=260081"}],"curies":[{"name":"wp","href":"https:\/\/api.w.org\/{rel}","templated":true}]}}