{"id":260095,"date":"2025-04-02T09:45:00","date_gmt":"2025-04-02T08:45:00","guid":{"rendered":"https:\/\/www.tucomarca.com\/wordpress\/segunda\/?p=260095"},"modified":"2025-04-02T10:10:29","modified_gmt":"2025-04-02T09:10:29","slug":"rovira-en-2025-la-maxima-prioridad-de-la-conselleria-de-educacion-es-la-atencion-a-los-damnificados-por-la-riada","status":"publish","type":"post","link":"https:\/\/www.tucomarca.com\/wordpress\/segunda\/rovira-en-2025-la-maxima-prioridad-de-la-conselleria-de-educacion-es-la-atencion-a-los-damnificados-por-la-riada\/","title":{"rendered":"Rovira: \u201cEn 2025 la m\u00e1xima prioridad de la Conselleria de Educaci\u00f3n es la atenci\u00f3n a los damnificados por la riada\u201d"},"content":{"rendered":"\n<h3 class=\"wp-block-heading\">Educaci\u00f3n destina m\u00e1s de 76 millones a ayudas de comedor escolar y se asegura la continuidad del banco de libros con una dotaci\u00f3n econ\u00f3mica de casi 46 millones.<\/h3>\n\n\n\n<h3 class=\"wp-block-heading\">El presupuesto de Cultura, que aumenta un 21 %, \u201cresponde a la necesidad de reactivaci\u00f3n del sector tras la riada, el impulso al patrimonio y el fortalecimiento de las industrias culturales\u201d.<\/h3>\n\n\n\n<h3 class=\"wp-block-heading\">Anuncia que el acuerdo plurianual de financiaci\u00f3n de las universidades p\u00fablicas \u201cest\u00e1 muy avanzado y supondr\u00e1 casi 40 millones adicionales\u201d.<\/h3>\n\n\n\n<h3 class=\"wp-block-heading\">\u201cNos volcamos con los aut\u00f3nomos sin trabajadores a su cargo afectados por la riada, con una dotaci\u00f3n de 52 millones de euros\u201d.<\/h3>\n\n\n\n<p>El conseller de Educaci\u00f3n, Cultura, Universidades y Empleo, Jos\u00e9 Antonio Rovira, ha afirmado que en 2025 \u201cla m\u00e1xima prioridad de la Conselleria es la atenci\u00f3n a los damnificados por la riada del pasado 29 de octubre\u201d.<\/p>\n\n\n\n<p>Rovira ha comparecido en la Comisi\u00f3n de Presupuestos de Les Corts, donde ha desgranado las cuentas de su departamento para 2025. \u201cLos presupuestos de la reconstrucci\u00f3n y consolidaci\u00f3n del cambio constituyen un claro refuerzo de los servicios educativos fundamentales, entre los que se encuentran la libertad de elecci\u00f3n, la mejora de la calidad educativa y la igualdad de oportunidades\u201d, ha manifestado.<\/p>\n\n\n\n<p>Para la ejecuci\u00f3n de sus competencias, la Conselleria de Educaci\u00f3n, Cultura, Universidades y Empleo cuenta para 2025 con un presupuesto de 7.599,15 millones de euros, un 7 % m\u00e1s, con respecto al presupuesto del ejercicio pasado. De esta forma, es la segunda Conselleria con mayor presupuesto tras Sanidad.&nbsp;<\/p>\n\n\n\n<p>El gasto en el \u00e1rea de educaci\u00f3n aumenta un 6,39 %, incluyendo el presupuesto de la Direcci\u00f3n General de Infraestructuras Educativas. Rovira ha anunciado que \u201cse prev\u00e9 la construcci\u00f3n de 8 nuevos centros que fueron los m\u00e1s afectados por la riada y a los que vamos a destinar 70 millones de euros\u201d. A esta cantidad hay que sumar el coste de su ubicaci\u00f3n provisional en aulas prefabricadas, cuya instalaci\u00f3n asciende a m\u00e1s de 6 millones.<\/p>\n\n\n\n<p>\u201cAdem\u00e1s, hemos implementado medidas extraordinarias para paliar los efectos ocasionados por la riada en el sector docente, como los permisos retribuidos a afectados o el refuerzo de plantillas en centros realojados\u201d. Asimismo, se continuar\u00e1 con la atenci\u00f3n psicol\u00f3gica para paliar posibles problemas de salud mental y detectar de forma precoz trastornos emocionales. \u201cNo vamos a escatimar ni un solo c\u00e9ntimo en atender las necesidades de los municipios afectados por las inundaciones\u201d, ha indicado.<\/p>\n\n\n\n<p>El conseller ha subrayado que las ayudas al comedor escolar para el curso 2024-2025 superan los 76 millones de euros y permitir\u00e1n beneficiarse a 152.450 alumnos. Por su parte, se han consignado 46 millones de euros para garantizar la continuidad del banco de libros tras la consulta de elecci\u00f3n de la lengua base.&nbsp;<\/p>\n\n\n\n<p>Por otro lado, destaca un incremento significativo en el presupuesto destinado a la gratuidad de la educaci\u00f3n de 0 a 3 a\u00f1os en la Comunitat Valenciana. \u201cPara ello destinamos cerca de 163 millones de euros que garantizar\u00e1n su gratuidad y supone un aumento de un 40 % respecto al presupuesto de 2023\u201d, ha indicado.&nbsp;<\/p>\n\n\n\n<p>El conseller ha explicado que se mantienen las l\u00edneas de subvenci\u00f3n para la promoci\u00f3n del valenciano en los diferentes \u00e1mbitos sociales, as\u00ed como los convenios con las diferentes entidades de iniciativa social que participan en la promoci\u00f3n del multiling\u00fcismo, con las organizaciones o entidades que requieren de la ayuda econ\u00f3mica para este fin.<\/p>\n\n\n\n<p>Completando las principales l\u00edneas del \u00e1rea de Educaci\u00f3n, se produce un impulso de la renovaci\u00f3n de la FP y se incrementa el programa presupuestario en casi un 42 % (m\u00e1s de 10 millones) respecto al curso 2024, con una inversi\u00f3n total de casi 34 millones de euros, para atender la adecuaci\u00f3n de la oferta de FP y los gastos derivados por la riada.<\/p>\n\n\n\n<p><strong>Infraestructuras educativas<\/strong><\/p>\n\n\n\n<p>Rovira ha destacado que en infraestructuras educativas se contempla un incremento del 50,64 % de la inversi\u00f3n en el cap\u00edtulo VI para la construcci\u00f3n de centros educaci\u00f3n Infantil y Primaria con m\u00e1s de 48,3 millones de euros y de centros de educaci\u00f3n Secundaria, m\u00e1s de 37,6 millones de euros. Adem\u00e1s, se destinan a la reforma de edificios 24,7 millones a centros de Educaci\u00f3n Infantil y Primaria y 27,7 a centros de Secundaria.<\/p>\n\n\n\n<p>En relaci\u00f3n con el Cap\u00edtulo VII, programa Edificant, se ha contemplado un gasto de m\u00e1s de 180 millones de euros, incrementando un 40 % el Cap\u00edtulo II para incluir los gastos corrientes y de funcionamiento ocasionados por la riada.&nbsp;<\/p>\n\n\n\n<p>Sobre el \u00e1rea de Empleo, el conseller ha destacado que Labora, el Servicio Valenciano de Empleo y Formaci\u00f3n, cuenta con un presupuesto de 525 millones de euros, que supone un incremento en t\u00e9rminos globales de m\u00e1s de 78 millones respecto a 2024. \u201cUn incremento posible gracias en su gran mayor\u00eda al esfuerzo de la Generalitat que aporta 74 de esos millones\u201d, ha manifestado.<\/p>\n\n\n\n<p>El conseller ha se\u00f1alado que \u201cdesde la Generalitat se ratifica la apuesta por un organismo que durante este a\u00f1o ha demostrado su eficacia y lo hacemos incrementando la financiaci\u00f3n de la Generalitat hasta cerca de los 200 millones de euros\u201d. As\u00ed, ha destacado que la formaci\u00f3n profesional para el empleo se consolida con casi 224 millones de euros, prestando especial inter\u00e9s en la cualificaci\u00f3n e inserci\u00f3n de las personas j\u00f3venes con el programa Talento Joven de Garant\u00eda Juvenil y de colectivos con especiales dificultades de inserci\u00f3n en el mercado laboral.&nbsp;<\/p>\n\n\n\n<p>Asimismo, se apuesta por ofrecer oportunidades laborales a mayores de 50 a\u00f1os, personas paradas de larga duraci\u00f3n, los m\u00e1s j\u00f3venes y las personas con discapacidad. \u201cPor eso, destinamos a estas pol\u00edticas cerca de 200 millones de euros\u201d. Adem\u00e1s, se incrementa en m\u00e1s de 12 millones el presupuesto destinado a las ayudas a contratar a personas j\u00f3venes.&nbsp;<\/p>\n\n\n\n<p>El conseller ha subrayado la importancia del acceso al mundo laboral de las personas con discapacidad. &nbsp;De ah\u00ed que, a trav\u00e9s de los Centros Especiales de Empleo, a los que se destinan m\u00e1s de 58 millones de euros, se apoye la creaci\u00f3n de 10.500 puestos de trabajo para estas personas.<\/p>\n\n\n\n<p>\u201cEl fin \u00faltimo de Labora es que las personas encuentren trabajo. Por esa raz\u00f3n, hemos incrementado cerca de un 50 % la partida destinada al programa de Inserci\u00f3n Laboral, que asciende a 83.977.060 euros\u201d, ha indicado.&nbsp;<\/p>\n\n\n\n<p>\u201cAdem\u00e1s, nos volcamos con las personas aut\u00f3nomas sin trabajadores a su cargo afectadas por la dana, con una dotaci\u00f3n de 52 millones de euros que ha sido gestionada en tiempo r\u00e9cord. Unas ayudas pagadas solo siete d\u00edas despu\u00e9s de que se acabara el plazo. Y hemos puesto en marcha una l\u00ednea de ayudas directas de 360 euros a los trabajadores afectados por los ERTE de fuerza mayor por la dana. En total, hemos destinado casi 11 millones de euros de fondos propios para ayudar a unos 30.000 trabajadores\u201d, ha a\u00f1adido.<\/p>\n\n\n\n<p><strong>Universidades<\/strong><\/p>\n\n\n\n<p>Por lo que respecta a universidades, el conseller ha explicado que con la finalidad de garantizar la financiaci\u00f3n de las universidades p\u00fablicas y elaborar el Plan Plurianual de Financiaci\u00f3n (PPF), la Generalitat incrementa la transferencia corriente a las Universidades P\u00fablicas Valencianas en 27 millones de euros, ascendiendo a 877 millones de euros, lo que supone un incremento del 3,18 %.<\/p>\n\n\n\n<p>Respecto al Acuerdo Plurianual de Financiaci\u00f3n, ha se\u00f1alado que se mantienen la l\u00ednea correspondiente al fondo de transici\u00f3n al nuevo modelo de financiaci\u00f3n de las universidades p\u00fablicas, por importe de 64,77. Al respecto, el conseller ha anunciado que el acuerdo plurianual de financiaci\u00f3n \u201cest\u00e1 muy avanzado y defini\u00e9ndose con las universidades p\u00fablicas, con la previsi\u00f3n de que est\u00e9 firmado a principios de curso, lo cual supondr\u00e1 casi 40 millones adicionales en el presupuesto de 2026 de las universidades p\u00fablicas valencianas\u201d.<\/p>\n\n\n\n<p>Rovira ha recordado tambi\u00e9n que, con el objeto de ayudar a las universidades a adecuar sus plantillas docentes a las exigencias impuestas por la LOSU, la Generalitat ha firmado el Convenio Mar\u00eda Goyri, asumiendo la financiaci\u00f3n del 40 % de las nuevas plazas de profesorado ayudante doctor que se van a convocar en las pr\u00f3ximas fechas.&nbsp;<\/p>\n\n\n\n<p>Por lo que respecta al \u00e1rea de Cultura, el conseller ha se\u00f1alado que los presupuestos \u201cresponden a la necesidad de reactivaci\u00f3n del sector tras la riada, el impulso al patrimonio y el fortalecimiento de las industrias culturales\u201d. As\u00ed, ha explicado que se ha consignado un presupuesto de 206,97 millones de euros, lo que supone un aumento significativo de casi 36 millones de euros, un 21,05 % m\u00e1s que en 2024. &nbsp;<\/p>\n\n\n\n<p>\u201cEl fomento de la cultura y el impulso del sector integran una parte sustancial de estos presupuestos, cuyas l\u00edneas de ayudas ascienden a 82,6 millones de euros\u201d. De este importe 41,6 millones corresponden a ayudas extraordinarias para reactivaci\u00f3n de los todos los sectores. Rovira ha recordado que, tras la riada, los primeros paquetes de ayudas urgentes al sector cultural por importe de 6 millones de euros \u201cse resolvieron en tiempo r\u00e9cord\u201d.<\/p>\n\n\n\n<p>El conseller ha destacado el incremento en casi 11 millones de euros del programa &#8216;Promoci\u00f3n y Actividad Cultural y Esc\u00e9nica&#8217; y los 7 millones de euros en ayudas para la reactivaci\u00f3n de los sectores culturales incluyendo al tejido industrial fallero y festivo. Respecto a las principales l\u00edneas de actuaci\u00f3n en la preservaci\u00f3n, protecci\u00f3n y difusi\u00f3n de nuestro patrimonio cultural, ha destacado el desarrollo del Plan Integral de Restauraci\u00f3n del Patrimonio (Restaura). \u201cNos volcamos en lo que no hizo el Bot\u00e0nic\u201d, ha afirmado.<\/p>\n\n\n\n<p>Para ello, se ha dotado al Patrimonio Art\u00edstico, Museos y Artes Pl\u00e1sticas de un fuerte impulso con alrededor de 78 millones de euros, con un incremento de m\u00e1s de 20 millones de euros, que va a permitir llevar a cabo actuaciones de rehabilitaci\u00f3n en monumentos esenciales del patrimonio cultural titularidad de la Generalitat como el Centre del Carmen, el Monasterio de la Valldigna o las Mas\u00edas de Morella la Vella o intervenciones indispensables en los principales monumentos de la Comunitat Valenciana que, seg\u00fan ha explicado, \u201cnos encontramos al llegar con que estaban faltos de mantenimiento e inversi\u00f3n\u201d, como el Castillo de X\u00e0tiva, que acaba de salir de la lista Roja de Patrimonio de Hispania Nostra, tras una intervenci\u00f3n en 2024 despu\u00e9s de a\u00f1os de abandono.&nbsp;<\/p>\n\n\n\n<p>En cuanto a los seis organismos adscritos del Sector P\u00fablico Instrumental de Cultura, el conseller ha detallado los presupuestos \u201ccoherentes y realistas\u201d de m\u00e1s de 103 millones de euros; 31,8 millones de euros al Palau de les Arts Reina Sof\u00eda pese al \u201cinjustificado agravio que sufre el respecto a las ayudas del Gobierno central a otros teatros de la \u00f3pera en Madrid, Barcelona, o Sevilla\u201d; los 47,2 millones de euros del Instituto Valenciano de Cultura (IVC), \u201cdotaci\u00f3n similar a la que se ha venido ejecutando en los a\u00f1os del Bot\u00e0nic\u201d; o el aumento del Institut Valenci\u00e0 de Conservaci\u00f3, Restauraci\u00f3 i Investigaci\u00f3 (IVCR+i), en 2025, el IVCR+i hasta los 4,7 millones de euros, un 27 % m\u00e1s que en 2024.<\/p>\n\n\n\n<p>Tambi\u00e9n, ha explicado \u201cla optimizaci\u00f3n de gastos y el buen uso de los recursos p\u00fablicos\u201d en los 6,6 millones de euros del Consorcio de Museos de la Comunitat Valenciana; el presupuesto \u201cajustado a la ejecuci\u00f3n real\u201d con 12 millones de euros para el Instituto Valenciano de Arte Moderno (IVAM); y los 8,3 millones de euros para el Museo de Bellas Artes de Val\u00e8ncia, que permitir\u00e1n actuaciones de mejora de las instalaciones y la museograf\u00eda.<\/p>\n","protected":false},"excerpt":{"rendered":"<div class=\"mh-excerpt\">Educaci\u00f3n destina m\u00e1s de 76 millones a ayudas de comedor escolar y se asegura la continuidad del banco de libros con una dotaci\u00f3n econ\u00f3mica de casi 46 millones. El presupuesto de Cultura, que aumenta un <a class=\"mh-excerpt-more\" href=\"https:\/\/www.tucomarca.com\/wordpress\/segunda\/rovira-en-2025-la-maxima-prioridad-de-la-conselleria-de-educacion-es-la-atencion-a-los-damnificados-por-la-riada\/\" title=\"Rovira: \u201cEn 2025 la m\u00e1xima prioridad de la Conselleria de Educaci\u00f3n es la atenci\u00f3n a los damnificados por la riada\u201d\">[+] <\/a><\/div>\n","protected":false},"author":13,"featured_media":260096,"comment_status":"open","ping_status":"open","sticky":false,"template":"","format":"standard","meta":{"footnotes":""},"categories":[21465,8,72,7,3,45],"tags":[12831,15323,2142,15855],"class_list":{"0":"post-260095","1":"post","2":"type-post","3":"status-publish","4":"format-standard","5":"has-post-thumbnail","7":"category-dana","8":"category-la-comarca","9":"category-sin-categorizar","10":"category-ocio-y-cultura","11":"category-seccion","12":"category-ventana","13":"tag-dana-2","14":"tag-gva","15":"tag-la-comunitat","16":"tag-ocio-y-cultura"},"_links":{"self":[{"href":"https:\/\/www.tucomarca.com\/wordpress\/segunda\/wp-json\/wp\/v2\/posts\/260095","targetHints":{"allow":["GET"]}}],"collection":[{"href":"https:\/\/www.tucomarca.com\/wordpress\/segunda\/wp-json\/wp\/v2\/posts"}],"about":[{"href":"https:\/\/www.tucomarca.com\/wordpress\/segunda\/wp-json\/wp\/v2\/types\/post"}],"author":[{"embeddable":true,"href":"https:\/\/www.tucomarca.com\/wordpress\/segunda\/wp-json\/wp\/v2\/users\/13"}],"replies":[{"embeddable":true,"href":"https:\/\/www.tucomarca.com\/wordpress\/segunda\/wp-json\/wp\/v2\/comments?post=260095"}],"version-history":[{"count":0,"href":"https:\/\/www.tucomarca.com\/wordpress\/segunda\/wp-json\/wp\/v2\/posts\/260095\/revisions"}],"wp:featuredmedia":[{"embeddable":true,"href":"https:\/\/www.tucomarca.com\/wordpress\/segunda\/wp-json\/wp\/v2\/media\/260096"}],"wp:attachment":[{"href":"https:\/\/www.tucomarca.com\/wordpress\/segunda\/wp-json\/wp\/v2\/media?parent=260095"}],"wp:term":[{"taxonomy":"category","embeddable":true,"href":"https:\/\/www.tucomarca.com\/wordpress\/segunda\/wp-json\/wp\/v2\/categories?post=260095"},{"taxonomy":"post_tag","embeddable":true,"href":"https:\/\/www.tucomarca.com\/wordpress\/segunda\/wp-json\/wp\/v2\/tags?post=260095"}],"curies":[{"name":"wp","href":"https:\/\/api.w.org\/{rel}","templated":true}]}}