{"id":260116,"date":"2025-04-02T10:00:00","date_gmt":"2025-04-02T09:00:00","guid":{"rendered":"https:\/\/www.tucomarca.com\/wordpress\/segunda\/?p=260116"},"modified":"2025-04-02T10:25:51","modified_gmt":"2025-04-02T09:25:51","slug":"martinez-mus-destaca-el-aumento-de-un-8025-en-un-presupuesto-del-consell-que-mantiene-el-esfuerzo-inversor-y-avanza-en-la-reconstruccion-tras-las-riadas","status":"publish","type":"post","link":"https:\/\/www.tucomarca.com\/wordpress\/segunda\/martinez-mus-destaca-el-aumento-de-un-8025-en-un-presupuesto-del-consell-que-mantiene-el-esfuerzo-inversor-y-avanza-en-la-reconstruccion-tras-las-riadas\/","title":{"rendered":"Mart\u00ednez Mus destaca el aumento de un 80,25 % en un presupuesto del Consell \u201cque mantiene el esfuerzo inversor y avanza en la reconstrucci\u00f3n tras las riadas\u201d"},"content":{"rendered":"\n<h3 class=\"wp-block-heading\">El total presupuestado para 2025 asciende a 1.141 millones de euros.\u00a0<\/h3>\n\n\n\n<h3 class=\"wp-block-heading\">El conseller asegura que las cuentas permiten \u201cdesbloquear actuaciones hist\u00f3ricas y situar a nuestro territorio como polo de atracci\u00f3n de inversi\u00f3n empresarial pese al maltrato financiero del Gobierno\u201d.<\/h3>\n\n\n\n<p>El conseller de Medio Ambiente, Infraestructuras y Territorio, Vicente Mart\u00ednez Mus, ha destacado el aumento de un 80,25 % en los presupuestos de 2025 para lograr unas cuentas que mantienen \u201cel esfuerzo inversor\u201d y avanzan \u201cen la reconstrucci\u00f3n tras las riadas\u201d.<\/p>\n\n\n\n<p>As\u00ed lo ha avanzado Mart\u00ednez Mus en Les Corts, durante la presentaci\u00f3n de las cuentas p\u00fablicas para este a\u00f1o, que ascienden a un total de 1.141 millones de euros \u201cuna cifra muy superior a a\u00f1os anteriores debido, en gran parte, a las necesidades surgidas tras las inundaciones del pasado 29 de octubre\u201d.<\/p>\n\n\n\n<p>En su intervenci\u00f3n, el conseller ha detallado que las operaciones de capital de las cuentas ascienden a 534 millones de euros, un 122 % m\u00e1s que en 2024. Los gastos corrientes son de 603 millones y las operaciones financieras de 6,9 millones de euros.&nbsp;<\/p>\n\n\n\n<p>Adem\u00e1s, ha apuntado que el presupuesto de 2025 \u201cpermite desbloquear actuaciones hist\u00f3ricas y situar a nuestro territorio como polo de atracci\u00f3n de inversi\u00f3n empresarial mientras se mantiene el maltrato financiero del Gobierno\u201d. Pese a ello, Mart\u00ednez Mus ha puesto en valor el doble objetivo que cumplen estas cuentas con la reconstrucci\u00f3n y el mantenimiento de fondos \u201cpara seguir mejorando las infraestructuras y la protecci\u00f3n del medio natural\u201d.<\/p>\n\n\n\n<p><strong>Medio Ambiente<\/strong><\/p>\n\n\n\n<p>La Direcci\u00f3n General de Medio Natural y Animal, tiene un presupuesto de 76,2 millones, un 33,6 % superior a las cuentas de 2024. Entre los programas impulsados destaca la restauraci\u00f3n de espacios afectados por los diferentes incendios forestales, una l\u00ednea de colaboraci\u00f3n con ayuntamientos para combatir la sobrepoblaci\u00f3n de jabal\u00eds y las nuevas ayudas para elevar el grado de protecci\u00f3n y bienestar animal.&nbsp;<\/p>\n\n\n\n<p>De la misma forma, figuran partidas de emergencia tras las inundaciones, como la restauraci\u00f3n de las instalaciones recreativas y senderos afectados para que puedan volver a ser funcionales para uso p\u00fablico, con 2,7 millones. Tambi\u00e9n destacan la restauraci\u00f3n de h\u00e1bitats fluviales y de vegetaci\u00f3n en el parque natural de L\u2019 Albufera, el parque natural del Turia y el parque natural de las Hoces del Cabriel.<\/p>\n\n\n\n<p>Por su parte, la Direcci\u00f3n de Calidad y Educaci\u00f3n Ambiental es la que m\u00e1s aumenta su presupuesto, un 466% hasta los 231 millones de euros. Entre los objetivos de esta \u00e1rea figura la recuperaci\u00f3n ambiental y paisaj\u00edstica de espacios degradados, la prevenci\u00f3n en la producci\u00f3n de residuos, la potenciaci\u00f3n de la recogida selectiva, la prevenci\u00f3n en la contaminaci\u00f3n del suelo y el sellado de antiguos vertederos. Pero, tal y como ha admitido Mart\u00ednez Mus, \u201csin duda el mayor esfuerzo se ha dedicado a la gesti\u00f3n de los residuos generados por las inundaciones\u201d.<\/p>\n\n\n\n<p>Para atender a la situaci\u00f3n tras las inundaciones, se efectuaron varios contratos de emergencia, el m\u00e1s importante se dividi\u00f3 en 3 lotes de 60 millones de euros, lo que supone casi 180 millones para hacer frente al tratamiento y eliminaci\u00f3n de estos residuos, y que ha asumido la Generalitat.<\/p>\n\n\n\n<p>Mart\u00ednez Mus ha confirmado que el presupuesto de la Direcci\u00f3n General de Prevenci\u00f3n de Incendios Forestales asciende a un total de 116,1 millones, un 216% m\u00e1s que en 2024. \u201cUna de las prioridades para este Consell es trabajar por la prevenci\u00f3n de incendios forestales\u201d, ha incidido el titular de Medio Ambiente.<\/p>\n\n\n\n<p>M\u00e1s all\u00e1 de las partidas para renovar los observatorios forestales destaca las obras de emergencia a consecuencia de las inundaciones, presupuestadas en 93 millones, para hacer frente a la reparaci\u00f3n de las infraestructuras en materia de prevenci\u00f3n de incendios forestales afectadas por el temporal, como desprendimientos en taludes, numerosas pistas forestales y varios colapsos en puentes o pasos de agua.&nbsp;<\/p>\n\n\n\n<p><strong>Infraestructuras y Transportes<\/strong><\/p>\n\n\n\n<p>Mart\u00ednez Mus ha confirmado que este a\u00f1o se ha previsto en los presupuestos 241,1 millones de euros para la Direcci\u00f3n General de Infraestructuras, un 75,9% m\u00e1s. Parte de este incremento se debe a las actuaciones realizadas en las 18 infraestructuras viarias afectadas por las inundaciones de \u00e1mbito auton\u00f3mico, y posteriormente por la asunci\u00f3n de 55 obras de competencia municipal de 26 ayuntamiento diferentes.&nbsp;<\/p>\n\n\n\n<p>Las cuentas tambi\u00e9n incluyen la redacci\u00f3n de proyectos destacados como la mejora de la CV-91 en el entorno del Hospital de Orihuela, la prolongaci\u00f3n de la Avenida de D\u00e9nia en el tramo de enlace del A-70-Hospital de Sant Joan d&#8217;Alacant, la conexi\u00f3n de la CV-50 con ronda de l&#8217;Alc\u00fadia, el nuevo vial r\u00e1pido de conexi\u00f3n con la playa de Almassora, el cierre de la Ronda Sur en la Llosa o el Eje de la Cer\u00e1mica, en el tramo N-340 a CV-21. De la misma forma, el conseller ha puesto en valor el inicio de la ejecuci\u00f3n del convenio para la Ronda Oeste de Castell\u00f3n o el convenio de la Ronda Sur de Elche.<\/p>\n\n\n\n<p>Por su parte, la Direcci\u00f3n General de Transportes y Log\u00edstica incrementa su presupuesto hasta los 358,8 millones de euros. \u201cUna parte importante del presupuesto de esta direcci\u00f3n general est\u00e1 destinada a la financiaci\u00f3n de operaciones de las entidades del transporte de la Generalitat como la Autoridad del Transporte Metropolitano de Val\u00e8ncia y Ferrocarrils de la Generalitat Valenciana\u201d, ha se\u00f1alado el titular de Infraestructuras, que ha destacado su buen trabajo durante los \u00faltimos meses y el servicio prestado en el \u00e1rea metropolitana de Val\u00e8ncia.&nbsp;<\/p>\n\n\n\n<p><strong>Puertos y Territorio<\/strong><\/p>\n\n\n\n<p>En la Direcci\u00f3n General de Costas, Puertos y Aeropuertos el presupuesto asciende hasta los 34,3 millones de euros. Mart\u00ednez Mus ha resaltado algunas de las actuaciones que ver\u00e1n la luz con los presupuestos de 2025 como la renovaci\u00f3n y adecuaci\u00f3n de las instalaciones de la lonja al puerto del Campello, la finalizaci\u00f3n del paseo peatonal al puerto de Benicarl\u00f3 o las obras de integraci\u00f3n urbana, una nueva plaza y la reordenaci\u00f3n de los accesos al puerto de Burriana.<\/p>\n\n\n\n<p>Adem\u00e1s, ha recordado que se gestionar\u00e1n a trav\u00e9s de los concesionarios 195 millones de euros en inversi\u00f3n indirecta para esta legislatura dirigida a los puertos de competencia auton\u00f3mica. \u201cUna cifra hist\u00f3rica, fruto del trabajo constante para el impulso de nuestras infraestructuras portuarias, que se concentran principalmente en Torrevieja, D\u00e9nia, X\u00e0bia, El Campello, Altea, Calpe, Pobla de Farnals y Alcal\u00e0 de Xivert\u201d, ha remarcado Mart\u00ednez Mus. De la misma forma, ha recordado que se invertir\u00e1n este a\u00f1o 5,1 millones para los trabajos de emergencia del puerto de Cullera tras las riadas.<\/p>\n\n\n\n<p>Por \u00faltimo, la Direcci\u00f3n General de Urbanismo, Paisaje y Evaluaci\u00f3n Ambiental contar\u00e1 con 22,5 millones de euros, distribuidos en 11,75 millones para el programa de urbanismo, y 10,8 millones en el programa de ordenaci\u00f3n y paisaje del territorio. Entre las actuaciones, Mart\u00ednez Mus ha puesto de relieve proyectos estrat\u00e9gicos como Parc Sagunt II, as\u00ed como el desbloqueo del PIES de Xilxes y el desarrollo del de PLD Space en Elche.<\/p>\n","protected":false},"excerpt":{"rendered":"<div class=\"mh-excerpt\">El total presupuestado para 2025 asciende a 1.141 millones de euros.\u00a0 El conseller asegura que las cuentas permiten \u201cdesbloquear actuaciones hist\u00f3ricas y situar a nuestro territorio como polo de atracci\u00f3n de inversi\u00f3n empresarial pese al <a class=\"mh-excerpt-more\" href=\"https:\/\/www.tucomarca.com\/wordpress\/segunda\/martinez-mus-destaca-el-aumento-de-un-8025-en-un-presupuesto-del-consell-que-mantiene-el-esfuerzo-inversor-y-avanza-en-la-reconstruccion-tras-las-riadas\/\" title=\"Mart\u00ednez Mus destaca el aumento de un 80,25 % en un presupuesto del Consell \u201cque mantiene el esfuerzo inversor y avanza en la reconstrucci\u00f3n tras las riadas\u201d\">[+] <\/a><\/div>\n","protected":false},"author":13,"featured_media":260119,"comment_status":"open","ping_status":"open","sticky":false,"template":"","format":"standard","meta":{"footnotes":""},"categories":[21465,128,8,72,117,142,3,116,45],"tags":[12831,15323,10412,2142],"class_list":{"0":"post-260116","1":"post","2":"type-post","3":"status-publish","4":"format-standard","5":"has-post-thumbnail","7":"category-dana","8":"category-infraestructuras","9":"category-la-comarca","10":"category-sin-categorizar","11":"category-medio-ambiente-la-comarca","12":"category-politica-la-comarca","13":"category-seccion","14":"category-sucesos-la-comarca","15":"category-ventana","16":"tag-dana-2","17":"tag-gva","18":"tag-infraestructuras","19":"tag-la-comunitat"},"_links":{"self":[{"href":"https:\/\/www.tucomarca.com\/wordpress\/segunda\/wp-json\/wp\/v2\/posts\/260116","targetHints":{"allow":["GET"]}}],"collection":[{"href":"https:\/\/www.tucomarca.com\/wordpress\/segunda\/wp-json\/wp\/v2\/posts"}],"about":[{"href":"https:\/\/www.tucomarca.com\/wordpress\/segunda\/wp-json\/wp\/v2\/types\/post"}],"author":[{"embeddable":true,"href":"https:\/\/www.tucomarca.com\/wordpress\/segunda\/wp-json\/wp\/v2\/users\/13"}],"replies":[{"embeddable":true,"href":"https:\/\/www.tucomarca.com\/wordpress\/segunda\/wp-json\/wp\/v2\/comments?post=260116"}],"version-history":[{"count":0,"href":"https:\/\/www.tucomarca.com\/wordpress\/segunda\/wp-json\/wp\/v2\/posts\/260116\/revisions"}],"wp:featuredmedia":[{"embeddable":true,"href":"https:\/\/www.tucomarca.com\/wordpress\/segunda\/wp-json\/wp\/v2\/media\/260119"}],"wp:attachment":[{"href":"https:\/\/www.tucomarca.com\/wordpress\/segunda\/wp-json\/wp\/v2\/media?parent=260116"}],"wp:term":[{"taxonomy":"category","embeddable":true,"href":"https:\/\/www.tucomarca.com\/wordpress\/segunda\/wp-json\/wp\/v2\/categories?post=260116"},{"taxonomy":"post_tag","embeddable":true,"href":"https:\/\/www.tucomarca.com\/wordpress\/segunda\/wp-json\/wp\/v2\/tags?post=260116"}],"curies":[{"name":"wp","href":"https:\/\/api.w.org\/{rel}","templated":true}]}}