{"id":260132,"date":"2025-04-02T12:45:00","date_gmt":"2025-04-02T10:45:00","guid":{"rendered":"https:\/\/www.tucomarca.com\/wordpress\/segunda\/?p=260132"},"modified":"2025-04-02T21:38:35","modified_gmt":"2025-04-02T19:38:35","slug":"video-albaes-de-las-fallas-de-turis-2025-al-alcalde-corporacion-municipal-junta-local-fallera-y-virgen","status":"publish","type":"post","link":"https:\/\/www.tucomarca.com\/wordpress\/segunda\/video-albaes-de-las-fallas-de-turis-2025-al-alcalde-corporacion-municipal-junta-local-fallera-y-virgen\/","title":{"rendered":"Video: Albaes de las Fallas de Tur\u00eds 2025 al alcalde, corporaci\u00f3n municipal, Junta Local Fallera y Virgen"},"content":{"rendered":"\n<figure class=\"wp-block-embed is-type-video is-provider-youtube wp-block-embed-youtube wp-embed-aspect-16-9 wp-has-aspect-ratio\"><div class=\"wp-block-embed__wrapper\">\n<iframe loading=\"lazy\" title=\"V\u00eddeo: Albaes de les Falles de Tur\u00eds 2025 al alcalde, corporaci\u00f3 municipal, Junta Local i Verge\" width=\"500\" height=\"281\" src=\"https:\/\/www.youtube.com\/embed\/zUUgxiXZpqU?feature=oembed\" frameborder=\"0\" allow=\"accelerometer; autoplay; clipboard-write; encrypted-media; gyroscope; picture-in-picture; web-share\" referrerpolicy=\"strict-origin-when-cross-origin\" allowfullscreen><\/iframe>\n<\/div><\/figure>\n\n\n\n<p>Aqu\u00ed os dejamos la videograbaci\u00f3n a cargo de <strong>tucomarca televisi\u00f3n <\/strong>de c\u00f3mo se ha desarrollado la noche las albaes cantadas por el grupo de Cant Valenci\u00e0 del Puig de Santa Mar\u00eda al alcalde, Ismael Corell; al resto de la corporaci\u00f3n municipal; a los miembros de la Junta Local Fallera del municipio, as\u00ed como novedad este a\u00f1o a la Madre dels Dolors Gloriosos. Un canto de las albaes preludia cada a\u00f1o el inicio de las fiestas falleras en Tur\u00eds; y as\u00ed ha sido tambi\u00e9n este a\u00f1o 2025.<\/p>\n","protected":false},"excerpt":{"rendered":"<div class=\"mh-excerpt\">Aqu\u00ed os dejamos la videograbaci\u00f3n a cargo de tucomarca televisi\u00f3n de c\u00f3mo se ha desarrollado la noche las albaes cantadas por el grupo de Cant Valenci\u00e0 del Puig de Santa Mar\u00eda al alcalde, Ismael Corell; <a class=\"mh-excerpt-more\" href=\"https:\/\/www.tucomarca.com\/wordpress\/segunda\/video-albaes-de-las-fallas-de-turis-2025-al-alcalde-corporacion-municipal-junta-local-fallera-y-virgen\/\" title=\"Video: Albaes de las Fallas de Tur\u00eds 2025 al alcalde, corporaci\u00f3n municipal, Junta Local Fallera y Virgen\">[+] <\/a><\/div>\n","protected":false},"author":1,"featured_media":260133,"comment_status":"open","ping_status":"open","sticky":false,"template":"","format":"video","meta":{"footnotes":""},"categories":[8,72,42,5,7,383,3,43,45,26],"tags":[22087,10466,968,17579,80,3328,3640,10394],"class_list":{"0":"post-260132","1":"post","2":"type-post","3":"status-publish","4":"format-video","5":"has-post-thumbnail","7":"category-la-comarca","8":"category-sin-categorizar","9":"category-la-ribera","10":"category-la-semana-en-imagenes","11":"category-ocio-y-cultura","12":"category-pueblos-en-fiestas","13":"category-seccion","14":"category-turis","15":"category-ventana","16":"category-video","17":"tag-22087","18":"tag-albaes","19":"tag-alcalde","20":"tag-corporacion-municipal","21":"tag-fallas","22":"tag-falles","23":"tag-la-ribera-alta","24":"tag-turis","25":"post_format-post-format-video"},"_links":{"self":[{"href":"https:\/\/www.tucomarca.com\/wordpress\/segunda\/wp-json\/wp\/v2\/posts\/260132","targetHints":{"allow":["GET"]}}],"collection":[{"href":"https:\/\/www.tucomarca.com\/wordpress\/segunda\/wp-json\/wp\/v2\/posts"}],"about":[{"href":"https:\/\/www.tucomarca.com\/wordpress\/segunda\/wp-json\/wp\/v2\/types\/post"}],"author":[{"embeddable":true,"href":"https:\/\/www.tucomarca.com\/wordpress\/segunda\/wp-json\/wp\/v2\/users\/1"}],"replies":[{"embeddable":true,"href":"https:\/\/www.tucomarca.com\/wordpress\/segunda\/wp-json\/wp\/v2\/comments?post=260132"}],"version-history":[{"count":0,"href":"https:\/\/www.tucomarca.com\/wordpress\/segunda\/wp-json\/wp\/v2\/posts\/260132\/revisions"}],"wp:featuredmedia":[{"embeddable":true,"href":"https:\/\/www.tucomarca.com\/wordpress\/segunda\/wp-json\/wp\/v2\/media\/260133"}],"wp:attachment":[{"href":"https:\/\/www.tucomarca.com\/wordpress\/segunda\/wp-json\/wp\/v2\/media?parent=260132"}],"wp:term":[{"taxonomy":"category","embeddable":true,"href":"https:\/\/www.tucomarca.com\/wordpress\/segunda\/wp-json\/wp\/v2\/categories?post=260132"},{"taxonomy":"post_tag","embeddable":true,"href":"https:\/\/www.tucomarca.com\/wordpress\/segunda\/wp-json\/wp\/v2\/tags?post=260132"}],"curies":[{"name":"wp","href":"https:\/\/api.w.org\/{rel}","templated":true}]}}