{"id":260151,"date":"2025-04-02T09:55:00","date_gmt":"2025-04-02T07:55:00","guid":{"rendered":"https:\/\/www.tucomarca.com\/wordpress\/segunda\/?p=260151"},"modified":"2025-04-02T19:14:44","modified_gmt":"2025-04-02T17:14:44","slug":"la-conselleria-de-innovacion-industria-comercio-y-turismo-dispondra-en-2025-de-7438-millones-de-euros-un-aumento-del-40-con-el-foco-puesto-en-la-reconstruccion","status":"publish","type":"post","link":"https:\/\/www.tucomarca.com\/wordpress\/segunda\/la-conselleria-de-innovacion-industria-comercio-y-turismo-dispondra-en-2025-de-7438-millones-de-euros-un-aumento-del-40-con-el-foco-puesto-en-la-reconstruccion\/","title":{"rendered":"La Conselleria de Innovaci\u00f3n, Industria, Comercio y Turismo dispondr\u00e1 en 2025 de 743,8 millones de euros, un aumento del 40 %, con el foco puesto en la reconstrucci\u00f3n"},"content":{"rendered":"\n<h3 class=\"wp-block-heading\">La Estrategia para la Reindustrializaci\u00f3n de la Comunitat Valenciana contar\u00e1 con 52,65 millones, el presupuesto de Comercio crece un 63 % y Turismo se vuelca en la Promoci\u00f3n Exterior.<\/h3>\n\n\n\n<h3 class=\"wp-block-heading\">Mari\u00e1n Cano: \u201cLa respuesta a la crisis provocada por las riadas no puede ser s\u00f3lo coyuntural sino una oportunidad para establecer un modelo econ\u00f3mico m\u00e1s s\u00f3lido, diversificado y preparado para afrontar los desaf\u00edos del futuro\u201d.<\/h3>\n\n\n\n<p>La Conselleria de Innovaci\u00f3n, Industria, Comercio y Turismo, que dirige Mari\u00e1n Cano, dispondr\u00e1 este a\u00f1o de 743.801.120 euros para inversiones, lo que representa un incremento del 40 % respecto al a\u00f1o anterior.<\/p>\n\n\n\n<p>En su comparecencia en Les Corts Valencianes para detallar los ejes presupuestarios del departamento, Mari\u00e1n Cano ha explicado que \u201cse trata de un esfuerzo sin precedentes para garantizar una recuperaci\u00f3n efectiva, al mismo tiempo que se dinamizan los diferentes sectores de nuestra econom\u00eda\u201d. En este sentido, la consellera ha dicho que \u201cla respuesta a la crisis provocada por las recientes riadas no puede ser s\u00f3lo coyuntural. Ha de servir como una oportunidad para fortalecer nuestra resiliencia y establecer las bases de un modelo econ\u00f3mico m\u00e1s s\u00f3lido, diversificado y preparado para afrontar los desaf\u00edos del futuro\u201d.<\/p>\n\n\n\n<p>As\u00ed, se han dise\u00f1ado l\u00edneas de actuaci\u00f3n que son transversales a todas las \u00e1reas de la Conselleria y que van directamente destinadas a la recuperaci\u00f3n de tejido productivo afectado por las inundaciones, esto es, la industria, el comercio y la hosteler\u00eda. Para ello, el plan Ara Empreses, que estar\u00e1 gestionado por el IVACE+i, contar\u00e1 con una dotaci\u00f3n de 127,4 millones de euros.<\/p>\n\n\n\n<p>Este plan incluye dos l\u00edneas espec\u00edficas de ayudas. La primera est\u00e1 dirigida al comercio y la hosteler\u00eda con subvenciones de hasta 50.000 euros para la adquisici\u00f3n o reparaci\u00f3n de maquinaria y la compra de activos inmateriales. La segunda l\u00ednea est\u00e1 destinada a las pymes industriales y financiar\u00e1 proyectos de hasta 100.000 euros enfocados en la modernizaci\u00f3n de instalaciones, maquinaria y elementos productivos clave.<\/p>\n\n\n\n<p>Por otra parte, se destinar\u00e1n 800.000 euros para la recuperaci\u00f3n y mejora de infraestructuras esenciales, como instalaciones el\u00e9ctricas, redes de alcantarillado y otros servicios fundamentales para reactivar la actividad en empresas y pol\u00edgonos industriales afectados. &nbsp;&nbsp;<\/p>\n\n\n\n<p><strong>Refuerzo de la pol\u00edtica industrial<\/strong><\/p>\n\n\n\n<p>M\u00e1s all\u00e1 de estas acciones, la Estrategia para la Reindustrializaci\u00f3n de la Comunitat Valenciana 2024-2028, que busca fomentar la transformaci\u00f3n del tejido productivo hacia un modelo m\u00e1s sostenible y competitivo, sigue siendo una de las prioridades del Consell, por lo que recibir\u00e1 una asignaci\u00f3n de 52,65 millones de euros, un 2,13 % m\u00e1s respecto al ejercicio presupuestario anterior.&nbsp;<\/p>\n\n\n\n<p>En esta l\u00ednea, uno de los ejes m\u00e1s relevantes es el desarrollo de cl\u00fasteres como herramienta para mejorar la competitividad territorial y sectorial. Con esta finalidad, los presupuestos de la Generalitat contemplan por primera una l\u00ednea particular de 900.000 euros. En paralelo, se han dise\u00f1ado diversas l\u00edneas presupuestarias para promover el crecimiento del suelo industrial: 500.000 euros para avales destinados a la promoci\u00f3n de infraestructuras industriales, 4 millones en pr\u00e9stamos para ayuntamientos o agentes urbanizadores para la finalizaci\u00f3n de pol\u00edgonos industriales y casi 2 millones para inversiones del IVACE+i en suelo industrial p\u00fablico.<\/p>\n\n\n\n<p>En el \u00e1mbito de proyectos estrat\u00e9gicos, la consellera ha destacado el respaldo a Stadler Rail Valencia, que contar\u00e1 con una asignaci\u00f3n de 7,2 millones de euros. Adem\u00e1s, la l\u00ednea destinada a la atracci\u00f3n de inversiones para la Comunitat Valenciana crece un 35 % con respecto a 2024 hasta alcanzar un total de 13,5 millones de euros. Y, como novedad, se ha creado otra l\u00ednea espec\u00edficamente dise\u00f1ada para apoyar la Oficina Valenciana de Inversiones, lo que reforzar\u00e1 la capacidad para atraer y consolidar proyectos de alto impacto. Asimismo, el impulso a la electrificaci\u00f3n de Ford Espa\u00f1a aumenta en 2 millones, de modo que la inversi\u00f3n directa se eleva hasta los 9 millones. Tambi\u00e9n se mantienen 3 millones a PowerCo.<\/p>\n\n\n\n<p>En cuanto al \u00e1rea de parques industriales, se destinan 22 millones en una convocatoria plurianual que permitir\u00e1 la periodificaci\u00f3n de las inversiones y se dedicar\u00e1n otros 300.000 euros para la creaci\u00f3n y promoci\u00f3n de entidades de gesti\u00f3n y modernizaci\u00f3n de \u00e1reas industriales. Finalmente, por primera vez se han previsto 1,5 millones para industrias de mediano tama\u00f1o con capacidad de tracci\u00f3n en sectores clave, lo que nos convierte en la primera comunidad aut\u00f3noma con una l\u00ednea de apoyo de este tipo.<\/p>\n\n\n\n<p><strong>Energ\u00eda, emprendimiento e internacionalizaci\u00f3n<\/strong><\/p>\n\n\n\n<p>\u201cPara lograr este desarrollo industrial se necesita un futuro energ\u00e9tico competitivo, de tal manera que la propuesta presupuestaria para esta \u00e1rea refleja un claro compromiso con la agilizaci\u00f3n de los tr\u00e1mites de los proyectos de energ\u00edas renovables que permitan acelerar la gesti\u00f3n de los expedientes\u201d, ha subrayado Mari\u00e1n Cano. Sin abandonar este \u00e1mbito, tambi\u00e9n se han incorporado dos nuevas l\u00edneas de actuaci\u00f3n: una para apoyar un certamen ferial sobre energ\u00edas renovables y otra para colaborar con agentes en la elaboraci\u00f3n de informes y la supervisi\u00f3n de documentaci\u00f3n.<\/p>\n\n\n\n<p>En el \u00e1rea de emprendimiento, el presupuesto de 2025 crece en un 28,42 %. Dado el impacto positivo que tuvo el a\u00f1o pasado, se vuelve a apostar por el sistema de concurrencia competitiva en vez de subvenciones nominativas para poder beneficiar a un mayor n\u00famero de emprendedores. Adem\u00e1s, como novedad, se destinan 5 millones para impulsar la reactivaci\u00f3n econ\u00f3mica de los municipios afectados por la riada.<\/p>\n\n\n\n<p>Otra de las prioridades de la Conselleria es la internacionalizaci\u00f3n de la econom\u00eda valenciana, de modo que se refuerza la partida de subvenciones a pymes, elev\u00e1ndola hasta los 15,5 millones de euros. Todo ello, adem\u00e1s, optimizando los servicios de apoyo a estas pymes con un Plan de Promoci\u00f3n Exterior adaptado a sus necesidades y prioridades. Finalmente, se ha habilitado una l\u00ednea espec\u00edfica de 10 millones de euros bajo el programa &#8216;Impulso a la internacionalizaci\u00f3n&#8217;, destinada exclusivamente a las empresas de los municipios afectados por la dana de octubre. El objetivo es que ninguna empresa valenciana con potencial exportador se quede atr\u00e1s por circunstancias adversas.<\/p>\n\n\n\n<p><strong>M\u00e1s de 50 millones para Comercio&nbsp;<\/strong><\/p>\n\n\n\n<p>Vinculado tambi\u00e9n a paliar los efectos de las riadas est\u00e1 el fuerte incremento de casi el 63 % que experimenta el presupuesto para Comercio y Artesan\u00eda. Esta \u00e1rea contar\u00e1 con 50,64 millones de euros porque \u201cante los flagrantes retrasos del Consorcio de Compensaci\u00f3n de Seguros, la Generalitat ha decidido actuar con toda la contundencia que la situaci\u00f3n exige para evitar el colapso de un sector clave para nuestra econom\u00eda\u201d, ha enfatizado la consellera.<\/p>\n\n\n\n<p>En ese sentido, se podr\u00e1n en marcha tres nuevas iniciativas para la recuperaci\u00f3n del comercio de las zonas afectadas por las inundaciones. La dotaci\u00f3n total ser\u00e1 de 21 millones de euros, de los cuales 5 se destinar\u00e1n para ayudas a comerciantes y artesanos, otros 5 millones para la digitalizaci\u00f3n de pymes comerciales y artesanas y 11 millones a la mejora de infraestructuras y equipamientos comerciales en la \u00e1reas m\u00e1s golpeadas.<\/p>\n\n\n\n<p>Por otra parte, en 2025 la protecci\u00f3n de las personas consumidoras dispondr\u00e1 de una dotaci\u00f3n pr\u00e1cticamente inalterada de 5,46 millones de euros, 890.000 de los cuales ir\u00e1n destinados a reforzar el papel de las Oficinas Municipales de Informaci\u00f3n al Consumidor (OMIC) y las Juntas Arbitrales de Consumo.<\/p>\n\n\n\n<p><strong>Innovaci\u00f3n: colaboraci\u00f3n con otras administraciones<\/strong><\/p>\n\n\n\n<p>En el apartado de Innovaci\u00f3n, de nuevo se han previsto cuatro l\u00edneas estrat\u00e9gicas de actuaci\u00f3n para ayudar a las empresas afectadas por la dana que suman 10 millones y que estar\u00e1n operativas en los tres meses posteriores a la aprobaci\u00f3n de los presupuestos de 2025.&nbsp;<\/p>\n\n\n\n<p>Adem\u00e1s de estas medidas espec\u00edficas, se sigue fortaleciendo el ecosistema innovador valenciano con iniciativas que persiguen la atracci\u00f3n de talento y el desarrollo de herramientas que fomenten la competitividad. Por ello, en primer lugar, se iniciar\u00e1 el programa FASE TIC, orientado al an\u00e1lisis de la innovaci\u00f3n en sectores de tecnolog\u00edas habilitadoras digitales. Tambi\u00e9n se crear\u00e1 el nodo central del proyecto europeo EUCAIM, con una inversi\u00f3n de 244.500 euros. Se trata de una iniciativa impulsada por la Uni\u00f3n Europea para desarrollar un banco de im\u00e1genes m\u00e9dicas procedentes de hospitales de todo el continente centrado en pacientes con c\u00e1ncer.&nbsp;<\/p>\n\n\n\n<p>Asimismo, en colaboraci\u00f3n con la Fundaci\u00f3n ONCE, se destinar\u00e1n 400.000 euros para financiar la implantaci\u00f3n en la Comunitat Valenciana de un nodo de formaci\u00f3n en tecnolog\u00edas habilitadoras dirigido a personas con discapacidad y se aportar\u00e1n otros&nbsp; 250.000 euros a la Federaci\u00f3n Valenciana de Municipios y Provincias (FVMP), para la adquisici\u00f3n de una herramienta digital que mejore la comunicaci\u00f3n entre ciudadan\u00eda y ayuntamientos.<\/p>\n\n\n\n<p>Con respecto a los sectores emergentes, el presupuesto de Espai Aero (sector aeroespacial) se incrementa un 40 % mientras que el audiovisual se beneficiar\u00e1 de una nueva convocatoria de ayudas al cine dotada con 6,2 millones, un 77 % m\u00e1s que el a\u00f1o anterior.<\/p>\n\n\n\n<p><strong>Turismo: apuesta por la Promoci\u00f3n y los Bonos&nbsp;&nbsp;<\/strong><\/p>\n\n\n\n<p>En pol\u00edtica tur\u00edstica, un sector que representa el 16 % del PIB valenciano y genera m\u00e1s de 280.000 empleos, se han reforzado especialmente las partidas destinadas a la promoci\u00f3n y publicidad, lo que permitir\u00e1 una mayor visibilidad de la oferta valenciana en los mercados nacionales e internacionales.<\/p>\n\n\n\n<p>Entre las principales l\u00edneas de actuaci\u00f3n destacadas por la consellera est\u00e1 el marketing&nbsp;<em>online&nbsp;<\/em>e informaci\u00f3n tur\u00edstica, cuya dotaci\u00f3n asciende hasta 12,53 millones (un 27,37 % m\u00e1s); el marketing y producto colaborativo, con una inversi\u00f3n global de 10,29 milliones (un 5 % de incremento); y las Ferias y otras actividades de promoci\u00f3n, cuya dotaci\u00f3n crece un 50 % para mejorar la presencia en los principales cert\u00e1menes extranjeros.<\/p>\n\n\n\n<p>Con el objetivo de contribuir a la reactivaci\u00f3n del turismo y la hosteler\u00eda, Mari\u00e1n Cano ha detallado que \u201cuna de las principales novedades es la puesta en marcha del Bono Recuperem Turisme, destinado a la poblaci\u00f3n residente en los municipios damnificados por la dana. El presupuesto es de 5,1 millones, lo que permitir\u00e1 la emisi\u00f3n de 17.000 bonos de 300 euros que beneficiar\u00e1n a m\u00e1s de 34.000 personas. Estos bonos podr\u00e1n utilizarse a lo largo de 2025 en hoteles, campings y otros establecimientos adheridos de la Comunitat Valenciana\u201d.<\/p>\n\n\n\n<p>Siguiendo esta misma filosof\u00eda de apoyo al sector, se introduce el Bono Recuperem Hosteleria, dotado con 3,9 millones. En este caso se trata de incentivar el consumo en bares, restaurantes y otros servicios de hosteler\u00eda de las zonas afectados por las inundaciones.<\/p>\n\n\n\n<p>Por otra parte, tambi\u00e9n crecen las partidas dedicadas al mantenimiento de playas (1,6 millones), formaci\u00f3n de profesionales del sector tur\u00edstico (2,36 millones) e innovaci\u00f3n (el presupuesto del INVAT-TUR se duplica).<\/p>\n\n\n\n<p>\u201cEstas inversiones consolidan el compromiso del Consell con un modelo tur\u00edstico innovador, sostenible y altamente competitivo, capaz de atraer a m\u00e1s turistas y dinamizar la econom\u00eda regional a trav\u00e9s de la promoci\u00f3n eficaz de la Comunitat Valenciana en los mercados estrat\u00e9gicos\u201d, ha concluido la consellera.<\/p>\n","protected":false},"excerpt":{"rendered":"<div class=\"mh-excerpt\">La Estrategia para la Reindustrializaci\u00f3n de la Comunitat Valenciana contar\u00e1 con 52,65 millones, el presupuesto de Comercio crece un 63 % y Turismo se vuelca en la Promoci\u00f3n Exterior. Mari\u00e1n Cano: \u201cLa respuesta a la <a class=\"mh-excerpt-more\" href=\"https:\/\/www.tucomarca.com\/wordpress\/segunda\/la-conselleria-de-innovacion-industria-comercio-y-turismo-dispondra-en-2025-de-7438-millones-de-euros-un-aumento-del-40-con-el-foco-puesto-en-la-reconstruccion\/\" title=\"La Conselleria de Innovaci\u00f3n, Industria, Comercio y Turismo dispondr\u00e1 en 2025 de 743,8 millones de euros, un aumento del 40 %, con el foco puesto en la reconstrucci\u00f3n\">[+] <\/a><\/div>\n","protected":false},"author":12,"featured_media":260161,"comment_status":"open","ping_status":"open","sticky":false,"template":"","format":"standard","meta":{"footnotes":""},"categories":[21465,128,8,72,142,3,45],"tags":[674,22089,12831,9013,21974],"class_list":{"0":"post-260151","1":"post","2":"type-post","3":"status-publish","4":"format-standard","5":"has-post-thumbnail","7":"category-dana","8":"category-infraestructuras","9":"category-la-comarca","10":"category-sin-categorizar","11":"category-politica-la-comarca","12":"category-seccion","13":"category-ventana","14":"tag-comercio","15":"tag-conselleria-de-innovacion","16":"tag-dana-2","17":"tag-industria","18":"tag-reconstruccion"},"_links":{"self":[{"href":"https:\/\/www.tucomarca.com\/wordpress\/segunda\/wp-json\/wp\/v2\/posts\/260151","targetHints":{"allow":["GET"]}}],"collection":[{"href":"https:\/\/www.tucomarca.com\/wordpress\/segunda\/wp-json\/wp\/v2\/posts"}],"about":[{"href":"https:\/\/www.tucomarca.com\/wordpress\/segunda\/wp-json\/wp\/v2\/types\/post"}],"author":[{"embeddable":true,"href":"https:\/\/www.tucomarca.com\/wordpress\/segunda\/wp-json\/wp\/v2\/users\/12"}],"replies":[{"embeddable":true,"href":"https:\/\/www.tucomarca.com\/wordpress\/segunda\/wp-json\/wp\/v2\/comments?post=260151"}],"version-history":[{"count":0,"href":"https:\/\/www.tucomarca.com\/wordpress\/segunda\/wp-json\/wp\/v2\/posts\/260151\/revisions"}],"wp:featuredmedia":[{"embeddable":true,"href":"https:\/\/www.tucomarca.com\/wordpress\/segunda\/wp-json\/wp\/v2\/media\/260161"}],"wp:attachment":[{"href":"https:\/\/www.tucomarca.com\/wordpress\/segunda\/wp-json\/wp\/v2\/media?parent=260151"}],"wp:term":[{"taxonomy":"category","embeddable":true,"href":"https:\/\/www.tucomarca.com\/wordpress\/segunda\/wp-json\/wp\/v2\/categories?post=260151"},{"taxonomy":"post_tag","embeddable":true,"href":"https:\/\/www.tucomarca.com\/wordpress\/segunda\/wp-json\/wp\/v2\/tags?post=260151"}],"curies":[{"name":"wp","href":"https:\/\/api.w.org\/{rel}","templated":true}]}}