{"id":260211,"date":"2025-04-02T13:30:00","date_gmt":"2025-04-02T11:30:00","guid":{"rendered":"https:\/\/www.tucomarca.com\/wordpress\/segunda\/?p=260211"},"modified":"2025-04-02T21:55:51","modified_gmt":"2025-04-02T19:55:51","slug":"el-departamento-de-salud-de-manises-lanza-una-guia-para-detectar-signos-de-alerta-del-espectro-autista","status":"publish","type":"post","link":"https:\/\/www.tucomarca.com\/wordpress\/segunda\/el-departamento-de-salud-de-manises-lanza-una-guia-para-detectar-signos-de-alerta-del-espectro-autista\/","title":{"rendered":"El departamento de salud de Manises lanza una gu\u00eda para detectar signos de alerta del espectro autista"},"content":{"rendered":"\n<h3 class=\"wp-block-heading\">La gu\u00eda est\u00e1 enfocada a progenitores y profesionales del \u00e1mbito escolar para familiarizarse con los aspectos m\u00e1s caracter\u00edsticos del espectro autista.<\/h3>\n\n\n\n<p>La Unidad de Neurorrehabilitaci\u00f3n Infantil del departamento de salud de Manises ha elaborado una gu\u00eda de apoyo para facilitar la detecci\u00f3n temprana de trastornos del espectro autista (TEA). El manual est\u00e1 especialmente orientada a padres y profesionales del \u00e1mbito educativo y es posible localizarla en el propio portal web del departamento.<\/p>\n\n\n\n<p>Con motivo del D\u00eda Mundial del Espectro Autista, el equipo multidisciplinar de la unidad de neurorrehabilitaci\u00f3n infantil del departamento ha querido compartir una gu\u00eda y una serie de v\u00eddeos divulgativos. Estos contenidos buscan ayudar a reconocer se\u00f1ales de alerta y orientar a los padres y docentes sobre los pasos a seguir ante una sospecha diagn\u00f3stica.<\/p>\n\n\n\n<p>En este sentido, la psic\u00f3loga especialista en neuropsicolog\u00eda de la Unidad, la doctora Mar\u00eda Motos, ha afirmado que \u00abdado que se trata de un espectro, aunque los rasgos nucleares del diagn\u00f3stico se mantengan, su manifestaci\u00f3n puede ser diferente seg\u00fan el caso, por lo que, la detecci\u00f3n puede resultar compleja para aquellas personas que no est\u00e9n familiarizadas con la heterogeneidad del TEA. Por ello, contar con recursos accesibles y claros es clave para fomentar una detecci\u00f3n precoz y una adecuada intervenci\u00f3n\u00bb.<\/p>\n\n\n\n<p>Todos los materiales desarrollados, gu\u00eda y v\u00eddeos informativos relacionados, estar\u00e1n disponible tanto en el portal web del departamento como en su canal de YouTube, garantizando su accesibilidad para el p\u00fablico general.<\/p>\n\n\n\n<p>La unidad est\u00e1 ubicada en el Centro de Especialidades de Mislata, en el edificio de Consultas Externas, dentro del complejo del Hospital Militar. All\u00ed, el equipo multidisciplinar de la Unidad trata a ni\u00f1os con Da\u00f1o Cerebral hasta los 14 a\u00f1os, (inclusive) y con Trastorno del Espectro Autista (TEA) hasta los 7 a\u00f1os.<\/p>\n\n\n\n<p>Cabe recordar que el departamento de salud de Manises da cobertura y asistencia sanitaria, tanto ambulatoria como domiciliaria a cerca de 209.000 personas de 14 localidades a trav\u00e9s del Hospital de Manises, nueve centros de salud, 11 consultorios auxiliares, dos centros de especialidades, un centro de salud integrado, el Hospital de Agudos de Manises y el Hospital de Cr\u00f3nicos de Mislata.<\/p>\n","protected":false},"excerpt":{"rendered":"<div class=\"mh-excerpt\">La gu\u00eda est\u00e1 enfocada a progenitores y profesionales del \u00e1mbito escolar para familiarizarse con los aspectos m\u00e1s caracter\u00edsticos del espectro autista. La Unidad de Neurorrehabilitaci\u00f3n Infantil del departamento de salud de Manises ha elaborado una <a class=\"mh-excerpt-more\" href=\"https:\/\/www.tucomarca.com\/wordpress\/segunda\/el-departamento-de-salud-de-manises-lanza-una-guia-para-detectar-signos-de-alerta-del-espectro-autista\/\" title=\"El departamento de salud de Manises lanza una gu\u00eda para detectar signos de alerta del espectro autista\">[+] <\/a><\/div>\n","protected":false},"author":12,"featured_media":254110,"comment_status":"open","ping_status":"open","sticky":false,"template":"","format":"standard","meta":{"footnotes":""},"categories":[119,16,128,8,10,142,3],"tags":[11478,16783],"class_list":{"0":"post-260211","1":"post","2":"type-post","3":"status-publish","4":"format-standard","5":"has-post-thumbnail","7":"category-sanidad-la-comarca","8":"category-chiva","9":"category-infraestructuras","10":"category-la-comarca","11":"category-la-hoya","12":"category-politica-la-comarca","13":"category-seccion","14":"tag-departamento-de-salud-de-manises","15":"tag-trastorno-del-espectro-de-autismo-tea"},"_links":{"self":[{"href":"https:\/\/www.tucomarca.com\/wordpress\/segunda\/wp-json\/wp\/v2\/posts\/260211","targetHints":{"allow":["GET"]}}],"collection":[{"href":"https:\/\/www.tucomarca.com\/wordpress\/segunda\/wp-json\/wp\/v2\/posts"}],"about":[{"href":"https:\/\/www.tucomarca.com\/wordpress\/segunda\/wp-json\/wp\/v2\/types\/post"}],"author":[{"embeddable":true,"href":"https:\/\/www.tucomarca.com\/wordpress\/segunda\/wp-json\/wp\/v2\/users\/12"}],"replies":[{"embeddable":true,"href":"https:\/\/www.tucomarca.com\/wordpress\/segunda\/wp-json\/wp\/v2\/comments?post=260211"}],"version-history":[{"count":0,"href":"https:\/\/www.tucomarca.com\/wordpress\/segunda\/wp-json\/wp\/v2\/posts\/260211\/revisions"}],"wp:featuredmedia":[{"embeddable":true,"href":"https:\/\/www.tucomarca.com\/wordpress\/segunda\/wp-json\/wp\/v2\/media\/254110"}],"wp:attachment":[{"href":"https:\/\/www.tucomarca.com\/wordpress\/segunda\/wp-json\/wp\/v2\/media?parent=260211"}],"wp:term":[{"taxonomy":"category","embeddable":true,"href":"https:\/\/www.tucomarca.com\/wordpress\/segunda\/wp-json\/wp\/v2\/categories?post=260211"},{"taxonomy":"post_tag","embeddable":true,"href":"https:\/\/www.tucomarca.com\/wordpress\/segunda\/wp-json\/wp\/v2\/tags?post=260211"}],"curies":[{"name":"wp","href":"https:\/\/api.w.org\/{rel}","templated":true}]}}