{"id":260236,"date":"2025-04-03T18:00:00","date_gmt":"2025-04-03T16:00:00","guid":{"rendered":"https:\/\/www.tucomarca.com\/wordpress\/segunda\/?p=260236"},"modified":"2025-04-03T18:56:02","modified_gmt":"2025-04-03T16:56:02","slug":"video-albaes-fallas-2025-presidentes-y-falleras-mayores-de-la-antigua-fontanella-de-turis","status":"publish","type":"post","link":"https:\/\/www.tucomarca.com\/wordpress\/segunda\/video-albaes-fallas-2025-presidentes-y-falleras-mayores-de-la-antigua-fontanella-de-turis\/","title":{"rendered":"Video: Albaes Fallas 2025. Presidentes y Falleras Mayores de la Antigua Fontanella de Tur\u00eds"},"content":{"rendered":"\n<figure class=\"wp-block-embed is-type-video is-provider-youtube wp-block-embed-youtube wp-embed-aspect-16-9 wp-has-aspect-ratio\"><div class=\"wp-block-embed__wrapper\">\n<iframe loading=\"lazy\" title=\"V\u00eddeo: Albaes Falles 2025. Presidents i Falleres Majors de l&#039;Antiga Fontanella de Tur\u00eds\" width=\"500\" height=\"281\" src=\"https:\/\/www.youtube.com\/embed\/4UN0DokQuPI?feature=oembed\" frameborder=\"0\" allow=\"accelerometer; autoplay; clipboard-write; encrypted-media; gyroscope; picture-in-picture; web-share\" referrerpolicy=\"strict-origin-when-cross-origin\" allowfullscreen><\/iframe>\n<\/div><\/figure>\n\n\n\n<p>V\u00eddeograbaci\u00f3 a cargo de <strong>tucomarca televisi\u00f3n<\/strong> de la tradicional noche de albaes de las Fallas de Tur\u00eds 2025 a la Comisi\u00f3n la Antigua Fontanella a cargo del grupo de Canto Valenciano del Puig de Santa Maria.<\/p>\n","protected":false},"excerpt":{"rendered":"<div class=\"mh-excerpt\">V\u00eddeograbaci\u00f3 a cargo de tucomarca televisi\u00f3n de la tradicional noche de albaes de las Fallas de Tur\u00eds 2025 a la Comisi\u00f3n la Antigua Fontanella a cargo del grupo de Canto Valenciano del Puig de Santa <a class=\"mh-excerpt-more\" href=\"https:\/\/www.tucomarca.com\/wordpress\/segunda\/video-albaes-fallas-2025-presidentes-y-falleras-mayores-de-la-antigua-fontanella-de-turis\/\" title=\"Video: Albaes Fallas 2025. Presidentes y Falleras Mayores de la Antigua Fontanella de Tur\u00eds\">[+] <\/a><\/div>\n","protected":false},"author":1,"featured_media":260274,"comment_status":"open","ping_status":"open","sticky":false,"template":"","format":"video","meta":{"footnotes":""},"categories":[66,8,72,42,5,7,383,3,43,45,26],"tags":[22087,10466,11539,80,3328,3640,10394],"class_list":{"0":"post-260236","1":"post","2":"type-post","3":"status-publish","4":"format-video","5":"has-post-thumbnail","7":"category-musica","8":"category-la-comarca","9":"category-sin-categorizar","10":"category-la-ribera","11":"category-la-semana-en-imagenes","12":"category-ocio-y-cultura","13":"category-pueblos-en-fiestas","14":"category-seccion","15":"category-turis","16":"category-ventana","17":"category-video","18":"tag-22087","19":"tag-albaes","20":"tag-cant-dalbaes-2","21":"tag-fallas","22":"tag-falles","23":"tag-la-ribera-alta","24":"tag-turis","25":"post_format-post-format-video"},"_links":{"self":[{"href":"https:\/\/www.tucomarca.com\/wordpress\/segunda\/wp-json\/wp\/v2\/posts\/260236","targetHints":{"allow":["GET"]}}],"collection":[{"href":"https:\/\/www.tucomarca.com\/wordpress\/segunda\/wp-json\/wp\/v2\/posts"}],"about":[{"href":"https:\/\/www.tucomarca.com\/wordpress\/segunda\/wp-json\/wp\/v2\/types\/post"}],"author":[{"embeddable":true,"href":"https:\/\/www.tucomarca.com\/wordpress\/segunda\/wp-json\/wp\/v2\/users\/1"}],"replies":[{"embeddable":true,"href":"https:\/\/www.tucomarca.com\/wordpress\/segunda\/wp-json\/wp\/v2\/comments?post=260236"}],"version-history":[{"count":0,"href":"https:\/\/www.tucomarca.com\/wordpress\/segunda\/wp-json\/wp\/v2\/posts\/260236\/revisions"}],"wp:featuredmedia":[{"embeddable":true,"href":"https:\/\/www.tucomarca.com\/wordpress\/segunda\/wp-json\/wp\/v2\/media\/260274"}],"wp:attachment":[{"href":"https:\/\/www.tucomarca.com\/wordpress\/segunda\/wp-json\/wp\/v2\/media?parent=260236"}],"wp:term":[{"taxonomy":"category","embeddable":true,"href":"https:\/\/www.tucomarca.com\/wordpress\/segunda\/wp-json\/wp\/v2\/categories?post=260236"},{"taxonomy":"post_tag","embeddable":true,"href":"https:\/\/www.tucomarca.com\/wordpress\/segunda\/wp-json\/wp\/v2\/tags?post=260236"}],"curies":[{"name":"wp","href":"https:\/\/api.w.org\/{rel}","templated":true}]}}