{"id":260602,"date":"2025-04-04T11:57:00","date_gmt":"2025-04-04T09:57:00","guid":{"rendered":"https:\/\/www.tucomarca.com\/wordpress\/segunda\/?p=260602"},"modified":"2025-04-04T15:55:09","modified_gmt":"2025-04-04T13:55:09","slug":"bunol-se-convierte-este-fin-de-semana-en-el-epicentro-de-la-danza-con-el-concurso-nacional-valencia-full-dance","status":"publish","type":"post","link":"https:\/\/www.tucomarca.com\/wordpress\/segunda\/bunol-se-convierte-este-fin-de-semana-en-el-epicentro-de-la-danza-con-el-concurso-nacional-valencia-full-dance\/","title":{"rendered":"Bu\u00f1ol se convierte este fin de semana en el epicentro de la danza con el Concurso Nacional Valencia Full Dance"},"content":{"rendered":"\n<p>Este fin de semana, Bu\u00f1ol se convertir\u00e1 en un referente para los j\u00f3venes talentos de la danza, acogiendo la fase provincial del Concurso Nacional Valencia Full Dance en el emblem\u00e1tico Teatro Montecarlo. A partir de este a\u00f1o, el certamen se celebrar\u00e1 anualmente en el municipio, consolid\u00e1ndose como un evento clave en la agenda cultural.<\/p>\n\n\n\n<p>El programa se desarrollar\u00e1 en dos jornadas:<\/p>\n\n\n\n<p><strong>S\u00e1bado 5 de abril<\/strong><\/p>\n\n\n\n<ul class=\"wp-block-list\">\n<li><strong>10:00 h<\/strong> \u2013 Danza cl\u00e1sica y danza espa\u00f1ola<\/li>\n\n\n\n<li><strong>16:00 h<\/strong> \u2013 Danza contempor\u00e1nea y jazz moderno<\/li>\n<\/ul>\n\n\n\n<p><strong>Domingo 6 de abril<\/strong> (Dedicado a la danza urbana)<\/p>\n\n\n\n<ul class=\"wp-block-list\">\n<li><strong>9:00 h<\/strong> \u2013 Bloque I: grupos infantiles<\/li>\n\n\n\n<li><strong>11:00 h<\/strong> \u2013 Bloque II: grupos a partir de 12 a\u00f1os<\/li>\n<\/ul>\n\n\n\n<p>El certamen incluir\u00e1 categor\u00edas individuales, d\u00faos y grupos en todas las modalidades. Adem\u00e1s, los participantes competir\u00e1n por premios en met\u00e1lico, becas de estudio, trofeos e inscripciones gratuitas a futuras ediciones del concurso.<\/p>\n\n\n\n<p>Para m\u00e1s informaci\u00f3n e inscripciones, se puede contactar a trav\u00e9s del correo electr\u00f3nico <a>concursofulldance@gmail.com<\/a> o en la web oficial <a href=\"http:\/\/www.concursofulldance.com\">www.concursofulldance.com<\/a>.<\/p>\n","protected":false},"excerpt":{"rendered":"<div class=\"mh-excerpt\">Este fin de semana, Bu\u00f1ol se convertir\u00e1 en un referente para los j\u00f3venes talentos de la danza, acogiendo la fase provincial del Concurso Nacional Valencia Full Dance en el emblem\u00e1tico Teatro Montecarlo. A partir de <a class=\"mh-excerpt-more\" href=\"https:\/\/www.tucomarca.com\/wordpress\/segunda\/bunol-se-convierte-este-fin-de-semana-en-el-epicentro-de-la-danza-con-el-concurso-nacional-valencia-full-dance\/\" title=\"Bu\u00f1ol se convierte este fin de semana en el epicentro de la danza con el Concurso Nacional Valencia Full Dance\">[+] <\/a><\/div>\n","protected":false},"author":12,"featured_media":260607,"comment_status":"open","ping_status":"open","sticky":false,"template":"","format":"standard","meta":{"footnotes":""},"categories":[4,18,6,8,10,199,3],"tags":[10385,22113,5952],"class_list":{"0":"post-260602","1":"post","2":"type-post","3":"status-publish","4":"format-standard","5":"has-post-thumbnail","7":"category-agenda","8":"category-bunol","9":"category-deportes","10":"category-la-comarca","11":"category-la-hoya","12":"category-polideportivo","13":"category-seccion","14":"tag-bunol","15":"tag-concurso-nacional-valencia-full-dance","16":"tag-la-hoya-de-bunol-chiva"},"_links":{"self":[{"href":"https:\/\/www.tucomarca.com\/wordpress\/segunda\/wp-json\/wp\/v2\/posts\/260602","targetHints":{"allow":["GET"]}}],"collection":[{"href":"https:\/\/www.tucomarca.com\/wordpress\/segunda\/wp-json\/wp\/v2\/posts"}],"about":[{"href":"https:\/\/www.tucomarca.com\/wordpress\/segunda\/wp-json\/wp\/v2\/types\/post"}],"author":[{"embeddable":true,"href":"https:\/\/www.tucomarca.com\/wordpress\/segunda\/wp-json\/wp\/v2\/users\/12"}],"replies":[{"embeddable":true,"href":"https:\/\/www.tucomarca.com\/wordpress\/segunda\/wp-json\/wp\/v2\/comments?post=260602"}],"version-history":[{"count":0,"href":"https:\/\/www.tucomarca.com\/wordpress\/segunda\/wp-json\/wp\/v2\/posts\/260602\/revisions"}],"wp:featuredmedia":[{"embeddable":true,"href":"https:\/\/www.tucomarca.com\/wordpress\/segunda\/wp-json\/wp\/v2\/media\/260607"}],"wp:attachment":[{"href":"https:\/\/www.tucomarca.com\/wordpress\/segunda\/wp-json\/wp\/v2\/media?parent=260602"}],"wp:term":[{"taxonomy":"category","embeddable":true,"href":"https:\/\/www.tucomarca.com\/wordpress\/segunda\/wp-json\/wp\/v2\/categories?post=260602"},{"taxonomy":"post_tag","embeddable":true,"href":"https:\/\/www.tucomarca.com\/wordpress\/segunda\/wp-json\/wp\/v2\/tags?post=260602"}],"curies":[{"name":"wp","href":"https:\/\/api.w.org\/{rel}","templated":true}]}}