{"id":260625,"date":"2025-04-04T12:02:00","date_gmt":"2025-04-04T10:02:00","guid":{"rendered":"https:\/\/www.tucomarca.com\/wordpress\/segunda\/?p=260625"},"modified":"2025-04-07T12:30:52","modified_gmt":"2025-04-07T10:30:52","slug":"exito-del-segundo-curso-en-patologia-de-hombro-celebrado-en-el-hospital-de-manises","status":"publish","type":"post","link":"https:\/\/www.tucomarca.com\/wordpress\/segunda\/exito-del-segundo-curso-en-patologia-de-hombro-celebrado-en-el-hospital-de-manises\/","title":{"rendered":"\u00c9xito del segundo curso en patolog\u00eda de hombro celebrado en el Hospital de Manises"},"content":{"rendered":"\n<h3 class=\"wp-block-heading\">El curso cuenta con el aval de la Sociedad Espa\u00f1ola de Cirug\u00eda de Hombro y Codo.<\/h3>\n\n\n\n<p>El Hospital de Manises acogi\u00f3 el pasado viernes la segunda edici\u00f3n del Curso en Patolog\u00eda de Hombro, dirigido por el Dr. Pablo Ca\u00f1ete, consolid\u00e1ndose como un referente en formaci\u00f3n avanzada para especialistas en traumatolog\u00eda. El curso est\u00e1 auspiciado de la Sociedad Espa\u00f1ola de Cirug\u00eda de Hombro y Codo.<\/p>\n\n\n\n<p>El evento cont\u00f3 con la retransmisi\u00f3n en directo de cirug\u00edas de casos complejos de pr\u00f3tesis de hombro con defectos \u00f3seos, incluyendo el uso de implantes con aumentos met\u00e1licos y otras t\u00e9cnicas avanzadas. La retransmisi\u00f3n se realiz\u00f3 desde el Hospital de Manises al Hospital Virtual de la Universidad Cat\u00f3lica de Valencia, permitiendo la interacci\u00f3n en tiempo real de los asistentes con los cirujanos.<\/p>\n\n\n\n<p>Entre los participantes se encontraban traumat\u00f3logos y especialistas en cirug\u00eda de hombro de los principales hospitales de la provincia de Valencia, como el Hospital General, La Fe, Hospital Peset, Sagunto y X\u00e0tiva, as\u00ed como m\u00e9dicos de otras ciudades como Madrid y Valladolid. Adem\u00e1s, el curso cont\u00f3 con la destacada participaci\u00f3n de expertos como la Dra. Prosper, el Dr. Claret (Tarragona) y el propio Dr. Ca\u00f1ete, quienes compartieron su experiencia y conocimientos con los asistentes.<\/p>\n\n\n\n<p>Como parte del programa, los especialistas pudieron realizar pr\u00e1cticas en cad\u00e1ver, lo que les permiti\u00f3 perfeccionar t\u00e9cnicas innovadoras en la colocaci\u00f3n de pr\u00f3tesis de hombro en un entorno altamente formativo.<\/p>\n\n\n\n<p>El curso fue valorado como un gran \u00e9xito tanto por los asistentes como por los ponentes, quienes destacaron el alto nivel cient\u00edfico del evento y la importancia de este tipo de encuentros para la actualizaci\u00f3n de conocimientos en cirug\u00eda de hombro.<\/p>\n\n\n\n<p>La Unidad de Hombro del Hospital de Manises ha sido recientemente acreditada por su excelencia, por la Sociedad Espa\u00f1ola de Cirug\u00eda de Hombro y Codo consolidando su papel como referente nacional en este \u00e1mbito.<\/p>\n\n\n\n<p>El Departamento de Salud de Manises da cobertura y asistencia sanitaria, tanto ambulatoria como domiciliaria a 208.974 personas de 14 localidades a trav\u00e9s del Hospital de Manises, 9 centros de salud, 11 consultorios auxiliares, 2 centros de especialidades, 1 centro de salud integrado, el Hospital de Agudos de Manises y el Hospital de Cr\u00f3nicos de Mislata.<\/p>\n","protected":false},"excerpt":{"rendered":"<div class=\"mh-excerpt\">El curso cuenta con el aval de la Sociedad Espa\u00f1ola de Cirug\u00eda de Hombro y Codo. El Hospital de Manises acogi\u00f3 el pasado viernes la segunda edici\u00f3n del Curso en Patolog\u00eda de Hombro, dirigido por <a class=\"mh-excerpt-more\" href=\"https:\/\/www.tucomarca.com\/wordpress\/segunda\/exito-del-segundo-curso-en-patologia-de-hombro-celebrado-en-el-hospital-de-manises\/\" title=\"\u00c9xito del segundo curso en patolog\u00eda de hombro celebrado en el Hospital de Manises\">[+] <\/a><\/div>\n","protected":false},"author":12,"featured_media":260871,"comment_status":"open","ping_status":"open","sticky":false,"template":"","format":"standard","meta":{"footnotes":""},"categories":[46,119,128,8,10,3],"tags":[11478,136],"class_list":{"0":"post-260625","1":"post","2":"type-post","3":"status-publish","4":"format-standard","5":"has-post-thumbnail","7":"category-camp-de-turia","8":"category-sanidad-la-comarca","9":"category-infraestructuras","10":"category-la-comarca","11":"category-la-hoya","12":"category-seccion","13":"tag-departamento-de-salud-de-manises","14":"tag-hospital-de-manises"},"_links":{"self":[{"href":"https:\/\/www.tucomarca.com\/wordpress\/segunda\/wp-json\/wp\/v2\/posts\/260625","targetHints":{"allow":["GET"]}}],"collection":[{"href":"https:\/\/www.tucomarca.com\/wordpress\/segunda\/wp-json\/wp\/v2\/posts"}],"about":[{"href":"https:\/\/www.tucomarca.com\/wordpress\/segunda\/wp-json\/wp\/v2\/types\/post"}],"author":[{"embeddable":true,"href":"https:\/\/www.tucomarca.com\/wordpress\/segunda\/wp-json\/wp\/v2\/users\/12"}],"replies":[{"embeddable":true,"href":"https:\/\/www.tucomarca.com\/wordpress\/segunda\/wp-json\/wp\/v2\/comments?post=260625"}],"version-history":[{"count":0,"href":"https:\/\/www.tucomarca.com\/wordpress\/segunda\/wp-json\/wp\/v2\/posts\/260625\/revisions"}],"wp:featuredmedia":[{"embeddable":true,"href":"https:\/\/www.tucomarca.com\/wordpress\/segunda\/wp-json\/wp\/v2\/media\/260871"}],"wp:attachment":[{"href":"https:\/\/www.tucomarca.com\/wordpress\/segunda\/wp-json\/wp\/v2\/media?parent=260625"}],"wp:term":[{"taxonomy":"category","embeddable":true,"href":"https:\/\/www.tucomarca.com\/wordpress\/segunda\/wp-json\/wp\/v2\/categories?post=260625"},{"taxonomy":"post_tag","embeddable":true,"href":"https:\/\/www.tucomarca.com\/wordpress\/segunda\/wp-json\/wp\/v2\/tags?post=260625"}],"curies":[{"name":"wp","href":"https:\/\/api.w.org\/{rel}","templated":true}]}}