{"id":260639,"date":"2025-04-04T13:20:00","date_gmt":"2025-04-04T11:20:00","guid":{"rendered":"https:\/\/www.tucomarca.com\/wordpress\/segunda\/?p=260639"},"modified":"2025-04-04T19:59:10","modified_gmt":"2025-04-04T17:59:10","slug":"video-albaes-fallas-turis-2025-presidentes-y-falleras-mayores-de-la-falla-placeta-del-marques","status":"publish","type":"post","link":"https:\/\/www.tucomarca.com\/wordpress\/segunda\/video-albaes-fallas-turis-2025-presidentes-y-falleras-mayores-de-la-falla-placeta-del-marques\/","title":{"rendered":"Video: Albaes Fallas Tur\u00eds 2025. Presidentes y Falleras Mayores de la Falla Placeta del Marqu\u00e9s"},"content":{"rendered":"\n<figure class=\"wp-block-embed is-type-video is-provider-youtube wp-block-embed-youtube wp-embed-aspect-16-9 wp-has-aspect-ratio\"><div class=\"wp-block-embed__wrapper\">\n<iframe loading=\"lazy\" title=\"V\u00eddeo: Albaes Falles Tur\u00eds 2025. Presidents i Falleres Majors Falla Placeta del Marqu\u00e9s\" width=\"500\" height=\"281\" src=\"https:\/\/www.youtube.com\/embed\/ECbu0KPW15E?feature=oembed\" frameborder=\"0\" allow=\"accelerometer; autoplay; clipboard-write; encrypted-media; gyroscope; picture-in-picture; web-share\" referrerpolicy=\"strict-origin-when-cross-origin\" allowfullscreen><\/iframe>\n<\/div><\/figure>\n\n\n\n<p>V\u00eddeograbaci\u00f3n a cargo de <strong>tucomarca televisi\u00f3n<\/strong> de la tradicional noche de albaes de las Fallas de Tur\u00eds 2025 a la Comisi\u00f3n Placeta del Marqu\u00e9s a cargo del grupo de Cant Valenci\u00e0 del Puig de Santa Maria.<\/p>\n","protected":false},"excerpt":{"rendered":"<div class=\"mh-excerpt\">V\u00eddeograbaci\u00f3n a cargo de tucomarca televisi\u00f3n de la tradicional noche de albaes de las Fallas de Tur\u00eds 2025 a la Comisi\u00f3n Placeta del Marqu\u00e9s a cargo del grupo de Cant Valenci\u00e0 del Puig de Santa <a class=\"mh-excerpt-more\" href=\"https:\/\/www.tucomarca.com\/wordpress\/segunda\/video-albaes-fallas-turis-2025-presidentes-y-falleras-mayores-de-la-falla-placeta-del-marques\/\" title=\"Video: Albaes Fallas Tur\u00eds 2025. Presidentes y Falleras Mayores de la Falla Placeta del Marqu\u00e9s\">[+] <\/a><\/div>\n","protected":false},"author":1,"featured_media":260640,"comment_status":"open","ping_status":"open","sticky":false,"template":"","format":"video","meta":{"footnotes":""},"categories":[66,8,72,42,5,7,383,3,43,45,26],"tags":[10466,11539,3640,10394],"class_list":{"0":"post-260639","1":"post","2":"type-post","3":"status-publish","4":"format-video","5":"has-post-thumbnail","7":"category-musica","8":"category-la-comarca","9":"category-sin-categorizar","10":"category-la-ribera","11":"category-la-semana-en-imagenes","12":"category-ocio-y-cultura","13":"category-pueblos-en-fiestas","14":"category-seccion","15":"category-turis","16":"category-ventana","17":"category-video","18":"tag-albaes","19":"tag-cant-dalbaes-2","20":"tag-la-ribera-alta","21":"tag-turis","22":"post_format-post-format-video"},"_links":{"self":[{"href":"https:\/\/www.tucomarca.com\/wordpress\/segunda\/wp-json\/wp\/v2\/posts\/260639","targetHints":{"allow":["GET"]}}],"collection":[{"href":"https:\/\/www.tucomarca.com\/wordpress\/segunda\/wp-json\/wp\/v2\/posts"}],"about":[{"href":"https:\/\/www.tucomarca.com\/wordpress\/segunda\/wp-json\/wp\/v2\/types\/post"}],"author":[{"embeddable":true,"href":"https:\/\/www.tucomarca.com\/wordpress\/segunda\/wp-json\/wp\/v2\/users\/1"}],"replies":[{"embeddable":true,"href":"https:\/\/www.tucomarca.com\/wordpress\/segunda\/wp-json\/wp\/v2\/comments?post=260639"}],"version-history":[{"count":0,"href":"https:\/\/www.tucomarca.com\/wordpress\/segunda\/wp-json\/wp\/v2\/posts\/260639\/revisions"}],"wp:featuredmedia":[{"embeddable":true,"href":"https:\/\/www.tucomarca.com\/wordpress\/segunda\/wp-json\/wp\/v2\/media\/260640"}],"wp:attachment":[{"href":"https:\/\/www.tucomarca.com\/wordpress\/segunda\/wp-json\/wp\/v2\/media?parent=260639"}],"wp:term":[{"taxonomy":"category","embeddable":true,"href":"https:\/\/www.tucomarca.com\/wordpress\/segunda\/wp-json\/wp\/v2\/categories?post=260639"},{"taxonomy":"post_tag","embeddable":true,"href":"https:\/\/www.tucomarca.com\/wordpress\/segunda\/wp-json\/wp\/v2\/tags?post=260639"}],"curies":[{"name":"wp","href":"https:\/\/api.w.org\/{rel}","templated":true}]}}