{"id":260716,"date":"2025-04-05T10:15:00","date_gmt":"2025-04-05T08:15:00","guid":{"rendered":"https:\/\/www.tucomarca.com\/wordpress\/segunda\/?p=260716"},"modified":"2025-04-05T19:34:32","modified_gmt":"2025-04-05T17:34:32","slug":"la-diputacio-de-valencia-convoca-el-concurso-de-videos-cortos-implicat","status":"publish","type":"post","link":"https:\/\/www.tucomarca.com\/wordpress\/segunda\/la-diputacio-de-valencia-convoca-el-concurso-de-videos-cortos-implicat\/","title":{"rendered":"La Diputaci\u00f3 de Val\u00e8ncia convoca el concurso de v\u00eddeos cortos \u2018Implica\u2019t\u2019"},"content":{"rendered":"\n<h3 class=\"wp-block-heading\">El plazo para la presentaci\u00f3n de solicitudes a esta iniciativa, que pretende dar apoyo a la creaci\u00f3n joven y al desarrollo de lenguajes art\u00edsticos y creativos, finaliza el 15 de septiembre.<\/h3>\n\n\n\n<p>La Diputaci\u00f3 de Val\u00e8ncia ha convocado una serie de premios a los mejores v\u00eddeos cortos que visibilicen y potencien los derechos de la juventud y que puedan ser difundidos a trav\u00e9s de p\u00e1ginas web y redes sociales con el objetivo de apoyar la creaci\u00f3n joven y el desarrollo de lenguajes art\u00edsticos y creativos. La convocatoria, publicada en el BOP el pasado lunes 31 de marzo, abre el plazo para poder presentar los proyectos, los cuales deben tener una duraci\u00f3n de entre 90 y 180 segundos.&nbsp;<\/p>\n\n\n\n<p>El plazo de presentaci\u00f3n de solicitudes a esta convocatoria, dirigida a personas de entre 16 y 35 a\u00f1os, finalizael d\u00eda 15 de septiembre. La solicitud debe realizarse con un m\u00e1ximo de dos v\u00eddeos y la autor\u00eda de estos tendr\u00e1 que estar formada por un m\u00e1ximo de cinco personas cuando se trate de un v\u00eddeo colectivo. El texto completo de la publicaci\u00f3n se puede consultar en el Bolet\u00edn Oficial de la Provincia: <a href=\"https:\/\/bop.dival.es\/bop\/downloads?anuncioCSV=BOPV-2025\/03383&amp;lang=es\">https:\/\/bop.dival.es\/bop\/downloads?anuncioCSV=BOPV-2025\/03383&amp;lang=es<\/a><\/p>\n\n\n\n<p>Las solicitudes, dirigidas al presidente de la Diputaci\u00f3n, se presentar\u00e1n en la Sede Electr\u00f3nica de la Diputaci\u00f3n de Valencia (www.sede.dival.es),&nbsp;en la carpeta ciudadana. Adem\u00e1s de la solicitud de participaci\u00f3n, se deber\u00e1n remitir por correo electr\u00f3nico a&nbsp;<a href=\"mailto:cultura@dival.es\">cultura@dival.es<\/a>&nbsp;las grabaciones con el nombre de los v\u00eddeos sin ning\u00fan dato personal.&nbsp;<\/p>\n\n\n\n<p>Se conceder\u00e1n seis premios con una dotaci\u00f3n econ\u00f3mica de 1.000 euros cada uno: \u2018Premio H\u00e1bitos de vida saludables\u2019, \u2018Apoyo a la creaci\u00f3n joven y al desarrollo de lenguajes art\u00edsticos y creativos\u2019, \u2018Consumo responsable\u2019, La juventud en el \u00e1mbito rural y respeto al medio ambiente\u2019, \u2018Lucha contra todo tipo de violencias\u2019, y \u2018Fomento del valenciano y de la cultura valenciana\u2019.<\/p>\n\n\n\n<p>Para valorar el impacto social y cultural que cada uno de los v\u00eddeos pueda tener, el jurado tendr\u00e1 en cuenta, entre otros aspectos, el contenido did\u00e1ctico y potencialidad para formar o sensibilizar, as\u00ed como la originalidad y talento creativo, la calidad del guion, calidad de la interpretaci\u00f3n, de la direcci\u00f3n y calidad t\u00e9cnica (fotograf\u00eda, sonido, edici\u00f3n, etc.).<\/p>\n","protected":false},"excerpt":{"rendered":"<div class=\"mh-excerpt\">El plazo para la presentaci\u00f3n de solicitudes a esta iniciativa, que pretende dar apoyo a la creaci\u00f3n joven y al desarrollo de lenguajes art\u00edsticos y creativos, finaliza el 15 de septiembre. La Diputaci\u00f3 de Val\u00e8ncia <a class=\"mh-excerpt-more\" href=\"https:\/\/www.tucomarca.com\/wordpress\/segunda\/la-diputacio-de-valencia-convoca-el-concurso-de-videos-cortos-implicat\/\" title=\"La Diputaci\u00f3 de Val\u00e8ncia convoca el concurso de v\u00eddeos cortos \u2018Implica\u2019t\u2019\">[+] <\/a><\/div>\n","protected":false},"author":12,"featured_media":260718,"comment_status":"open","ping_status":"open","sticky":false,"template":"","format":"standard","meta":{"footnotes":""},"categories":[4,8,72,7,142,3],"tags":[22121,3677],"class_list":{"0":"post-260716","1":"post","2":"type-post","3":"status-publish","4":"format-standard","5":"has-post-thumbnail","7":"category-agenda","8":"category-la-comarca","9":"category-sin-categorizar","10":"category-ocio-y-cultura","11":"category-politica-la-comarca","12":"category-seccion","13":"tag-concurso-de-videos-cortos-implicat","14":"tag-diputacio-de-valencia"},"_links":{"self":[{"href":"https:\/\/www.tucomarca.com\/wordpress\/segunda\/wp-json\/wp\/v2\/posts\/260716","targetHints":{"allow":["GET"]}}],"collection":[{"href":"https:\/\/www.tucomarca.com\/wordpress\/segunda\/wp-json\/wp\/v2\/posts"}],"about":[{"href":"https:\/\/www.tucomarca.com\/wordpress\/segunda\/wp-json\/wp\/v2\/types\/post"}],"author":[{"embeddable":true,"href":"https:\/\/www.tucomarca.com\/wordpress\/segunda\/wp-json\/wp\/v2\/users\/12"}],"replies":[{"embeddable":true,"href":"https:\/\/www.tucomarca.com\/wordpress\/segunda\/wp-json\/wp\/v2\/comments?post=260716"}],"version-history":[{"count":0,"href":"https:\/\/www.tucomarca.com\/wordpress\/segunda\/wp-json\/wp\/v2\/posts\/260716\/revisions"}],"wp:featuredmedia":[{"embeddable":true,"href":"https:\/\/www.tucomarca.com\/wordpress\/segunda\/wp-json\/wp\/v2\/media\/260718"}],"wp:attachment":[{"href":"https:\/\/www.tucomarca.com\/wordpress\/segunda\/wp-json\/wp\/v2\/media?parent=260716"}],"wp:term":[{"taxonomy":"category","embeddable":true,"href":"https:\/\/www.tucomarca.com\/wordpress\/segunda\/wp-json\/wp\/v2\/categories?post=260716"},{"taxonomy":"post_tag","embeddable":true,"href":"https:\/\/www.tucomarca.com\/wordpress\/segunda\/wp-json\/wp\/v2\/tags?post=260716"}],"curies":[{"name":"wp","href":"https:\/\/api.w.org\/{rel}","templated":true}]}}