{"id":26083,"date":"2014-04-24T22:21:59","date_gmt":"2014-04-24T19:21:59","guid":{"rendered":"http:\/\/www.tucomarca.com\/wordpress\/segunda\/?p=26083"},"modified":"2014-04-24T22:21:59","modified_gmt":"2014-04-24T19:21:59","slug":"la-directora-de-atencion-al-paciente-asiste-al-acto-de-entrega-de-las-certificaciones-iso-obtenidas-por-el-hospital-de-manises","status":"publish","type":"post","link":"https:\/\/www.tucomarca.com\/wordpress\/segunda\/la-directora-de-atencion-al-paciente-asiste-al-acto-de-entrega-de-las-certificaciones-iso-obtenidas-por-el-hospital-de-manises\/","title":{"rendered":"La directora de Atenci\u00f3n al Paciente asiste al acto de entrega de las certificaciones ISO obtenidas por el Hospital de Manises"},"content":{"rendered":"<figure id=\"attachment_26084\" aria-describedby=\"caption-attachment-26084\" style=\"width: 300px\" class=\"wp-caption alignleft\"><a href=\"https:\/\/www.tucomarca.com\/wordpress\/segunda\/wp-content\/uploads\/2014\/04\/DSC_4394.jpg\"><img loading=\"lazy\" decoding=\"async\" class=\"size-medium wp-image-26084\" title=\"DSC_4394\" src=\"https:\/\/www.tucomarca.com\/wordpress\/segunda\/wp-content\/uploads\/2014\/04\/DSC_4394-300x200.jpg\" alt=\"Un momento del acto desarrollado en el Hospital de Manises.\" width=\"300\" height=\"200\" srcset=\"https:\/\/www.tucomarca.com\/wordpress\/segunda\/wp-content\/uploads\/2014\/04\/DSC_4394-300x200.jpg 300w, https:\/\/www.tucomarca.com\/wordpress\/segunda\/wp-content\/uploads\/2014\/04\/DSC_4394-1024x685.jpg 1024w\" sizes=\"auto, (max-width: 300px) 100vw, 300px\" \/><\/a><figcaption id=\"caption-attachment-26084\" class=\"wp-caption-text\">Un momento del acto desarrollado en el Hospital de Manises.<\/figcaption><\/figure>\n<p>La directora general de Ordenaci\u00f3n, Evaluaci\u00f3n, Investigaci\u00f3n, Calidad y Atenci\u00f3n al Paciente, Teresa de Rojas, ha recordado hoy que \u201cla Conselleria de Sanitat, consciente de la importancia de la implantaci\u00f3n de sistemas de gesti\u00f3n de la calidad como garant\u00eda de calidad y seguridad de la asistencia sanitaria que presta a sus pacientes, tiene entre sus l\u00edneas estrat\u00e9gicas el reconocimiento y el apoyo a la la obtenci\u00f3n de acreditaciones o certificaciones de gesti\u00f3n de la calidad reconocidos a nivel internacional para centros, servicios y establecimientos sanitarios\u201d, seg\u00fan ha dicho.<\/p>\n<p>De Rojas ha hecho estas declaraciones en el acto de entrega de las certificaciones ISO otorgadas\u00a0 al Hospital de Manises por dos procesos estrat\u00e9gicos, el Proceso de Urgencias de Adultos y el Proceso de Hospitalizaci\u00f3n, \u201cen un claro compromiso adquirido con los ciudadanos a los que se atiende en este hospital, que ha conseguido implantar una cultura de calidad y mejora de la atenci\u00f3n al paciente\u201d. El centro ha recibido adem\u00e1s la certificaci\u00f3n ISO 14001:2004 por la implantaci\u00f3n de un sistema de gesti\u00f3n mediambiental, un certificado que ha permitido identificar el impacto medioambiental de toda la actividad del centro y minimizarlo, con el cuidado continuo al medioambiente que esto supone.<\/p>\n<p>\u201cEs uno de nuestros objetivos mantenir una pol\u00edtica de calidad y excelencia avalada por la consecuci\u00f3n de certificaciones Internacionales que nos permitan ser un hospital que trabaja con los m\u00e1ximos est\u00e1ndares de calidad, ha se\u00f1alado Vicente Gil, gerente del Hospital de Manises en el acto de entrega.<\/p>\n<p>La directora de Atenci\u00f3n al Paciente ha destacado tambi\u00e9n la labor de la direcci\u00f3n y los profesionales del Hospital de Manises, por su empe\u00f1o en ofrecer una atenci\u00f3n sanitaria \u201c segura, efectiva, eficiente y sostenible\u201d.<\/p>\n<p>\u201cSe trata de asegurar una atenci\u00f3n sanitaria excelente, centrada en el paciente, con el liderazgo de la direcci\u00f3n, y con la participaci\u00f3n y la implicaci\u00f3n de los profesionales en la mejora continua, lo que mejora la motivaci\u00f3n del personal, permite reduir costes, aumentar la competitividad y la satisfacci\u00f3n y la fidelidad del paciente\u201d, ha se\u00f1alado.<\/p>\n<p><strong>Mejora de la imagen del Servicio<\/strong><\/p>\n<p>Con la obtenci\u00f3n de la Certificaci\u00f3n ISO 9001:2008 la organizaci\u00f3n mejora su imagen del servicio que ofrece al ciudadano, genera confianza, aumenta la satisfacci\u00f3n de los pacientes, sirve como medio para mantener y mejorar la eficacia y la adecuaci\u00f3n del sistema de gesti\u00f3n de calidad al poner de manifiesto los puntos de mejora, cimenta las bases de la gesti\u00f3n de calidad y estimula a la empresa para entrar en un proceso de mejora continua y aumenta la motivaci\u00f3n y participaci\u00f3n del personal, as\u00ed como la mejora de la gesti\u00f3n de los recursos.<\/p>\n","protected":false},"excerpt":{"rendered":"<div class=\"mh-excerpt\">La directora general de Ordenaci\u00f3n, Evaluaci\u00f3n, Investigaci\u00f3n, Calidad y Atenci\u00f3n al Paciente, Teresa de Rojas, ha recordado hoy que \u201cla Conselleria de Sanitat, consciente de la importancia de la implantaci\u00f3n de sistemas de gesti\u00f3n de <a class=\"mh-excerpt-more\" href=\"https:\/\/www.tucomarca.com\/wordpress\/segunda\/la-directora-de-atencion-al-paciente-asiste-al-acto-de-entrega-de-las-certificaciones-iso-obtenidas-por-el-hospital-de-manises\/\" title=\"La directora de Atenci\u00f3n al Paciente asiste al acto de entrega de las certificaciones ISO obtenidas por el Hospital de Manises\">[+] <\/a><\/div>\n","protected":false},"author":1,"featured_media":26084,"comment_status":"open","ping_status":"open","sticky":false,"template":"","format":"standard","meta":{"footnotes":""},"categories":[119,8,72,10,3,45],"tags":[],"class_list":{"0":"post-26083","1":"post","2":"type-post","3":"status-publish","4":"format-standard","5":"has-post-thumbnail","7":"category-sanidad-la-comarca","8":"category-la-comarca","9":"category-sin-categorizar","10":"category-la-hoya","11":"category-seccion","12":"category-ventana"},"_links":{"self":[{"href":"https:\/\/www.tucomarca.com\/wordpress\/segunda\/wp-json\/wp\/v2\/posts\/26083","targetHints":{"allow":["GET"]}}],"collection":[{"href":"https:\/\/www.tucomarca.com\/wordpress\/segunda\/wp-json\/wp\/v2\/posts"}],"about":[{"href":"https:\/\/www.tucomarca.com\/wordpress\/segunda\/wp-json\/wp\/v2\/types\/post"}],"author":[{"embeddable":true,"href":"https:\/\/www.tucomarca.com\/wordpress\/segunda\/wp-json\/wp\/v2\/users\/1"}],"replies":[{"embeddable":true,"href":"https:\/\/www.tucomarca.com\/wordpress\/segunda\/wp-json\/wp\/v2\/comments?post=26083"}],"version-history":[{"count":0,"href":"https:\/\/www.tucomarca.com\/wordpress\/segunda\/wp-json\/wp\/v2\/posts\/26083\/revisions"}],"wp:featuredmedia":[{"embeddable":true,"href":"https:\/\/www.tucomarca.com\/wordpress\/segunda\/wp-json\/wp\/v2\/media\/26084"}],"wp:attachment":[{"href":"https:\/\/www.tucomarca.com\/wordpress\/segunda\/wp-json\/wp\/v2\/media?parent=26083"}],"wp:term":[{"taxonomy":"category","embeddable":true,"href":"https:\/\/www.tucomarca.com\/wordpress\/segunda\/wp-json\/wp\/v2\/categories?post=26083"},{"taxonomy":"post_tag","embeddable":true,"href":"https:\/\/www.tucomarca.com\/wordpress\/segunda\/wp-json\/wp\/v2\/tags?post=26083"}],"curies":[{"name":"wp","href":"https:\/\/api.w.org\/{rel}","templated":true}]}}