{"id":26086,"date":"2014-04-24T22:19:41","date_gmt":"2014-04-24T19:19:41","guid":{"rendered":"http:\/\/www.tucomarca.com\/wordpress\/segunda\/?p=26086"},"modified":"2014-04-24T22:19:41","modified_gmt":"2014-04-24T19:19:41","slug":"catadau-favara-rotova-y-quart-de-poblet-mejoran-infraestructuras-locales","status":"publish","type":"post","link":"https:\/\/www.tucomarca.com\/wordpress\/segunda\/catadau-favara-rotova-y-quart-de-poblet-mejoran-infraestructuras-locales\/","title":{"rendered":"Catadau, Favara, R\u00f3tova y Quart de Poblet mejoran infraestructuras locales"},"content":{"rendered":"<p>El presidente de la Diputaci\u00f3n de Valencia, Alfonso Rus, ha firmado esta ma\u00f1ana en su despacho cuatro convenios de colaboraci\u00f3n con los responsables municipales de<strong>Catadau, Favara, R\u00f3tova y Quart de Poblet<\/strong> con los cuales se subvencionan proyectos de recuperaci\u00f3n y mejora de sus infraestructuras locales.<\/p>\n<p><strong>Favara<\/strong> finalizar\u00e1 la construcci\u00f3n del trinquete municipal de 9,75 metros de ancho y 56 de largo que se ubicar\u00e1 al lado del colegio municipal. \u201cEl principal objetivo es dar respuesta a una necesidad. En nuestro municipio siempre se ha practicado el raspall pero desde hace diez a\u00f1os no disponemos de un lugar para poder hacerlo\u201d, ha apuntado el alcalde, Pedro J. Victoria.<\/p>\n<p>Asimismo, el alcalde ha informado de que esta actuaci\u00f3n es de las \u00faltimas a desarrollar dentro del Plan de Actividades Deportivas, y ha recordado que con la ayuda de la Diputaci\u00f3n de Valencia \u201cse han construido las pistas de p\u00e1del, el gimnasio y los accesos al pabell\u00f3n\u201d. En este sentido, Victoria ha agradecido las ayudas a la Diputaci\u00f3n de Valencia que \u201cservir\u00e1n para desarrollar una infraestructura que podr\u00e1 ser utilizada por los alumnos de la escuela y tambi\u00e9n por j\u00f3venes y mayores\u201d.<\/p>\n<p>\u201cIntentamos crear un escuela de pilota para que los m\u00e1s peque\u00f1os conozcan este deporte con una pista donde se podr\u00e1n organizar partidas profesionales\u201d, ha finalizado.<\/p>\n<p>Por otro lado, el responsable municipal de\u00a0<strong>R\u00f3tova<\/strong>, Antonio Garc\u00eda, ha informado tras la firma del acuerdo con el presidente Rus que la subvenci\u00f3n servir\u00e1 para construir dos pistas de p\u00e1del en la zona deportiva del pol\u00edgono industrial: \u201cEn la poblaci\u00f3n hay una demanda por parte de los deportistas y la gente joven que reivindica dos pistas de estas caracter\u00edsticas. Acudimos a la Diputaci\u00f3n de Valencia y el presidente Rus mostr\u00f3 mucho inter\u00e9s y gracias a la corporaci\u00f3n provincial hemos podido desarrollar este proyecto\u201d.<\/p>\n<p>Asimismo, el alcalde ha informado de que \u201ctambi\u00e9n se construir\u00e1n vestuarios y un peque\u00f1o bar para los usuarios de las pistas\u201d.<\/p>\n<p>Concretamente, \u201clas obras completar\u00e1n la zona deportiva de la localidad que ya dispone de canchas de futbito y de basket, y se iniciar\u00e1n lo antes posible\u201d, seg\u00fan apunta el alcalde.<\/p>\n<p>Por otro lado,\u00a0<strong>Quart de Poblet <\/strong>adquirir\u00e1 mobiliario para el Centro de d\u00eda y Residencia para mayores, seg\u00fan ha explicado la alcaldesa, M\u00aa Carmen Mart\u00ednez, quien ha destacado que se trata de una infraestructura de m\u00e1s de 2.000 metros cuadrados que dispone de un m\u00f3dulo residencial para personas mayores con 40 plazas, otro para mayores con discapacidad con un total de 25 plazas y un centro de d\u00eda para personas discapacitadas de unas 25 plazas.<\/p>\n<p>Por otro lado, la alcaldesa ha comentado que esta actuaci\u00f3n beneficiar\u00e1 a quienes m\u00e1s lo necesitan.<\/p>\n<p>Por \u00faltimo, el alcalde de\u00a0<strong>Catadau<\/strong>, Pedro Juan Bisbal, ha explicado que la Diputaci\u00f3n de Valencia subvenciona con este convenio la remodelaci\u00f3n de la casa consistorial, \u201cque se construy\u00f3 en 1970 y tiene muchas carencias de accesibilidad\u201d.<\/p>\n<p>Concretamente, \u201clas obras consistir\u00e1n en cambiar ventanales, iluminaci\u00f3n, instalaciones t\u00e9cnicas de aire acondicionado y dotarlo de un sal\u00f3n de pleno ya que en la reforma anterior se elimin\u00f3\u201d.<\/p>\n<p>En este sentido, ha apuntado que en la primera fase de la actuaci\u00f3n se remodel\u00f3 la planta baja y se eliminaron las barreras arquitect\u00f3nicas. \u201cEstamos dot\u00e1ndolo de un ascensor y pretendemos transformar el inmueble en un edifico funcional para ofrecer un mejor servicio a los vecinos\u201d.<\/p>\n<p>Por \u00faltimo, Bisbal ha adelantado que los departamentos de atenci\u00f3n al ciudadano se trasladar\u00e1n a la planta baja.<\/p>\n<p>&nbsp;<\/p>\n","protected":false},"excerpt":{"rendered":"<div class=\"mh-excerpt\">El presidente de la Diputaci\u00f3n de Valencia, Alfonso Rus, ha firmado esta ma\u00f1ana en su despacho cuatro convenios de colaboraci\u00f3n con los responsables municipales deCatadau, Favara, R\u00f3tova y Quart de Poblet con los cuales se <a class=\"mh-excerpt-more\" href=\"https:\/\/www.tucomarca.com\/wordpress\/segunda\/catadau-favara-rotova-y-quart-de-poblet-mejoran-infraestructuras-locales\/\" title=\"Catadau, Favara, R\u00f3tova y Quart de Poblet mejoran infraestructuras locales\">[+] <\/a><\/div>\n","protected":false},"author":1,"featured_media":0,"comment_status":"open","ping_status":"open","sticky":false,"template":"","format":"standard","meta":{"footnotes":""},"categories":[155,128,8,42,3],"tags":[],"class_list":{"0":"post-26086","1":"post","2":"type-post","3":"status-publish","4":"format-standard","6":"category-catadau","7":"category-infraestructuras","8":"category-la-comarca","9":"category-la-ribera","10":"category-seccion"},"_links":{"self":[{"href":"https:\/\/www.tucomarca.com\/wordpress\/segunda\/wp-json\/wp\/v2\/posts\/26086","targetHints":{"allow":["GET"]}}],"collection":[{"href":"https:\/\/www.tucomarca.com\/wordpress\/segunda\/wp-json\/wp\/v2\/posts"}],"about":[{"href":"https:\/\/www.tucomarca.com\/wordpress\/segunda\/wp-json\/wp\/v2\/types\/post"}],"author":[{"embeddable":true,"href":"https:\/\/www.tucomarca.com\/wordpress\/segunda\/wp-json\/wp\/v2\/users\/1"}],"replies":[{"embeddable":true,"href":"https:\/\/www.tucomarca.com\/wordpress\/segunda\/wp-json\/wp\/v2\/comments?post=26086"}],"version-history":[{"count":0,"href":"https:\/\/www.tucomarca.com\/wordpress\/segunda\/wp-json\/wp\/v2\/posts\/26086\/revisions"}],"wp:attachment":[{"href":"https:\/\/www.tucomarca.com\/wordpress\/segunda\/wp-json\/wp\/v2\/media?parent=26086"}],"wp:term":[{"taxonomy":"category","embeddable":true,"href":"https:\/\/www.tucomarca.com\/wordpress\/segunda\/wp-json\/wp\/v2\/categories?post=26086"},{"taxonomy":"post_tag","embeddable":true,"href":"https:\/\/www.tucomarca.com\/wordpress\/segunda\/wp-json\/wp\/v2\/tags?post=26086"}],"curies":[{"name":"wp","href":"https:\/\/api.w.org\/{rel}","templated":true}]}}