{"id":26088,"date":"2014-04-24T22:22:47","date_gmt":"2014-04-24T19:22:47","guid":{"rendered":"http:\/\/www.tucomarca.com\/wordpress\/segunda\/?p=26088"},"modified":"2014-04-24T22:23:12","modified_gmt":"2014-04-24T19:23:12","slug":"abierta-la-inscripcion-para-el-xiv-gran-fondo-de-la-pobla-de-vallbona","status":"publish","type":"post","link":"https:\/\/www.tucomarca.com\/wordpress\/segunda\/abierta-la-inscripcion-para-el-xiv-gran-fondo-de-la-pobla-de-vallbona\/","title":{"rendered":"Abierta la inscripci\u00f3n para el XIV Gran Fondo de La Pobla de Vallbona"},"content":{"rendered":"<figure id=\"attachment_26089\" aria-describedby=\"caption-attachment-26089\" style=\"width: 300px\" class=\"wp-caption alignleft\"><a href=\"https:\/\/www.tucomarca.com\/wordpress\/segunda\/wp-content\/uploads\/2014\/04\/LaPoblasalida.jpg\"><img loading=\"lazy\" decoding=\"async\" class=\"size-medium wp-image-26089\" title=\"LaPoblasalida\" src=\"https:\/\/www.tucomarca.com\/wordpress\/segunda\/wp-content\/uploads\/2014\/04\/LaPoblasalida-300x199.jpg\" alt=\"Un momento de la salida de la edici\u00f3n pasada.\" width=\"300\" height=\"199\" srcset=\"https:\/\/www.tucomarca.com\/wordpress\/segunda\/wp-content\/uploads\/2014\/04\/LaPoblasalida-300x199.jpg 300w, https:\/\/www.tucomarca.com\/wordpress\/segunda\/wp-content\/uploads\/2014\/04\/LaPoblasalida-1024x680.jpg 1024w\" sizes=\"auto, (max-width: 300px) 100vw, 300px\" \/><\/a><figcaption id=\"caption-attachment-26089\" class=\"wp-caption-text\">Un momento de la salida de la edici\u00f3n pasada.<\/figcaption><\/figure>\n<p>Ya est\u00e1n abiertas las inscripciones para la XIV edici\u00f3n del Gran Fondo de la Pobla de Vallbona. El plazo finaliza el 22 de mayo. La prueba se disputar\u00e1 dos d\u00edas despu\u00e9s, el 24 de mayo.<\/p>\n<p>El Gran Fondo es una carrera ya consolidada en el calendario del atletismo de la provincia. Ser\u00e1 la VII prueba puntuable del Circuito Cajamar de Carreras Populares del Camp de Turia y La Serran\u00eda. Est\u00e1 organizada por el Ayuntamiento de la Pobla de Vallbona y el Club Atletismo de la Pobla de Vallbona con la colaboraci\u00f3n de P\u00edndaro Esports.<\/p>\n<p>La carrera tendr\u00e1 una doble vertiente solidaria. Por una parte con el Banco de Alimentos de Valencia, ya que habr\u00e1 una aportaci\u00f3n de la recaudaci\u00f3n de las inscripciones destinada a esta ONG en su altruista labor social. Por otra, habr\u00e1 un Guardarropa solidario de un euro, a favor de la Asociaci\u00f3n de Familiares de Enfermos de\u00a0 Alzheimer.<\/p>\n<p>El Gran Fondo tiene un recorrido muy atractivo de 15 kil\u00f3metros, que transcurre sobre un trazado mixto de asfalto y tierra, alternando circuito urbano con caminos de huertas y zonas residenciales, y con subidas y bajadas y dureza media-alta.<\/p>\n<p>Hay diferentes categor\u00edas, como Junior-Promesa, Senior y hasta 5 categor\u00edas de veteranos. El a\u00f1o pasado fue todo un \u00e9xito de organizaci\u00f3n, con una asistencia de m\u00e1s de 300 atletas. El Ayuntamiento ofrece m\u00e1s informaci\u00f3n sobre la carrera y las inscripciones en su p\u00e1gina web, \u00a0www.lapobladevallbona.es.<\/p>\n<p>&nbsp;<\/p>\n","protected":false},"excerpt":{"rendered":"<div class=\"mh-excerpt\">Ya est\u00e1n abiertas las inscripciones para la XIV edici\u00f3n del Gran Fondo de la Pobla de Vallbona. El plazo finaliza el 22 de mayo. La prueba se disputar\u00e1 dos d\u00edas despu\u00e9s, el 24 de mayo. <a class=\"mh-excerpt-more\" href=\"https:\/\/www.tucomarca.com\/wordpress\/segunda\/abierta-la-inscripcion-para-el-xiv-gran-fondo-de-la-pobla-de-vallbona\/\" title=\"Abierta la inscripci\u00f3n para el XIV Gran Fondo de La Pobla de Vallbona\">[+] <\/a><\/div>\n","protected":false},"author":1,"featured_media":26089,"comment_status":"open","ping_status":"open","sticky":false,"template":"","format":"standard","meta":{"footnotes":""},"categories":[98,46,6,174,3],"tags":[],"class_list":{"0":"post-26088","1":"post","2":"type-post","3":"status-publish","4":"format-standard","5":"has-post-thumbnail","7":"category-atletismo","8":"category-camp-de-turia","9":"category-deportes","10":"category-la-pobla","11":"category-seccion"},"_links":{"self":[{"href":"https:\/\/www.tucomarca.com\/wordpress\/segunda\/wp-json\/wp\/v2\/posts\/26088","targetHints":{"allow":["GET"]}}],"collection":[{"href":"https:\/\/www.tucomarca.com\/wordpress\/segunda\/wp-json\/wp\/v2\/posts"}],"about":[{"href":"https:\/\/www.tucomarca.com\/wordpress\/segunda\/wp-json\/wp\/v2\/types\/post"}],"author":[{"embeddable":true,"href":"https:\/\/www.tucomarca.com\/wordpress\/segunda\/wp-json\/wp\/v2\/users\/1"}],"replies":[{"embeddable":true,"href":"https:\/\/www.tucomarca.com\/wordpress\/segunda\/wp-json\/wp\/v2\/comments?post=26088"}],"version-history":[{"count":0,"href":"https:\/\/www.tucomarca.com\/wordpress\/segunda\/wp-json\/wp\/v2\/posts\/26088\/revisions"}],"wp:featuredmedia":[{"embeddable":true,"href":"https:\/\/www.tucomarca.com\/wordpress\/segunda\/wp-json\/wp\/v2\/media\/26089"}],"wp:attachment":[{"href":"https:\/\/www.tucomarca.com\/wordpress\/segunda\/wp-json\/wp\/v2\/media?parent=26088"}],"wp:term":[{"taxonomy":"category","embeddable":true,"href":"https:\/\/www.tucomarca.com\/wordpress\/segunda\/wp-json\/wp\/v2\/categories?post=26088"},{"taxonomy":"post_tag","embeddable":true,"href":"https:\/\/www.tucomarca.com\/wordpress\/segunda\/wp-json\/wp\/v2\/tags?post=26088"}],"curies":[{"name":"wp","href":"https:\/\/api.w.org\/{rel}","templated":true}]}}