{"id":260900,"date":"2025-04-07T00:40:00","date_gmt":"2025-04-06T22:40:00","guid":{"rendered":"https:\/\/www.tucomarca.com\/wordpress\/segunda\/?p=260900"},"modified":"2025-04-07T21:45:00","modified_gmt":"2025-04-07T19:45:00","slug":"el-centro-de-salud-integrado-de-bunol-impulsa-la-primera-edicion-de-un-programa-educativo-para-mejorar-la-salud-y-el-bienestar-de-la-mujer-en-el-climaterio","status":"publish","type":"post","link":"https:\/\/www.tucomarca.com\/wordpress\/segunda\/el-centro-de-salud-integrado-de-bunol-impulsa-la-primera-edicion-de-un-programa-educativo-para-mejorar-la-salud-y-el-bienestar-de-la-mujer-en-el-climaterio\/","title":{"rendered":"El centro de salud integrado de Bu\u00f1ol impulsa la primera edici\u00f3n de un programa educativo para mejorar la salud y el bienestar de la mujer en el climaterio"},"content":{"rendered":"\n<h3 class=\"wp-block-heading\">El programa, finalista en la III Edici\u00f3n del Certamen a los Mejores Proyectos de Humanizaci\u00f3n de la Fundaci\u00f3n Humans, est\u00e1 dirigido a mujeres mayores de 45 a\u00f1os para mejorar su conocimiento y autocuidado durante esta etapa.<\/h3>\n\n\n\n<h3 class=\"wp-block-heading\">Las sesiones semanales versan sobre temas de nutrici\u00f3n, salud mental, sexualidad, ejercicio f\u00edsico y recursos sociosanitarios, entre otros.<\/h3>\n\n\n\n<p>El centro de salud integrado de Bu\u00f1ol impulsa un programa educativo dentro de su plan de Atenci\u00f3n Comunitaria enfocado a mujeres mayores de 45 a\u00f1os. El proyecto busca mejorar el conocimiento sobre esta fase vital de transici\u00f3n; adem\u00e1s de fomentar el autocuidado y fortalecer las redes de apoyo comunitarias en la zona.<\/p>\n\n\n\n<p>El climaterio representa un periodo de transici\u00f3n significativo en la vida de las mujeres, asociado con cambios biol\u00f3gicos, psicol\u00f3gicos y sociales. Estos cambios, a menudo acompa\u00f1ados de s\u00edntomas molestos como sofocos, insomnio, disminuci\u00f3n de la densidad \u00f3sea y alteraciones emocionales, pueden afectar la calidad de vida.<\/p>\n\n\n\n<p>El programa est\u00e1 liderado por un equipo multidisciplinar del centro de salud integrado de Bu\u00f1ol, centro sanitario de cabecera en la zona de La Hoya. As\u00ed, profesionales de enfermer\u00eda, matronas, fisioterapeutas, personal de trabajo &nbsp;social y salud mental aportan a las participantes habilidades y herramientas para afrontar esta etapa de transici\u00f3n mediante ejercicios y actividades de cohesi\u00f3n grupal.<\/p>\n\n\n\n<p>El programa arranc\u00f3 con 24 mujeres en febrero y, tras el \u00e9xito de participaci\u00f3n, se ha programado una nueva edici\u00f3n para finales del mes de abril. Ser\u00e1 un d\u00eda a la semana en dos horarios: de 16:00 a 17:30 y de 17:30 a 19:00 horas.<\/p>\n\n\n\n<figure class=\"wp-block-gallery has-nested-images columns-2 is-cropped wp-block-gallery-1 is-layout-flex wp-block-gallery-is-layout-flex\">\n<figure class=\"wp-block-image size-large\"><img loading=\"lazy\" decoding=\"async\" width=\"1024\" height=\"502\" data-id=\"260908\" src=\"https:\/\/www.tucomarca.com\/wordpress\/segunda\/wp-content\/uploads\/2025\/04\/ClimaterioBunol_Manises4-1024x502.jpg\" alt=\"\" class=\"wp-image-260908\" srcset=\"https:\/\/www.tucomarca.com\/wordpress\/segunda\/wp-content\/uploads\/2025\/04\/ClimaterioBunol_Manises4-1024x502.jpg 1024w, https:\/\/www.tucomarca.com\/wordpress\/segunda\/wp-content\/uploads\/2025\/04\/ClimaterioBunol_Manises4-300x147.jpg 300w, https:\/\/www.tucomarca.com\/wordpress\/segunda\/wp-content\/uploads\/2025\/04\/ClimaterioBunol_Manises4-768x376.jpg 768w, https:\/\/www.tucomarca.com\/wordpress\/segunda\/wp-content\/uploads\/2025\/04\/ClimaterioBunol_Manises4-1536x753.jpg 1536w, https:\/\/www.tucomarca.com\/wordpress\/segunda\/wp-content\/uploads\/2025\/04\/ClimaterioBunol_Manises4-2048x1004.jpg 2048w\" sizes=\"auto, (max-width: 1024px) 100vw, 1024px\" \/><\/figure>\n\n\n\n<figure class=\"wp-block-image size-large\"><img loading=\"lazy\" decoding=\"async\" width=\"1024\" height=\"609\" data-id=\"260904\" src=\"https:\/\/www.tucomarca.com\/wordpress\/segunda\/wp-content\/uploads\/2025\/04\/ClimaterioBunol_Manises2-1024x609.jpg\" alt=\"\" class=\"wp-image-260904\" srcset=\"https:\/\/www.tucomarca.com\/wordpress\/segunda\/wp-content\/uploads\/2025\/04\/ClimaterioBunol_Manises2-1024x609.jpg 1024w, https:\/\/www.tucomarca.com\/wordpress\/segunda\/wp-content\/uploads\/2025\/04\/ClimaterioBunol_Manises2-300x178.jpg 300w, https:\/\/www.tucomarca.com\/wordpress\/segunda\/wp-content\/uploads\/2025\/04\/ClimaterioBunol_Manises2-768x456.jpg 768w, https:\/\/www.tucomarca.com\/wordpress\/segunda\/wp-content\/uploads\/2025\/04\/ClimaterioBunol_Manises2-1536x913.jpg 1536w, https:\/\/www.tucomarca.com\/wordpress\/segunda\/wp-content\/uploads\/2025\/04\/ClimaterioBunol_Manises2.jpg 1600w\" sizes=\"auto, (max-width: 1024px) 100vw, 1024px\" \/><\/figure>\n\n\n\n<figure class=\"wp-block-image size-large\"><img loading=\"lazy\" decoding=\"async\" width=\"1024\" height=\"614\" data-id=\"260902\" src=\"https:\/\/www.tucomarca.com\/wordpress\/segunda\/wp-content\/uploads\/2025\/04\/ClimaterioBunol_Manises1-1024x614.jpg\" alt=\"\" class=\"wp-image-260902\" srcset=\"https:\/\/www.tucomarca.com\/wordpress\/segunda\/wp-content\/uploads\/2025\/04\/ClimaterioBunol_Manises1-1024x614.jpg 1024w, https:\/\/www.tucomarca.com\/wordpress\/segunda\/wp-content\/uploads\/2025\/04\/ClimaterioBunol_Manises1-300x180.jpg 300w, https:\/\/www.tucomarca.com\/wordpress\/segunda\/wp-content\/uploads\/2025\/04\/ClimaterioBunol_Manises1-768x461.jpg 768w, https:\/\/www.tucomarca.com\/wordpress\/segunda\/wp-content\/uploads\/2025\/04\/ClimaterioBunol_Manises1-1536x922.jpg 1536w, https:\/\/www.tucomarca.com\/wordpress\/segunda\/wp-content\/uploads\/2025\/04\/ClimaterioBunol_Manises1.jpg 1600w\" sizes=\"auto, (max-width: 1024px) 100vw, 1024px\" \/><\/figure>\n<\/figure>\n\n\n\n<p>La iniciativa ha sido finalista en la III Edici\u00f3n del Certamen a los Mejores Proyectos de Humanizaci\u00f3n de la Fundaci\u00f3n Humans que se celebr\u00f3 el pasado 16 de marzo en el Aula Magna de la universidad Pontificia de Comillas en Madrid. El certamen reconoce el desarrollo e implementaci\u00f3n de soluciones<br>humanizadoras ante los retos actuales en salud y entre los galardonados figuran el Hospital Virgen del Roc\u00edo de Sevilla, el Hospital Materno-Infantil Virgen de las Nuevas de Granada, entre otros.<\/p>\n\n\n\n<p>Se present\u00f3 en la categor\u00eda de Proyectos y prioriza la atenci\u00f3n centrada en la persona y la participaci\u00f3n de los profesionales en una atenci\u00f3n sociosanitaria multidisciplinar.<\/p>\n\n\n\n<p>El Departamento de Salud de Manises da cobertura y asistencia sanitaria, tanto ambulatoria como domiciliaria a 208.974 personas de 14 localidades a trav\u00e9s del Hospital de Manises, 9 centros de salud, 11 consultorios auxiliares, 2 centros de especialidades, 1 centro de salud integrado, el Hospital de Agudos de Manises y el Hospital de Cr\u00f3nicos de Mislata.<\/p>\n","protected":false},"excerpt":{"rendered":"<div class=\"mh-excerpt\">El programa, finalista en la III Edici\u00f3n del Certamen a los Mejores Proyectos de Humanizaci\u00f3n de la Fundaci\u00f3n Humans, est\u00e1 dirigido a mujeres mayores de 45 a\u00f1os para mejorar su conocimiento y autocuidado durante esta <a class=\"mh-excerpt-more\" href=\"https:\/\/www.tucomarca.com\/wordpress\/segunda\/el-centro-de-salud-integrado-de-bunol-impulsa-la-primera-edicion-de-un-programa-educativo-para-mejorar-la-salud-y-el-bienestar-de-la-mujer-en-el-climaterio\/\" title=\"El centro de salud integrado de Bu\u00f1ol impulsa la primera edici\u00f3n de un programa educativo para mejorar la salud y el bienestar de la mujer en el climaterio\">[+] <\/a><\/div>\n","protected":false},"author":12,"featured_media":260906,"comment_status":"open","ping_status":"open","sticky":false,"template":"","format":"gallery","meta":{"footnotes":""},"categories":[18,119,8,10,3],"tags":[10385,136,5952],"class_list":{"0":"post-260900","1":"post","2":"type-post","3":"status-publish","4":"format-gallery","5":"has-post-thumbnail","7":"category-bunol","8":"category-sanidad-la-comarca","9":"category-la-comarca","10":"category-la-hoya","11":"category-seccion","12":"tag-bunol","13":"tag-hospital-de-manises","14":"tag-la-hoya-de-bunol-chiva","15":"post_format-post-format-gallery"},"_links":{"self":[{"href":"https:\/\/www.tucomarca.com\/wordpress\/segunda\/wp-json\/wp\/v2\/posts\/260900","targetHints":{"allow":["GET"]}}],"collection":[{"href":"https:\/\/www.tucomarca.com\/wordpress\/segunda\/wp-json\/wp\/v2\/posts"}],"about":[{"href":"https:\/\/www.tucomarca.com\/wordpress\/segunda\/wp-json\/wp\/v2\/types\/post"}],"author":[{"embeddable":true,"href":"https:\/\/www.tucomarca.com\/wordpress\/segunda\/wp-json\/wp\/v2\/users\/12"}],"replies":[{"embeddable":true,"href":"https:\/\/www.tucomarca.com\/wordpress\/segunda\/wp-json\/wp\/v2\/comments?post=260900"}],"version-history":[{"count":0,"href":"https:\/\/www.tucomarca.com\/wordpress\/segunda\/wp-json\/wp\/v2\/posts\/260900\/revisions"}],"wp:featuredmedia":[{"embeddable":true,"href":"https:\/\/www.tucomarca.com\/wordpress\/segunda\/wp-json\/wp\/v2\/media\/260906"}],"wp:attachment":[{"href":"https:\/\/www.tucomarca.com\/wordpress\/segunda\/wp-json\/wp\/v2\/media?parent=260900"}],"wp:term":[{"taxonomy":"category","embeddable":true,"href":"https:\/\/www.tucomarca.com\/wordpress\/segunda\/wp-json\/wp\/v2\/categories?post=260900"},{"taxonomy":"post_tag","embeddable":true,"href":"https:\/\/www.tucomarca.com\/wordpress\/segunda\/wp-json\/wp\/v2\/tags?post=260900"}],"curies":[{"name":"wp","href":"https:\/\/api.w.org\/{rel}","templated":true}]}}