{"id":26091,"date":"2014-04-24T22:20:58","date_gmt":"2014-04-24T19:20:58","guid":{"rendered":"http:\/\/www.tucomarca.com\/wordpress\/segunda\/?p=26091"},"modified":"2014-04-24T22:20:58","modified_gmt":"2014-04-24T19:20:58","slug":"el-psoe-denuncia-que-el-ayuntamiento-de-la-pobla-pp-anula-38-000-euros-en-multas-de-trafico","status":"publish","type":"post","link":"https:\/\/www.tucomarca.com\/wordpress\/segunda\/el-psoe-denuncia-que-el-ayuntamiento-de-la-pobla-pp-anula-38-000-euros-en-multas-de-trafico\/","title":{"rendered":"El PSOE denuncia que el Ayuntamiento de La Pobla (PP) \u00abanula 38.000 euros en multas de tr\u00e1fico\u00bb"},"content":{"rendered":"<figure id=\"attachment_26092\" aria-describedby=\"caption-attachment-26092\" style=\"width: 194px\" class=\"wp-caption alignleft\"><a href=\"https:\/\/www.tucomarca.com\/wordpress\/segunda\/wp-content\/uploads\/2014\/04\/DSC_0029.jpg\"><img loading=\"lazy\" decoding=\"async\" class=\"size-medium wp-image-26092\" title=\"DSC_0029\" src=\"https:\/\/www.tucomarca.com\/wordpress\/segunda\/wp-content\/uploads\/2014\/04\/DSC_0029-194x300.jpg\" alt=\"Los socialistas han hecho esta denuncia p\u00fablica.\" width=\"194\" height=\"300\" srcset=\"https:\/\/www.tucomarca.com\/wordpress\/segunda\/wp-content\/uploads\/2014\/04\/DSC_0029-194x300.jpg 194w, https:\/\/www.tucomarca.com\/wordpress\/segunda\/wp-content\/uploads\/2014\/04\/DSC_0029-662x1024.jpg 662w, https:\/\/www.tucomarca.com\/wordpress\/segunda\/wp-content\/uploads\/2014\/04\/DSC_0029-1024x1582.jpg 1024w, https:\/\/www.tucomarca.com\/wordpress\/segunda\/wp-content\/uploads\/2014\/04\/DSC_0029.jpg 1861w\" sizes=\"auto, (max-width: 194px) 100vw, 194px\" \/><\/a><figcaption id=\"caption-attachment-26092\" class=\"wp-caption-text\">Los socialistas han hecho esta denuncia p\u00fablica.<\/figcaption><\/figure>\n<p>El PSPV de la Pobla de Vallbona ha denunciado que el ayuntamiento que encabeza la alcaldesa Mari Carmen Contelles, del Partido Popular, \u00abha anulado el cobro de 38.000 euros correspondientes a las multas de tr\u00e1fico y circulaci\u00f3n durante el a\u00f1o 2013 despu\u00e9s de que los conductores interpusieran diversos recursos contra las citadas sanciones econ\u00f3micas\u00bb.<\/p>\n<p>Seg\u00fan los socialistas, \u00abel montante global de las multas impuestas durante el pasado ejercicio ascendi\u00f3 a 145.000 euros de los que hay que descontar los 38.000 euros correspondientes a los recursos de los conductores. Por tanto, el importe que las arcas municipales ingresar\u00e1n es de 107.000 euros. Sin embargo, s\u00f3lo se han ingresado hasta el momento un total de 29.677 euros ya que los restantes 77.000 euros todav\u00eda no se han cobrado\u00bb.<\/p>\n<p>El PSPV ha a\u00f1adido que los 77.000 euros restantes pendientes de cobro por parte del Ayuntamiento de la Pobla \u00abser\u00e1 dif\u00edcil que se ingresen en las arcas p\u00fablicas porque muchas de esas sanciones prescriben a los 6 meses, otros sancionados viven en otros municipios y el consistorio no tiene competencias y el resto de conductores se niegan a pagar; adem\u00e1s, la gesti\u00f3n del equipo de gobierno no es la correcta ya que muchas de las sanciones se han recurrido y se han estimado esas alegaciones, por tanto, el consistorio ha fallado\u00bb.<\/p>\n<p>El grupo socialista considera que la imposici\u00f3n de multas \u00abno son, en absoluto, disuasorias para los infractores si tenemos en cuenta un porcentaje tan escaso de cobro ya que si se alegan con tanta facilidad o bien es porque se han cursado incorrectamente o porque existe una red de compadreo que permite anular estas multas y, por tanto, la autoridad queda en entredicho\u00bb.<\/p>\n<p>El PSPV reclama una mayor innovaci\u00f3n y alternativas \u00aba las multas convencionales ya que se ha comprobado que no cumplen el papel buscado, las medidas coercitivas basadas en la recaudaci\u00f3n son injustas ya que no repercuten a todo el mundo igual seg\u00fan el nivel de renta de cada persona; por todo ello, habr\u00eda que cambiar la legislaci\u00f3n con otras f\u00f3rmulas reeducativas\u00bb.<\/p>\n<p>&nbsp;<\/p>\n","protected":false},"excerpt":{"rendered":"<div class=\"mh-excerpt\">El PSPV de la Pobla de Vallbona ha denunciado que el ayuntamiento que encabeza la alcaldesa Mari Carmen Contelles, del Partido Popular, \u00abha anulado el cobro de 38.000 euros correspondientes a las multas de tr\u00e1fico <a class=\"mh-excerpt-more\" href=\"https:\/\/www.tucomarca.com\/wordpress\/segunda\/el-psoe-denuncia-que-el-ayuntamiento-de-la-pobla-pp-anula-38-000-euros-en-multas-de-trafico\/\" title=\"El PSOE denuncia que el Ayuntamiento de La Pobla (PP) \u00abanula 38.000 euros en multas de tr\u00e1fico\u00bb\">[+] <\/a><\/div>\n","protected":false},"author":1,"featured_media":26092,"comment_status":"open","ping_status":"open","sticky":false,"template":"","format":"standard","meta":{"footnotes":""},"categories":[46,8,174,142,3],"tags":[],"class_list":{"0":"post-26091","1":"post","2":"type-post","3":"status-publish","4":"format-standard","5":"has-post-thumbnail","7":"category-camp-de-turia","8":"category-la-comarca","9":"category-la-pobla","10":"category-politica-la-comarca","11":"category-seccion"},"_links":{"self":[{"href":"https:\/\/www.tucomarca.com\/wordpress\/segunda\/wp-json\/wp\/v2\/posts\/26091","targetHints":{"allow":["GET"]}}],"collection":[{"href":"https:\/\/www.tucomarca.com\/wordpress\/segunda\/wp-json\/wp\/v2\/posts"}],"about":[{"href":"https:\/\/www.tucomarca.com\/wordpress\/segunda\/wp-json\/wp\/v2\/types\/post"}],"author":[{"embeddable":true,"href":"https:\/\/www.tucomarca.com\/wordpress\/segunda\/wp-json\/wp\/v2\/users\/1"}],"replies":[{"embeddable":true,"href":"https:\/\/www.tucomarca.com\/wordpress\/segunda\/wp-json\/wp\/v2\/comments?post=26091"}],"version-history":[{"count":0,"href":"https:\/\/www.tucomarca.com\/wordpress\/segunda\/wp-json\/wp\/v2\/posts\/26091\/revisions"}],"wp:featuredmedia":[{"embeddable":true,"href":"https:\/\/www.tucomarca.com\/wordpress\/segunda\/wp-json\/wp\/v2\/media\/26092"}],"wp:attachment":[{"href":"https:\/\/www.tucomarca.com\/wordpress\/segunda\/wp-json\/wp\/v2\/media?parent=26091"}],"wp:term":[{"taxonomy":"category","embeddable":true,"href":"https:\/\/www.tucomarca.com\/wordpress\/segunda\/wp-json\/wp\/v2\/categories?post=26091"},{"taxonomy":"post_tag","embeddable":true,"href":"https:\/\/www.tucomarca.com\/wordpress\/segunda\/wp-json\/wp\/v2\/tags?post=26091"}],"curies":[{"name":"wp","href":"https:\/\/api.w.org\/{rel}","templated":true}]}}