{"id":26094,"date":"2014-04-24T22:24:00","date_gmt":"2014-04-24T19:24:00","guid":{"rendered":"http:\/\/www.tucomarca.com\/wordpress\/segunda\/?p=26094"},"modified":"2014-04-24T22:24:00","modified_gmt":"2014-04-24T19:24:00","slug":"la-guardia-civil-libera-a-seis-mujeres-en-requena-victimas-de-explotacion-sexual","status":"publish","type":"post","link":"https:\/\/www.tucomarca.com\/wordpress\/segunda\/la-guardia-civil-libera-a-seis-mujeres-en-requena-victimas-de-explotacion-sexual\/","title":{"rendered":"La Guardia Civil libera a seis mujeres en Requena v\u00edctimas de explotaci\u00f3n sexual"},"content":{"rendered":"<p>Una operaci\u00f3n conjunta de la Polic\u00eda Nacional y de la Guardia Civil ha permitido localizar a seis mujeres v\u00edctimas de explotaci\u00f3n sexual en la localidad valenciana de Requena. Una investigaci\u00f3n en la que tambi\u00e9n se ha arrestado al responsable de la captaci\u00f3n y traslado de las v\u00edctimas desde Ruman\u00eda, el propietario, el encargado y la controladora de las mujeres en uno de los clubes.<\/p>\n<p>Las investigaciones se iniciaron a ra\u00edz de un escrito recibido en la Brigada Central contra la Trata de Seres Humanos de la Polic\u00eda Nacional procedente de la Agregadur\u00eda del Interior de la Embajada de Ruman\u00eda en Espa\u00f1a. Las autoridades rumanas informaban de que un ciudadano rumano podr\u00eda estar dedic\u00e1ndose a captar a mujeres compatriotas en sus lugares de origen con el fin de explotarlas en el ejercicio de la prostituci\u00f3n en Espa\u00f1a. Seg\u00fan la informaci\u00f3n, esta persona podr\u00eda haber captado y trasladado a una v\u00edctima recientemente.<\/p>\n<p>Con estos datos, comenzaron las investigaciones para comprobar los hechos, localizar a otras j\u00f3venes en la misma situaci\u00f3n y detener a sus captores. Los agentes averiguaron que el sospechoso estaba explotando sexualmente a mujeres en un club de alterne en la localidad de Requena, Valencia. Las v\u00edctimas de este club eran constantemente controladas por la hermana del investigado que trabajaba tambi\u00e9n en el local.<\/p>\n<p><strong>Lucro a costa de las v\u00edctimas<\/strong><\/p>\n<p>El propietario del club, un ciudadano de origen espa\u00f1ol, participaba tambi\u00e9n de las ganancias obtenidas con la explotaci\u00f3n de las chicas, ya que no era ajeno a la actividad que se desarrollaba en su local, sino que se lucraba de las mujeres que trabajaban para \u00e9l. Este hombre ten\u00eda algunos colaboradores entre los que repart\u00eda diferentes funciones. De entre ellos, destacaba el encargado y camarero de otro club pr\u00f3ximo, cuyo propietario lo es tambi\u00e9n del piso donde se alojaban las presuntas victimas. A su vez comunicaba detalles de la actividad al propietario del club y trasladaba a las chicas peri\u00f3dicamente a otro club cercano.<\/p>\n<p>La operaci\u00f3n ha culminado con el registro de un domicilio y de los dos clubes de alterne investigados, en los que se ha localizado a las seis v\u00edctimas y se ha detenido a cuatro personas. Las investigaciones han sido desarrolladas por la Brigada Central contra la Trata de Seres Humanos de la Comisar\u00eda general de Extranjer\u00eda y Fronteras, la UCRIF de Valencia, el Grupo de Polic\u00eda Judicial de la Guardia Civil de Requena y del Puesto de la Guardia Civil de Requena y la agregadur\u00eda de Interior de la Embajada de Ruman\u00eda en Espa\u00f1a.<\/p>\n","protected":false},"excerpt":{"rendered":"<div class=\"mh-excerpt\">Una operaci\u00f3n conjunta de la Polic\u00eda Nacional y de la Guardia Civil ha permitido localizar a seis mujeres v\u00edctimas de explotaci\u00f3n sexual en la localidad valenciana de Requena. Una investigaci\u00f3n en la que tambi\u00e9n se <a class=\"mh-excerpt-more\" href=\"https:\/\/www.tucomarca.com\/wordpress\/segunda\/la-guardia-civil-libera-a-seis-mujeres-en-requena-victimas-de-explotacion-sexual\/\" title=\"La Guardia Civil libera a seis mujeres en Requena v\u00edctimas de explotaci\u00f3n sexual\">[+] <\/a><\/div>\n","protected":false},"author":1,"featured_media":0,"comment_status":"open","ping_status":"open","sticky":false,"template":"","format":"standard","meta":{"footnotes":""},"categories":[8,28,27,3,116],"tags":[],"class_list":{"0":"post-26094","1":"post","2":"type-post","3":"status-publish","4":"format-standard","6":"category-la-comarca","7":"category-requena","8":"category-requena-utiel","9":"category-seccion","10":"category-sucesos-la-comarca"},"_links":{"self":[{"href":"https:\/\/www.tucomarca.com\/wordpress\/segunda\/wp-json\/wp\/v2\/posts\/26094","targetHints":{"allow":["GET"]}}],"collection":[{"href":"https:\/\/www.tucomarca.com\/wordpress\/segunda\/wp-json\/wp\/v2\/posts"}],"about":[{"href":"https:\/\/www.tucomarca.com\/wordpress\/segunda\/wp-json\/wp\/v2\/types\/post"}],"author":[{"embeddable":true,"href":"https:\/\/www.tucomarca.com\/wordpress\/segunda\/wp-json\/wp\/v2\/users\/1"}],"replies":[{"embeddable":true,"href":"https:\/\/www.tucomarca.com\/wordpress\/segunda\/wp-json\/wp\/v2\/comments?post=26094"}],"version-history":[{"count":0,"href":"https:\/\/www.tucomarca.com\/wordpress\/segunda\/wp-json\/wp\/v2\/posts\/26094\/revisions"}],"wp:attachment":[{"href":"https:\/\/www.tucomarca.com\/wordpress\/segunda\/wp-json\/wp\/v2\/media?parent=26094"}],"wp:term":[{"taxonomy":"category","embeddable":true,"href":"https:\/\/www.tucomarca.com\/wordpress\/segunda\/wp-json\/wp\/v2\/categories?post=26094"},{"taxonomy":"post_tag","embeddable":true,"href":"https:\/\/www.tucomarca.com\/wordpress\/segunda\/wp-json\/wp\/v2\/tags?post=26094"}],"curies":[{"name":"wp","href":"https:\/\/api.w.org\/{rel}","templated":true}]}}