{"id":26097,"date":"2014-04-24T22:25:13","date_gmt":"2014-04-24T19:25:13","guid":{"rendered":"http:\/\/www.tucomarca.com\/wordpress\/segunda\/?p=26097"},"modified":"2014-04-24T22:25:13","modified_gmt":"2014-04-24T19:25:13","slug":"el-ayuntamiento-de-chiva-abre-dos-oficinas-de-informacion-para-los-afectados-por-el-incendio-en-las-urbanizaciones","status":"publish","type":"post","link":"https:\/\/www.tucomarca.com\/wordpress\/segunda\/el-ayuntamiento-de-chiva-abre-dos-oficinas-de-informacion-para-los-afectados-por-el-incendio-en-las-urbanizaciones\/","title":{"rendered":"El Ayuntamiento de Chiva abre dos oficinas de informaci\u00f3n para los afectados por el incendio en las urbanizaciones"},"content":{"rendered":"<p>El alcalde de Chiva, Jos\u00e9 Manuel Haro, ha informado que el consistorio que \u00e9l preside ha abierto dos oficinas de asesoramiento jur\u00eddico y de atenci\u00f3n al ciudadano desde el jueves en horario de 9 a 14 horas para los vecinos afectados por el incendio que del martes al mi\u00e9rcoles afect\u00f3 a varias urbanizaciones ubicadas tanto en su t\u00e9rmino municipal como en el vecino de Torrente.<\/p>\n<p>El alcalde ha explicado que estas oficinas se han abierto en Calicanto en el puesto sanitario, junto a la farmacia, y en la sede social de Sierra Perenchiza \u00abpara ayudar a solucionar todas las dudas que puedan tener los vecinos de las urbanizaciones afectadas\u00bb y ha destacado que atrav\u00e9s de ellas \u00abse ha habilitado tambi\u00e9n un tel\u00e9fono de atenci\u00f3n ciudadana gratuito: 900 40 20 50\u00bb.<\/p>\n<p>Jos\u00e9 Manuel Haro ha subrayado que \u00abtodos los esfuerzos municipales se centran ahora en la recuperaci\u00f3n de los diferentes servicios para los vecinos afectados, los cuales han estado permanente informados a trav\u00e9s de la p\u00e1gina web del Ayuntamiento\u00bb.<\/p>\n<p>La noche del mi\u00e9rcoles, el servicio de agua potable ya estaba restablecido en San Miguel y se estaba trabajando para reestablecer tambi\u00e9n el servicio en el resto de la urbanizaci\u00f3n. En Sierra Perenchiza el servicio estaba reestablecido en toda la urbanizaci\u00f3n, excepto en la zona de los dep\u00f3sitos donde se reparaba el rebombeo. Y en Entrepinos restaba dar suministro a una peque\u00f1a zona afectada.<\/p>\n<p>Seg\u00fan datos facilitados por el Conseller de Gobernaci\u00f3n, Seraf\u00edn Castellano, el incendio a \u00faltima hora del mi\u00e9rcoles estaba \u00a0estabilizado y sin llama tras arrasar 320 hect\u00e1reas y obligar al desalojo de cerca de 2.900 vecinos. Todo apunta a que el fuego comenz\u00f3 por un rayo latente.<\/p>\n","protected":false},"excerpt":{"rendered":"<div class=\"mh-excerpt\">El alcalde de Chiva, Jos\u00e9 Manuel Haro, ha informado que el consistorio que \u00e9l preside ha abierto dos oficinas de asesoramiento jur\u00eddico y de atenci\u00f3n al ciudadano desde el jueves en horario de 9 a <a class=\"mh-excerpt-more\" href=\"https:\/\/www.tucomarca.com\/wordpress\/segunda\/el-ayuntamiento-de-chiva-abre-dos-oficinas-de-informacion-para-los-afectados-por-el-incendio-en-las-urbanizaciones\/\" title=\"El Ayuntamiento de Chiva abre dos oficinas de informaci\u00f3n para los afectados por el incendio en las urbanizaciones\">[+] <\/a><\/div>\n","protected":false},"author":1,"featured_media":0,"comment_status":"open","ping_status":"open","sticky":false,"template":"","format":"standard","meta":{"footnotes":""},"categories":[16,8,10,3,116],"tags":[],"class_list":{"0":"post-26097","1":"post","2":"type-post","3":"status-publish","4":"format-standard","6":"category-chiva","7":"category-la-comarca","8":"category-la-hoya","9":"category-seccion","10":"category-sucesos-la-comarca"},"_links":{"self":[{"href":"https:\/\/www.tucomarca.com\/wordpress\/segunda\/wp-json\/wp\/v2\/posts\/26097","targetHints":{"allow":["GET"]}}],"collection":[{"href":"https:\/\/www.tucomarca.com\/wordpress\/segunda\/wp-json\/wp\/v2\/posts"}],"about":[{"href":"https:\/\/www.tucomarca.com\/wordpress\/segunda\/wp-json\/wp\/v2\/types\/post"}],"author":[{"embeddable":true,"href":"https:\/\/www.tucomarca.com\/wordpress\/segunda\/wp-json\/wp\/v2\/users\/1"}],"replies":[{"embeddable":true,"href":"https:\/\/www.tucomarca.com\/wordpress\/segunda\/wp-json\/wp\/v2\/comments?post=26097"}],"version-history":[{"count":0,"href":"https:\/\/www.tucomarca.com\/wordpress\/segunda\/wp-json\/wp\/v2\/posts\/26097\/revisions"}],"wp:attachment":[{"href":"https:\/\/www.tucomarca.com\/wordpress\/segunda\/wp-json\/wp\/v2\/media?parent=26097"}],"wp:term":[{"taxonomy":"category","embeddable":true,"href":"https:\/\/www.tucomarca.com\/wordpress\/segunda\/wp-json\/wp\/v2\/categories?post=26097"},{"taxonomy":"post_tag","embeddable":true,"href":"https:\/\/www.tucomarca.com\/wordpress\/segunda\/wp-json\/wp\/v2\/tags?post=26097"}],"curies":[{"name":"wp","href":"https:\/\/api.w.org\/{rel}","templated":true}]}}