{"id":261227,"date":"2025-04-09T08:25:00","date_gmt":"2025-04-09T06:25:00","guid":{"rendered":"https:\/\/www.tucomarca.com\/wordpress\/segunda\/?p=261227"},"modified":"2025-04-09T13:13:24","modified_gmt":"2025-04-09T11:13:24","slug":"el-circuit-ricardo-tormo-celebra-el-inicio-de-la-nascar-europea","status":"publish","type":"post","link":"https:\/\/www.tucomarca.com\/wordpress\/segunda\/el-circuit-ricardo-tormo-celebra-el-inicio-de-la-nascar-europea\/","title":{"rendered":"El Circuit Ricardo Tormo celebra el inicio de la &#8216;NASCAR&#8217; europea"},"content":{"rendered":"\n<h3 class=\"wp-block-heading\">Las carreras de camiones y la Copa &#8216;Racer Confortauto&#8217; completan el programa de carreras.<\/h3>\n\n\n\n<h3 class=\"wp-block-heading\">El avance de las obras de reconstrucci\u00f3n del Circuit permite por primera vez un aforo mayor durante todo el fin de semana.<\/h3>\n\n\n\n<p>El Circuit Ricardo Tormo celebra este fin de semana la duod\u00e9cima edici\u00f3n del Valencia &#8216;Nascar&#8217; Fest, la primera cita del calendario 2025 de la Euro &#8216;Nascar&#8217;.<\/p>\n\n\n\n<p>Las populares carreras americanas celebrar\u00e1n un a\u00f1o m\u00e1s su \u00fanica cita espa\u00f1ola los d\u00edas 12 y 13 de abril en el trazado de Cheste que adem\u00e1s acoger\u00e1 el inicio de la temporada de la Copa &#8216;Racer Confortauto&#8217; y el Campeonato de Espa\u00f1a de Carreras de Camiones con los m\u00e1s pesados del asfalto en competici\u00f3n.<\/p>\n\n\n\n<p>La acci\u00f3n comenzar\u00e1 el viernes con los entrenamientos libres. En la jornada del s\u00e1bado llegar\u00e1n las primeras carreras por la tarde con la prueba de &#8216;Nascar&#8217; Pro a las 14:25 horas y la &#8216;Nascar&#8217; Open a las 17:10 horas y dos carreras de camiones a las 15:30 y a las 18:05 horas.<\/p>\n\n\n\n<p>El domingo se llevar\u00e1n a cabo un total de siete carreras desde las 09:30 con dos pruebas de Camiones, otras dos de &#8216;Nascar&#8217; y tres mangas de la Copa &#8216;Racer Confortauto&#8217;.<\/p>\n\n\n\n<p>Las entradas est\u00e1n disponibles en la p\u00e1gina web del&nbsp;<a href=\"https:\/\/www.circuitricardotormo.com\/\" target=\"_blank\" rel=\"noreferrer noopener\">Circuit&nbsp;<\/a>que con el avance de las obras de reconstrucci\u00f3n del aparcamiento tendr\u00e1 la oportunidad de dar cabida a un n\u00famero mayor de espectadores, aunque se mantienen las restricciones de aforo. Todas las entradas dar\u00e1n acceso a la Tribuna de Boxes y al &#8216;paddock&#8217; y adem\u00e1s los aficionados tendr\u00e1n la oportunidad de visitar la parrilla de salida de una de las carreras de &#8216;Nascar&#8217; cada d\u00eda.<\/p>\n","protected":false},"excerpt":{"rendered":"<div class=\"mh-excerpt\">Las carreras de camiones y la Copa &#8216;Racer Confortauto&#8217; completan el programa de carreras. El avance de las obras de reconstrucci\u00f3n del Circuit permite por primera vez un aforo mayor durante todo el fin de <a class=\"mh-excerpt-more\" href=\"https:\/\/www.tucomarca.com\/wordpress\/segunda\/el-circuit-ricardo-tormo-celebra-el-inicio-de-la-nascar-europea\/\" title=\"El Circuit Ricardo Tormo celebra el inicio de la &#8216;NASCAR&#8217; europea\">[+] <\/a><\/div>\n","protected":false},"author":13,"featured_media":261231,"comment_status":"open","ping_status":"open","sticky":false,"template":"","format":"standard","meta":{"footnotes":""},"categories":[4,83,17,6,8,72,10,3],"tags":[339,2142,5952],"class_list":{"0":"post-261227","1":"post","2":"type-post","3":"status-publish","4":"format-standard","5":"has-post-thumbnail","7":"category-agenda","8":"category-automovilismo","9":"category-cheste","10":"category-deportes","11":"category-la-comarca","12":"category-sin-categorizar","13":"category-la-hoya","14":"category-seccion","15":"tag-cheste-2","16":"tag-la-comunitat","17":"tag-la-hoya-de-bunol-chiva"},"_links":{"self":[{"href":"https:\/\/www.tucomarca.com\/wordpress\/segunda\/wp-json\/wp\/v2\/posts\/261227","targetHints":{"allow":["GET"]}}],"collection":[{"href":"https:\/\/www.tucomarca.com\/wordpress\/segunda\/wp-json\/wp\/v2\/posts"}],"about":[{"href":"https:\/\/www.tucomarca.com\/wordpress\/segunda\/wp-json\/wp\/v2\/types\/post"}],"author":[{"embeddable":true,"href":"https:\/\/www.tucomarca.com\/wordpress\/segunda\/wp-json\/wp\/v2\/users\/13"}],"replies":[{"embeddable":true,"href":"https:\/\/www.tucomarca.com\/wordpress\/segunda\/wp-json\/wp\/v2\/comments?post=261227"}],"version-history":[{"count":0,"href":"https:\/\/www.tucomarca.com\/wordpress\/segunda\/wp-json\/wp\/v2\/posts\/261227\/revisions"}],"wp:featuredmedia":[{"embeddable":true,"href":"https:\/\/www.tucomarca.com\/wordpress\/segunda\/wp-json\/wp\/v2\/media\/261231"}],"wp:attachment":[{"href":"https:\/\/www.tucomarca.com\/wordpress\/segunda\/wp-json\/wp\/v2\/media?parent=261227"}],"wp:term":[{"taxonomy":"category","embeddable":true,"href":"https:\/\/www.tucomarca.com\/wordpress\/segunda\/wp-json\/wp\/v2\/categories?post=261227"},{"taxonomy":"post_tag","embeddable":true,"href":"https:\/\/www.tucomarca.com\/wordpress\/segunda\/wp-json\/wp\/v2\/tags?post=261227"}],"curies":[{"name":"wp","href":"https:\/\/api.w.org\/{rel}","templated":true}]}}